{"id":8039,"date":"2025-09-03T09:57:36","date_gmt":"2025-09-03T06:57:36","guid":{"rendered":"https:\/\/www.uutispeili.fi\/?p=8039"},"modified":"2025-09-03T09:57:36","modified_gmt":"2025-09-03T06:57:36","slug":"milan-jaff-voitiin-karkottaa-suomesta-perussuomalaisten-ajamien-lakimuutoksien-avulla-sanoo-kansanedustaja-antikainen","status":"publish","type":"post","link":"https:\/\/www.uutispeili.fi\/index.php\/2025\/09\/03\/milan-jaff-voitiin-karkottaa-suomesta-perussuomalaisten-ajamien-lakimuutoksien-avulla-sanoo-kansanedustaja-antikainen\/","title":{"rendered":"Milan Jaff voitiin karkottaa Suomesta perussuomalaisten ajamien lakimuutoksien avulla, sanoo kansanedustaja Antikainen"},"content":{"rendered":"<p><strong>Perussuomalaisten kansanedustaja Sanna Antikainen (Perussuomalaiset) ottaa tyytyv\u00e4isen\u00e4 vastaan tiedon, ett\u00e4 Irakin kansalainen ja useisiin vakaviin rikoksiin syyllistynyt Milan Jaff karkotetaan Suomesta. <\/strong><\/p>\n<p><strong>Milan Jaff<\/strong>in toissijainen suojeluasema lakkautetaan, eik\u00e4 h\u00e4nelle my\u00f6nnet\u00e4 uutta m\u00e4\u00e4r\u00e4aikaista tai pysyv\u00e4\u00e4 oleskelulupaa Suomeen. Antikainen painottaa, ett\u00e4 p\u00e4\u00e4t\u00f6s ei olisi ollut mahdollinen ilman perussuomalaisten ajamia lakimuutoksia. Jaff on valittanut p\u00e4\u00e4t\u00f6ksest\u00e4 hallinto-oikeuteen, joka ei ole viel\u00e4 antanut ratkaisua.<\/p>\n<h2>Sek\u00e4 oleskelulupa ett\u00e4 suojeluasema voidaan lakkauttaa rikosperusteisesti<\/h2>\n<blockquote><p>&#8211; Ennen perussuomalaisten tekemi\u00e4 tiukennuksia lains\u00e4\u00e4d\u00e4nt\u00f6\u00f6n, Jaff olisi voinut jatkaa oleskeluaan Suomessa k\u00e4yt\u00e4nn\u00f6ss\u00e4 esteett\u00e4. Nyt esimerkiksi <strong>s\u00e4il\u00f6\u00f6nottoaikaa<\/strong> on pidennetty 12 kuukaudesta 18 kuukauteen ja sek\u00e4 <strong>oleskelulupa<\/strong> ett\u00e4 <strong>suojeluasema<\/strong> voidaan lakkauttaa rikosperusteisesti, Antikainen muistuttaa.<\/p><\/blockquote>\n<p><em>Ilman n\u00e4it\u00e4 perussuomalaisten tekemi\u00e4 muutoksia Jaffin karkotus olisi j\u00e4\u00e4nyt tekem\u00e4tt\u00e4, siit\u00e4kin huolimatta, ett\u00e4 h\u00e4nen katsotaan muodostavan uhan yleiselle j\u00e4rjestykselle ja turvallisuudelle<\/em>, Antikainen jatkaa.<\/p>\n<p>Milan Jaffin kaltaiset rikolliset ovat maksaneet suomalaisille veronmaksajille valtavia summia.<\/p>\n<blockquote><p>&#8211; Tapauksessa korostuu, kuinka rikollinen voi aiheuttaa merkitt\u00e4vi\u00e4 yhteiskunnallisia paineita ja kustannuksia, jos lains\u00e4\u00e4d\u00e4nt\u00f6 ei ole riitt\u00e4v\u00e4.<\/p><\/blockquote>\n<p>Se on karu esimerkki siit\u00e4, millaisia miehi\u00e4 Suomeen on tullut ja millaisia tulijoita olisi jatkossakin luvassa, jos <strong>kansainvaellus<\/strong> Eurooppaan j\u00e4lleen kiihtyy avoimien rajojen politiikan my\u00f6t\u00e4. <strong>Dublin-asetukseen<\/strong> ei ole voitu tai haluttu nojata, joten kansallinen lains\u00e4\u00e4d\u00e4nt\u00f6 on v\u00e4ltt\u00e4m\u00e4t\u00f6n v\u00e4line rajojen turvaamiseksi.<\/p>\n<blockquote><p>&#8211; Suomi ei saa olla rikollisten turvapaikka. Perussuomalaiset on ainoa puolue, joka haluaa aidosti varmistaa, ett\u00e4 rikolliset karkotetaan ja rajat pidet\u00e4\u00e4n kiinni, t\u00e4sment\u00e4\u00e4 kansanedustaja. <img loading=\"lazy\" decoding=\"async\" class=\"alignnone size-full wp-image-144\" src=\"https:\/\/www.uutispeili.fi\/wp-content\/uploads\/2023\/11\/di.gold_.gif\" alt=\"\" width=\"11\" height=\"11\" \/><\/p><\/blockquote>\n<p>(Uutispeili ei ole muokannut artikkelin sis\u00e4lt\u00f6\u00e4.)<\/p>\n","protected":false},"excerpt":{"rendered":"<p>Perussuomalaisten kansanedustaja Sanna Antikainen (Perussuomalaiset) ottaa tyytyv\u00e4isen\u00e4 vastaan tiedon, ett\u00e4 Irakin kansalainen ja useisiin vakaviin rikoksiin syyllistynyt Milan Jaff karkotetaan Suomesta. Milan Jaffin toissijainen suojeluasema lakkautetaan, eik\u00e4 h\u00e4nelle my\u00f6nnet\u00e4 uutta m\u00e4\u00e4r\u00e4aikaista tai pysyv\u00e4\u00e4 oleskelulupaa Suomeen. Antikainen painottaa, ett\u00e4 p\u00e4\u00e4t\u00f6s ei olisi ollut mahdollinen ilman perussuomalaisten ajamia lakimuutoksia. Jaff on valittanut p\u00e4\u00e4t\u00f6ksest\u00e4 hallinto-oikeuteen, joka ei ole [&hellip;]<\/p>\n","protected":false},"author":3,"featured_media":6630,"comment_status":"open","ping_status":"open","sticky":false,"template":"","format":"standard","meta":{"footnotes":""},"categories":[49,95],"tags":[],"_links":{"self":[{"href":"https:\/\/www.uutispeili.fi\/index.php\/wp-json\/wp\/v2\/posts\/8039"}],"collection":[{"href":"https:\/\/www.uutispeili.fi\/index.php\/wp-json\/wp\/v2\/posts"}],"about":[{"href":"https:\/\/www.uutispeili.fi\/index.php\/wp-json\/wp\/v2\/types\/post"}],"author":[{"embeddable":true,"href":"https:\/\/www.uutispeili.fi\/index.php\/wp-json\/wp\/v2\/users\/3"}],"replies":[{"embeddable":true,"href":"https:\/\/www.uutispeili.fi\/index.php\/wp-json\/wp\/v2\/comments?post=8039"}],"version-history":[{"count":1,"href":"https:\/\/www.uutispeili.fi\/index.php\/wp-json\/wp\/v2\/posts\/8039\/revisions"}],"predecessor-version":[{"id":8040,"href":"https:\/\/www.uutispeili.fi\/index.php\/wp-json\/wp\/v2\/posts\/8039\/revisions\/8040"}],"wp:featuredmedia":[{"embeddable":true,"href":"https:\/\/www.uutispeili.fi\/index.php\/wp-json\/wp\/v2\/media\/6630"}],"wp:attachment":[{"href":"https:\/\/www.uutispeili.fi\/index.php\/wp-json\/wp\/v2\/media?parent=8039"}],"wp:term":[{"taxonomy":"category","embeddable":true,"href":"https:\/\/www.uutispeili.fi\/index.php\/wp-json\/wp\/v2\/categories?post=8039"},{"taxonomy":"post_tag","embeddable":true,"href":"https:\/\/www.uutispeili.fi\/index.php\/wp-json\/wp\/v2\/tags?post=8039"}],"curies":[{"name":"wp","href":"https:\/\/api.w.org\/{rel}","templated":true}]}}