{"id":8018,"date":"2025-09-01T15:59:16","date_gmt":"2025-09-01T12:59:16","guid":{"rendered":"https:\/\/www.uutispeili.fi\/?p=8018"},"modified":"2025-09-01T16:01:13","modified_gmt":"2025-09-01T13:01:13","slug":"kannykkakielto-kouluihin","status":"publish","type":"post","link":"https:\/\/www.uutispeili.fi\/index.php\/2025\/09\/01\/kannykkakielto-kouluihin\/","title":{"rendered":"K\u00e4nnykk\u00e4kielto kouluihin"},"content":{"rendered":"<p><strong>\u00a0Perussuomalaiset voittivat, -lasten parhaaksi- kirjoittaa t\u00e4n\u00e4\u00e4n kansanedustaja Sara Sepp\u00e4nen (ps).<\/strong><\/p>\n<p>Syksy on alkanut Suomen kouluissa paremmin kuin moni syksy aikaisemmin. Kouluissa voimaan tullut <strong>k\u00e4nnykk\u00e4kielto<\/strong> on ollut merkitt\u00e4v\u00e4 askel kohti rauhallisempaa ja oppimista tukevaa koulup\u00e4iv\u00e4\u00e4. Kyseess\u00e4 ei ole vain tekninen s\u00e4\u00e4nt\u00f6muutos, vaan lasten ja nuorten hyvinvoinnin puolustaminen ja samalla perussuomalaisten pitk\u00e4aikainen tavoite, joka on nyt toteutunut osana vastuullista koulutuspolitiikkaa.<\/p>\n<blockquote><p>Olen saanut valtavasti palautetta opettajakollegoilta kuinka k\u00e4nnykk\u00e4kielto on rauhoittanut tunteja ja etenkin v\u00e4litunteja koulussa.<\/p><\/blockquote>\n<p>Oppilaat juttelevat ja ovat oikeassa kanssak\u00e4ymisess\u00e4 nyky\u00e4\u00e4n v\u00e4lituntisin. <strong>Rovaniemell\u00e4<\/strong> tein valtuustoaloitteen k\u00e4nnyk\u00f6iden kiert\u00e4misest\u00e4 my\u00f6s v\u00e4lituntisin, ja <strong>Rovaniemen sivistyslautakunta<\/strong> p\u00e4\u00e4tti toukokuussa 2025, ett\u00e4 mobiililaitteiden k\u00e4ytt\u00f6 on kielletty koko koulup\u00e4iv\u00e4n ajan, mukaan lukien oppitunnit, ruokailut ja v\u00e4litunnit, ellei opettaja tai rehtori anna erikseen lupaa.<\/p>\n<p>K\u00e4yt\u00e4nn\u00f6n kokemukset kouluista eri puolilta Suomea puhuvat puolestaan. <strong>Varkaudessa<\/strong> Waltterin koulussa yli 700 oppilasta noudattaa tiukkaa k\u00e4nnykk\u00e4kieltoa koko koulup\u00e4iv\u00e4n ajan. Rehtori <strong>Teemu<\/strong> <strong>Mustonen<\/strong> on kertonut, ett\u00e4 s\u00e4\u00e4nt\u00f6jen rikkomisesta seuraa j\u00e4lki-istunto ja tarvittaessa puhelimen takavarikointi. Vaikka osa oppilaista protestoi, koulu on saanut ty\u00f6rauhan ja keskittymisen selv\u00e4sti paranemaan.<\/p>\n<blockquote><p><strong>Etel\u00e4-Pohjanmaalla<\/strong> rehtorit kertovat, ett\u00e4 nuoret ovat alkaneet jutella kesken\u00e4\u00e4n, katsovat toisiaan silmiin ja puuhaavat v\u00e4litunneilla monipuolisesti. -Ilmi\u00f6, joka oli kadoksissa puhelinten hallitsemassa arjessa.<\/p><\/blockquote>\n<p>Opettajat ovat tyytyv\u00e4isi\u00e4 uudistukseen. <strong>Opetusalan ammattij\u00e4rjest\u00f6n<\/strong> OAJ:n mukaan laki vastaa opettajien toiveita: se antaa heille selke\u00e4t valtuudet hallita digilaitteiden k\u00e4ytt\u00f6\u00e4 ja parantaa opetuksen laatua.<\/p>\n<p><strong>Polvij\u00e4rvell\u00e4<\/strong> k\u00e4nnykk\u00e4kiellon my\u00f6t\u00e4 kiusaaminen on v\u00e4hentynyt, ja ty\u00f6rauha parantunut jo muutamassa kuukaudessa. T\u00e4m\u00e4 osoittaa, ett\u00e4 uudistus ei ole vain hallinnollinen, vaan sill\u00e4 on suora vaikutus lasten arkeen ja turvallisuuteen.<\/p>\n<h2>Seuraava askel: sosiaalisen median kielt\u00e4minen alle 16-vuotiailta<\/h2>\n<p>K\u00e4nnykk\u00e4kiellon rinnalla on aika ottaa seuraava askel lasten ja nuorten digihyvinvoinnin puolustamisessa: sosiaalisen median k\u00e4yt\u00f6n rajoittaminen alle 16-vuotiailta. T\u00e4m\u00e4 ei ole vain suomalainen ajatus, vaan kansainv\u00e4lisesti kasvava suuntaus.<\/p>\n<p><strong>Norja<\/strong> on nostamassa sosiaalisen median ik\u00e4rajaa 13 vuodesta 15 vuoteen. P\u00e4\u00e4ministeri <strong>Jonas Gahr St\u00f8re<\/strong> perustelee uudistusta tarpeella suojella lapsia haitalliselta sis\u00e4ll\u00f6lt\u00e4 ja teknologiaj\u00e4ttien vaikutukselta lasten aivoihin. <strong>Australia<\/strong> on mennyt viel\u00e4 pidemm\u00e4lle ja kielt\u00e4nyt sosiaalisen median k\u00e4yt\u00f6n kokonaan alle 16-vuotiailta.<\/p>\n<p>Laki velvoittaa alustat varmentamaan k\u00e4ytt\u00e4j\u00e4n i\u00e4n aukottomasti, ja rikkomuksista voi seurata jopa 30 miljoonan euron sakko.<\/p>\n<blockquote><p>Sosiaalisen median kielt\u00e4minen ei ole rajoitus, vaan mahdollisuus lapsille kasvaa rauhassa, ilman jatkuvaa altistumista vertailulle, kiusaamiselle ja algoritmien ohjaamalle sis\u00e4ll\u00f6lle. Se antaa tilaa leikeille, keskusteluille ja oikealle vuorovaikutukselle.<\/p><\/blockquote>\n<p><strong>Perussuomalaiset<\/strong> ovat jo vuosia vaatineet k\u00e4nnyk\u00f6iden ja sosiaalisen median rajoittamista kouluissa. Nyt t\u00e4m\u00e4 linja saa yh\u00e4 laajempaa kannatusta. Olen toiminut pitk\u00e4\u00e4n opettajana ja pid\u00e4n uudistusta tervetulleena ja korostan sen merkityst\u00e4 oppimisen, keskittymisen ja koulurauhan kannalta.<\/p>\n<p>Sosiaalisen median rajoittaminen on investointi tulevaisuuteen. Se on askel kohti terveemp\u00e4\u00e4, tasapainoisempaa ja turvallisempaa lapsuutta.<\/p>\n<p>Sara Sepp\u00e4nen<\/p>\n<p>(Uutispeili ei ole muokannut artikkelin sis\u00e4lt\u00f6\u00e4.)<\/p>\n","protected":false},"excerpt":{"rendered":"<p>\u00a0Perussuomalaiset voittivat, -lasten parhaaksi- kirjoittaa t\u00e4n\u00e4\u00e4n kansanedustaja Sara Sepp\u00e4nen (ps). Syksy on alkanut Suomen kouluissa paremmin kuin moni syksy aikaisemmin. Kouluissa voimaan tullut k\u00e4nnykk\u00e4kielto on ollut merkitt\u00e4v\u00e4 askel kohti rauhallisempaa ja oppimista tukevaa koulup\u00e4iv\u00e4\u00e4. Kyseess\u00e4 ei ole vain tekninen s\u00e4\u00e4nt\u00f6muutos, vaan lasten ja nuorten hyvinvoinnin puolustaminen ja samalla perussuomalaisten pitk\u00e4aikainen tavoite, joka on nyt toteutunut [&hellip;]<\/p>\n","protected":false},"author":3,"featured_media":8019,"comment_status":"open","ping_status":"open","sticky":false,"template":"","format":"standard","meta":{"footnotes":""},"categories":[49,42,182],"tags":[],"_links":{"self":[{"href":"https:\/\/www.uutispeili.fi\/index.php\/wp-json\/wp\/v2\/posts\/8018"}],"collection":[{"href":"https:\/\/www.uutispeili.fi\/index.php\/wp-json\/wp\/v2\/posts"}],"about":[{"href":"https:\/\/www.uutispeili.fi\/index.php\/wp-json\/wp\/v2\/types\/post"}],"author":[{"embeddable":true,"href":"https:\/\/www.uutispeili.fi\/index.php\/wp-json\/wp\/v2\/users\/3"}],"replies":[{"embeddable":true,"href":"https:\/\/www.uutispeili.fi\/index.php\/wp-json\/wp\/v2\/comments?post=8018"}],"version-history":[{"count":2,"href":"https:\/\/www.uutispeili.fi\/index.php\/wp-json\/wp\/v2\/posts\/8018\/revisions"}],"predecessor-version":[{"id":8021,"href":"https:\/\/www.uutispeili.fi\/index.php\/wp-json\/wp\/v2\/posts\/8018\/revisions\/8021"}],"wp:featuredmedia":[{"embeddable":true,"href":"https:\/\/www.uutispeili.fi\/index.php\/wp-json\/wp\/v2\/media\/8019"}],"wp:attachment":[{"href":"https:\/\/www.uutispeili.fi\/index.php\/wp-json\/wp\/v2\/media?parent=8018"}],"wp:term":[{"taxonomy":"category","embeddable":true,"href":"https:\/\/www.uutispeili.fi\/index.php\/wp-json\/wp\/v2\/categories?post=8018"},{"taxonomy":"post_tag","embeddable":true,"href":"https:\/\/www.uutispeili.fi\/index.php\/wp-json\/wp\/v2\/tags?post=8018"}],"curies":[{"name":"wp","href":"https:\/\/api.w.org\/{rel}","templated":true}]}}