{"id":7926,"date":"2025-08-26T16:54:59","date_gmt":"2025-08-26T13:54:59","guid":{"rendered":"https:\/\/www.uutispeili.fi\/?p=7926"},"modified":"2025-08-26T16:55:00","modified_gmt":"2025-08-26T13:55:00","slug":"historia-ei-loppunut-suomen-nato-jasenyyteen-sanoi-halla-aho-suurlahettilaspaivilla","status":"publish","type":"post","link":"https:\/\/www.uutispeili.fi\/index.php\/2025\/08\/26\/historia-ei-loppunut-suomen-nato-jasenyyteen-sanoi-halla-aho-suurlahettilaspaivilla\/","title":{"rendered":"&#8217;Historia ei loppunut Suomen Nato-j\u00e4senyyteen&#8217;, sanoi Halla-aho suurl\u00e4hettil\u00e4sp\u00e4ivill\u00e4"},"content":{"rendered":"<p><strong>Eduskunnan puhemies Jussi Halla-aho muistutti UM:n <em>Suurl\u00e4hettil\u00e4sp\u00e4ivill\u00e4<\/em> t\u00e4n\u00e4\u00e4n, ett\u00e4 vaikka Nato ja Yhdysvallat ovat edelleen Suomen turvallisuuden keskeisi\u00e4 elementtej\u00e4, tulee meid\u00e4n jatkossakin seist\u00e4 omalla pohjalla, -osana Eurooppaa.<\/strong><\/p>\n<p>(Arkistokuva, kuval\u00e4hde; Eduskunta.)<\/p>\n<p>Puhemies <strong>Jussi Halla-aho<\/strong> puhui Helsingiss\u00e4 meneill\u00e4\u00e4n olevien suurl\u00e4hettil\u00e4sp\u00e4ivien eduskuntaosuudessa.<\/p>\n<p>\u201d<em>Kun Suomi liittyi <strong>Nato<\/strong>on monivaiheisen ja j\u00e4nnitt\u00e4v\u00e4n mutta lopulta suhteellisen nopean prosessin j\u00e4lkeen huhtikuussa 2023 ja solmimme sen j\u00e4lkeen viel\u00e4 puolustusyhteisty\u00f6sopimus <strong>DCA<\/strong>:n <strong>Yhdysvaltain<\/strong> kanssa, monet tunsivat Suomen olevan vihdoin perill\u00e4<\/em>&#8221;, totesi puhemies..<\/p>\n<blockquote><p>Saatoimme jopa syyllisty\u00e4 hetkeksi sellaiseen 1990-luvun fukuyamamaiseen &#8217;<em>historian loppu<\/em>&#8217; -ajatteluun, ett\u00e4 puolustushuolemme on nyt pysyv\u00e4sti ja lopullisesti ratkaistu. Juhlat loppuivat kuitenkin M\u00fcnchenin turvallisuuskokouksen kohmeloon t\u00e4m\u00e4n vuoden helmikuussa\u201d, Halla-aho totesi.<\/p><\/blockquote>\n<p>\u201d<em>Me Suomessa olemme toki olleet Euroopan etujoukoissa oman puolustuksemme ja puolustusteollisuutemme vahvistamisessa. Vahva maanpuolustustahtomme, sitoutuminen liittolaistemme puolustamiseen ja ns. kokonaisturvallisuuden malli ovat asioita, jotka saavat monet maat ottamaan meist\u00e4 mallia<\/em>\u201d, Halla-aho jatkoi.<\/p>\n<h2>Suomi <strong>Ukraina<\/strong>n suurimpien tukijoiden joukossa<\/h2>\n<p>Puhemies totesi Suomen olleen suhteellisesti <strong>Ukraina<\/strong>n suurimpien tukijoiden joukossa sodan alusta alkaen. H\u00e4n my\u00f6s muistutti, ett\u00e4 sodat ratkaistaan absoluuttisin numeroin, ei suhteellisesti. Siksi suurilta eurooppalaisilta mailta tarvitaan tehokkaampaa, isompaa ja nopeampaa aseapua Ukrainalle.<\/p>\n<p>Halla-aho kiitti l\u00e4hettil\u00e4it\u00e4 n\u00e4iden ty\u00f6st\u00e4 Suomen edustajina maailmalla ja korosti, ett\u00e4 <strong>Ven\u00e4j\u00e4n<\/strong> <strong>hy\u00f6kk\u00e4yssotaa<\/strong> on pidett\u00e4v\u00e4 esill\u00e4 my\u00f6s muiden kuin samanmielisten keskuudessa:<\/p>\n<p>\u201d<em>Oma tavoitteeni on n\u00e4iden maiden n\u00e4kemysten ja perustelujen kuuntelun ja ymm\u00e4rryksen lis\u00e4\u00e4misen lis\u00e4ksi tuoda esiin omat n\u00e4kemyksemme erityisesti Ven\u00e4j\u00e4n laittomasta hy\u00f6kk\u00e4yssodasta Ukrainassa ja siit\u00e4, ett\u00e4 Ven\u00e4j\u00e4n toimien tukeminen tai tuomitsemattomuus ei todellisuudessa ole mink\u00e4\u00e4n muun maan intresseiss\u00e4. Kyse on koko s\u00e4\u00e4nt\u00f6pohjaisesta maailmanj\u00e4rjestyksest\u00e4<\/em>\u201d, puhemies painotti.<\/p>\n<h2>Kansainv\u00e4linen yhteisty\u00f6 n\u00e4kyy eduskuntaty\u00f6ss\u00e4<\/h2>\n<p>Puhemies Halla-aho totesi viime vuosien tapahtumien entisest\u00e4\u00e4n l\u00e4hent\u00e4neen Suomea muiden <strong>Pohjoismaiden<\/strong> kanssa. Eduskunnan kansainv\u00e4lisess\u00e4 ty\u00f6ss\u00e4 pohjoismainen yhteisty\u00f6 n\u00e4kyy tavallista enemm\u00e4n ensi vuonna, kun Suomi toimii <strong>Pohjoismaiden neuvoston<\/strong> puheenjohtajana ja is\u00e4nn\u00f6i syksyn 2026 Pohjoismaisen neuvoston istuntoviikon <strong>Helsingiss\u00e4<\/strong>.<\/p>\n<h2>NATO:n\u00a0parlamentaarinen yleiskokous Helsinkiin v.2027<\/h2>\n<p>Puhemiehen mukaan Nato-j\u00e4senyys on my\u00f6s vahvistanut Suomen roolia Naton <strong>parlamentaarisessa<\/strong> <strong>yleiskokouksessa<\/strong>. Eduskunta is\u00e4nn\u00f6i vuoden 2027 syyskaudella Naton parlamentaarisen yleiskokouksen.<\/p>\n<p>Suurl\u00e4hettil\u00e4sp\u00e4iv\u00e4t ovat ulkoministeri\u00f6n vuosittainen tapahtuma, joka kokoaa Suomen suurl\u00e4hettil\u00e4\u00e4t maailmalta Helsinkiin. Kokouksen eduskuntaosuudessa maanantaina puhuivat Halla-ahon lis\u00e4ksi suuren valiokunnan puheenjohtaja <strong>Saara-Sofia Sir\u00e9n<\/strong> (Kokoomus), puolustusvaliokunnan puheenjohtaja <strong>Heikki<\/strong> <strong>Autto<\/strong> (Kok.) ja ulkoasiainvaliokunnan j\u00e4sen <strong>Pekka Haavisto<\/strong> (Vihre\u00e4t). Keskustelun avasi eduskunnan apulaisp\u00e4\u00e4sihteeri <strong>Mikael Koillinen<\/strong>. <img loading=\"lazy\" decoding=\"async\" class=\"alignnone size-full wp-image-144\" src=\"https:\/\/www.uutispeili.fi\/wp-content\/uploads\/2023\/11\/di.gold_.gif\" alt=\"\" width=\"11\" height=\"11\" \/><\/p>\n<p>(Uutispeili ei ole muokannut artikkelin sis\u00e4lt\u00f6\u00e4.)<\/p>\n","protected":false},"excerpt":{"rendered":"<p>Eduskunnan puhemies Jussi Halla-aho muistutti UM:n Suurl\u00e4hettil\u00e4sp\u00e4ivill\u00e4 t\u00e4n\u00e4\u00e4n, ett\u00e4 vaikka Nato ja Yhdysvallat ovat edelleen Suomen turvallisuuden keskeisi\u00e4 elementtej\u00e4, tulee meid\u00e4n jatkossakin seist\u00e4 omalla pohjalla, -osana Eurooppaa. (Arkistokuva, kuval\u00e4hde; Eduskunta.) Puhemies Jussi Halla-aho puhui Helsingiss\u00e4 meneill\u00e4\u00e4n olevien suurl\u00e4hettil\u00e4sp\u00e4ivien eduskuntaosuudessa. \u201dKun Suomi liittyi Natoon monivaiheisen ja j\u00e4nnitt\u00e4v\u00e4n mutta lopulta suhteellisen nopean prosessin j\u00e4lkeen huhtikuussa 2023 ja [&hellip;]<\/p>\n","protected":false},"author":3,"featured_media":1841,"comment_status":"open","ping_status":"open","sticky":false,"template":"","format":"standard","meta":{"footnotes":""},"categories":[49],"tags":[],"_links":{"self":[{"href":"https:\/\/www.uutispeili.fi\/index.php\/wp-json\/wp\/v2\/posts\/7926"}],"collection":[{"href":"https:\/\/www.uutispeili.fi\/index.php\/wp-json\/wp\/v2\/posts"}],"about":[{"href":"https:\/\/www.uutispeili.fi\/index.php\/wp-json\/wp\/v2\/types\/post"}],"author":[{"embeddable":true,"href":"https:\/\/www.uutispeili.fi\/index.php\/wp-json\/wp\/v2\/users\/3"}],"replies":[{"embeddable":true,"href":"https:\/\/www.uutispeili.fi\/index.php\/wp-json\/wp\/v2\/comments?post=7926"}],"version-history":[{"count":1,"href":"https:\/\/www.uutispeili.fi\/index.php\/wp-json\/wp\/v2\/posts\/7926\/revisions"}],"predecessor-version":[{"id":7927,"href":"https:\/\/www.uutispeili.fi\/index.php\/wp-json\/wp\/v2\/posts\/7926\/revisions\/7927"}],"wp:featuredmedia":[{"embeddable":true,"href":"https:\/\/www.uutispeili.fi\/index.php\/wp-json\/wp\/v2\/media\/1841"}],"wp:attachment":[{"href":"https:\/\/www.uutispeili.fi\/index.php\/wp-json\/wp\/v2\/media?parent=7926"}],"wp:term":[{"taxonomy":"category","embeddable":true,"href":"https:\/\/www.uutispeili.fi\/index.php\/wp-json\/wp\/v2\/categories?post=7926"},{"taxonomy":"post_tag","embeddable":true,"href":"https:\/\/www.uutispeili.fi\/index.php\/wp-json\/wp\/v2\/tags?post=7926"}],"curies":[{"name":"wp","href":"https:\/\/api.w.org\/{rel}","templated":true}]}}