{"id":7924,"date":"2025-08-26T16:33:32","date_gmt":"2025-08-26T13:33:32","guid":{"rendered":"https:\/\/www.uutispeili.fi\/?p=7924"},"modified":"2025-08-26T16:33:32","modified_gmt":"2025-08-26T13:33:32","slug":"itameri-parlamentaarikot-vaativat-varjolaivastoja-kuriin","status":"publish","type":"post","link":"https:\/\/www.uutispeili.fi\/index.php\/2025\/08\/26\/itameri-parlamentaarikot-vaativat-varjolaivastoja-kuriin\/","title":{"rendered":"It\u00e4meri-parlamentaarikot vaativat varjolaivastoja kuriin"},"content":{"rendered":"<p><strong>Suomen It\u00e4meri-valtuuskunnan vaatimukset lujista otteista <em>varjolaivastoja<\/em> vastaan saivat vastakaikua Maarianhaminassa p\u00e4\u00e4ttyneess\u00e4 It\u00e4meri-konferenssissa.<\/strong><\/p>\n<p><strong>It\u00e4meren 34. parlamentaarikkokonferenssi<\/strong> per\u00e4\u00e4nkuuluttaa p\u00e4\u00e4t\u00f6slauselmassaan tiukempaa valvontaa \u00f6ljytankkereille, joilla <strong>Ven\u00e4j\u00e4<\/strong> kiert\u00e4\u00e4 vientipakotteitaan It\u00e4merell\u00e4.<\/p>\n<blockquote><p>\u201dIt\u00e4meri tarvitsee j\u00e4re\u00e4mpi\u00e4, koordinoituja ja oikea-aikaisia toimia torjumaan varjolaivastojen ja pakotteiden kiert\u00e4mist\u00e4. Sanat eiv\u00e4t riit\u00e4, vaan hallitusten on toimittava. Ven\u00e4j\u00e4n varjolaivaston pakotteet on laajennettava lippuvaltioihin sek\u00e4 logistiikkayhti\u00f6ihin. \u00d6ljytuhon uhka on suuri\u201d, Suomen valtuuskunnan j\u00e4sen, kansanedustaja <strong>Pauli Aalto-Set\u00e4l\u00e4<\/strong> (Kokoomus) vaati puheenvuorossaan.<\/p><\/blockquote>\n<p>Aalto-Set\u00e4l\u00e4 piti my\u00f6nteisen\u00e4 <strong>Maarianhaminassa<\/strong> puhuneen tasavallan presidentti <strong>Alexander Stubb<\/strong>in ilmoitusta siit\u00e4, ett\u00e4 It\u00e4meren valtioiden neuvosto on ottanut vastuulleen vedenalaisen infrastruktuurin turvallisuuden.<\/p>\n<h2>Kriittisen infrastruktuurin suojeleminen puhutti<\/h2>\n<p><strong>It\u00e4meren tietoliikenneyhteyksien<\/strong> ja muun yhteiskunnan kriittisen infrastruktuurin suojelemista on pit\u00e4nyt voimakkaasti esill\u00e4 my\u00f6s It\u00e4meri-valtuuskunnan varapuheenjohtaja, kansanedustaja <strong>Mikko Polvinen<\/strong> (Perussuomalaiset).<\/p>\n<p>Maarianhaminassa Polvinen korosti valtioiden yhteisty\u00f6t\u00e4 sabotaasien, kyberhy\u00f6kk\u00e4ysten ja informaatiovaikuttamisen torjumiseksi.<\/p>\n<blockquote><p>\u201dAseemme hybridivaikuttamista vastaan ovat yhteisen uhka-analyysin kehitt\u00e4minen, yhteiskunnan elint\u00e4rkeiden toimintojen kriisinkest\u00e4vyyden parantaminen ja nopeat vastatoimet silloin, kun niit\u00e4 tarvitaan. Lopulta voittaja on se, joka kykenee parhaiten ennustamaan tulevia tapahtumia\u201d, Polvinen p\u00e4\u00e4tti.<\/p><\/blockquote>\n<h2>Pysyv\u00e4n komitean kokous Turussa ensi kev\u00e4\u00e4n\u00e4<\/h2>\n<p>Polvinen ja Aalto-Set\u00e4l\u00e4 kutsuivat my\u00f6s It\u00e4meren parlamentaarikkokonferenssin pysyv\u00e4n komitean vierailemaan <strong>Turussa<\/strong> ja Turun saaristossa ensi kev\u00e4\u00e4n\u00e4.<\/p>\n<p>It\u00e4meri-parlamentaarikot kokoontuvat p\u00e4\u00e4istuntoonsa kerran vuodessa elokuun lopulla. Istuntojen v\u00e4lill\u00e4 ty\u00f6t\u00e4 johtaa pysyv\u00e4 komitea, johon Suomesta kuuluu Mikko Polvinen.<\/p>\n<p>It\u00e4meren parlamentaarikkokonferenssin puheenjohtajuus siirtyi Maarianhaminan konferenssin j\u00e4lkeen Ahvenanmaalta Saksan <strong>Schleswig-Holsteinin<\/strong> liittoparlamentille. Maarianhaminassa p\u00e4\u00e4tettiin perustaa my\u00f6s uusi digiturvallisuusty\u00f6ryhm\u00e4, jonka mandaatti on kaksi vuotta.<\/p>\n<p>It\u00e4meren parlamentaarikkokonferenssi syntyi aikanaan Suomen aloitteesta, ja siihen kuuluu kymmenen kansallista parlamenttia ja seitsem\u00e4n alueellista lains\u00e4\u00e4d\u00e4nt\u00f6elint\u00e4 It\u00e4meren ymp\u00e4rilt\u00e4. Yhteisty\u00f6 <strong>Ven\u00e4j\u00e4n<\/strong> kanssa on ollut j\u00e4iss\u00e4 sen j\u00e4lkeen, kun Ven\u00e4j\u00e4 helmikuussa 2022 hy\u00f6kk\u00e4si Ukrainaan. <img loading=\"lazy\" decoding=\"async\" class=\"alignnone size-full wp-image-144\" src=\"https:\/\/www.uutispeili.fi\/wp-content\/uploads\/2023\/11\/di.gold_.gif\" alt=\"\" width=\"11\" height=\"11\" \/><\/p>\n<p>(Uutispeili ei ole muokannut artikkelin sis\u00e4lt\u00f6\u00e4.)<\/p>\n","protected":false},"excerpt":{"rendered":"<p>Suomen It\u00e4meri-valtuuskunnan vaatimukset lujista otteista varjolaivastoja vastaan saivat vastakaikua Maarianhaminassa p\u00e4\u00e4ttyneess\u00e4 It\u00e4meri-konferenssissa. It\u00e4meren 34. parlamentaarikkokonferenssi per\u00e4\u00e4nkuuluttaa p\u00e4\u00e4t\u00f6slauselmassaan tiukempaa valvontaa \u00f6ljytankkereille, joilla Ven\u00e4j\u00e4 kiert\u00e4\u00e4 vientipakotteitaan It\u00e4merell\u00e4. \u201dIt\u00e4meri tarvitsee j\u00e4re\u00e4mpi\u00e4, koordinoituja ja oikea-aikaisia toimia torjumaan varjolaivastojen ja pakotteiden kiert\u00e4mist\u00e4. Sanat eiv\u00e4t riit\u00e4, vaan hallitusten on toimittava. Ven\u00e4j\u00e4n varjolaivaston pakotteet on laajennettava lippuvaltioihin sek\u00e4 logistiikkayhti\u00f6ihin. \u00d6ljytuhon uhka on [&hellip;]<\/p>\n","protected":false},"author":3,"featured_media":4933,"comment_status":"open","ping_status":"open","sticky":false,"template":"","format":"standard","meta":{"footnotes":""},"categories":[49,57],"tags":[],"_links":{"self":[{"href":"https:\/\/www.uutispeili.fi\/index.php\/wp-json\/wp\/v2\/posts\/7924"}],"collection":[{"href":"https:\/\/www.uutispeili.fi\/index.php\/wp-json\/wp\/v2\/posts"}],"about":[{"href":"https:\/\/www.uutispeili.fi\/index.php\/wp-json\/wp\/v2\/types\/post"}],"author":[{"embeddable":true,"href":"https:\/\/www.uutispeili.fi\/index.php\/wp-json\/wp\/v2\/users\/3"}],"replies":[{"embeddable":true,"href":"https:\/\/www.uutispeili.fi\/index.php\/wp-json\/wp\/v2\/comments?post=7924"}],"version-history":[{"count":1,"href":"https:\/\/www.uutispeili.fi\/index.php\/wp-json\/wp\/v2\/posts\/7924\/revisions"}],"predecessor-version":[{"id":7925,"href":"https:\/\/www.uutispeili.fi\/index.php\/wp-json\/wp\/v2\/posts\/7924\/revisions\/7925"}],"wp:featuredmedia":[{"embeddable":true,"href":"https:\/\/www.uutispeili.fi\/index.php\/wp-json\/wp\/v2\/media\/4933"}],"wp:attachment":[{"href":"https:\/\/www.uutispeili.fi\/index.php\/wp-json\/wp\/v2\/media?parent=7924"}],"wp:term":[{"taxonomy":"category","embeddable":true,"href":"https:\/\/www.uutispeili.fi\/index.php\/wp-json\/wp\/v2\/categories?post=7924"},{"taxonomy":"post_tag","embeddable":true,"href":"https:\/\/www.uutispeili.fi\/index.php\/wp-json\/wp\/v2\/tags?post=7924"}],"curies":[{"name":"wp","href":"https:\/\/api.w.org\/{rel}","templated":true}]}}