{"id":7911,"date":"2025-08-26T15:04:17","date_gmt":"2025-08-26T12:04:17","guid":{"rendered":"https:\/\/www.uutispeili.fi\/?p=7911"},"modified":"2025-08-26T15:04:17","modified_gmt":"2025-08-26T12:04:17","slug":"presidentti-stubb-tanaan-kahden-valtion-ratkaisu-edellyttaa-palestiinan-valtion-lisaksi-myos-israelin-valtion-tunnustamista","status":"publish","type":"post","link":"https:\/\/www.uutispeili.fi\/index.php\/2025\/08\/26\/presidentti-stubb-tanaan-kahden-valtion-ratkaisu-edellyttaa-palestiinan-valtion-lisaksi-myos-israelin-valtion-tunnustamista\/","title":{"rendered":"Presidentti Stubb t\u00e4n\u00e4\u00e4n: &#8217;Kahden valtion ratkaisu edellytt\u00e4\u00e4 Palestiinan valtion lis\u00e4ksi my\u00f6s Israelin valtion tunnustamista&#8217;"},"content":{"rendered":"<p><strong>Tasavallan presidentti Aleksander Stubb avasi Suomen ulkopolitiikan parametreja t\u00e4n\u00e4\u00e4n Ulkoministeri\u00f6n suurl\u00e4hettil\u00e4sp\u00e4ivill\u00e4. Poimimme kokokohdista <em>L\u00e4hi-Id\u00e4n<\/em>.<\/strong><\/p>\n<p>(Kuvaan on k\u00e4ytetty mm. presidentinkanslian aineistoa.)<\/p>\n<p>Presidentti toisti kantansa <strong>Palestiinan valtion<\/strong> diplomaattiseen tunnustamiseen, jota mm. <strong>Ranskan<\/strong> ja <strong>Saudi-Arabian<\/strong> aloitteesta pidetty YK-kokous <strong>New York<\/strong>issa pohjusti:<\/p>\n<blockquote><p>&#8221;L\u00e4hi-id\u00e4ss\u00e4 Suomen tavoitteet ja politiikka ovat muuttumattomat ja selv\u00e4t: me tuemme <strong>kahden valtion<\/strong> <strong>ratkaisua<\/strong> ja pyrimme edesauttamaan sen aikaansaamista. <strong>Israelin<\/strong> toiminta ja yh\u00e4 kurjemmaksi k\u00e4yv\u00e4 tilanne <strong>Gazassa<\/strong> sek\u00e4 <strong>Hamasin<\/strong> vallan jatkuminen ja panttivankien kohtalo ovat saaneet monet kysym\u00e4\u00e4n, mik\u00e4 paras tapa kahden, itsen\u00e4isen, rauhanomaisesti ja turvassa el\u00e4v\u00e4n valtion saavuttamiseksi on.&#8221;<\/p><\/blockquote>\n<p><strong>Kommentti:<\/strong><\/p>\n<p><strong>Kansainliiton<\/strong> brittil\u00e4iseksi dominioksi antaman <em>Palestiinan<\/em> (Turkin alaisen maakunnan) jakaminen juutalais-maahanmuuttajien ja alueen arabiv\u00e4est\u00f6n kesken hyv\u00e4ksyttiin YK:n p\u00e4\u00e4t\u00f6slauselmassa v.1948. Sen j\u00e4lkeen useat p\u00e4\u00e4t\u00f6slauselmat ovat tukeutuneet samaan jako-ajatukseen.<\/p>\n<p><strong>Palestiinaishallituksen<\/strong> (PA) perustaminen Jordanin &#8217;<strong>L\u00e4nsirannalle<\/strong>&#8217;, &#8211;<strong>Ramallah<\/strong>in kaupunkiin- oli osa em. jakosuunnitelman toteuttamista. Kun Israel vet\u00e4ytyi v.2006 vuoden 1968 sodassa miehitt\u00e4m\u00e4st\u00e4\u00e4n Gazasta, alue j\u00e4i PA:n hallinnoitavaksi. Vuoden 20007 sis\u00e4llissotaa muistuttavassa tilanteessa islamistit -terroristij\u00e4rjest\u00f6 <strong>Hamas<\/strong>&#8211; tappoivat kaikki Gazassa olleet PA:n virkailijat, -siis kaappasivat vallan.<\/p>\n<p>Hamas alkoi pommittaa Israelin aluetta s\u00e4\u00e4nn\u00f6llisesti raketeilla, ja <strong>lokakuussa 2023<\/strong> aloitti hy\u00f6kk\u00e4yksen Israeliin, pyrkien houkuttelemaan Israelin puolustusvoimat, <strong>IDF<\/strong>:n, maasotaan Gazan alueelle. Provokaatio onnistui, ja sota jatkuu yh\u00e4, -huolimatta <strong>Yhdysvaltain<\/strong>, <strong>Egyptin<\/strong>, <strong>Qatarin<\/strong>, -nyttemmin my\u00f6s <strong>Turkin<\/strong>, ja <strong>L\u00e4nsi<\/strong>-Euroopan maiden rauhanv\u00e4litysponnisteluista.<\/p>\n<p>Presidentti viittaa puheessaan (26.08.) &#8217;<em>New Yorkin julistukseen<\/em>&#8217;. -em. <strong>Ranskan<\/strong> ja <strong>Saudi-Arabian<\/strong> aloitteesta pidetyn <a href=\"https:\/\/www.uutispeili.fi\/index.php\/2025\/07\/29\/ykn-konferenssi-palestiinan-kysymyksesta-ranskan-ja-saudien-johdolla-yhdysvallat-ja-israel-poissa\/\" target=\"_blank\" rel=\"noopener\">kokouksen asiakirjaan<\/a>. presidentti jatkaa:<\/p>\n<h2>&#8217;<em>Milloin on oikea aika Suomen tunnustaa Palestiinan valtio<\/em>&#8217;<\/h2>\n<blockquote><p>&#8221;Mitk\u00e4 p\u00e4\u00e4t\u00f6kset viev\u00e4t meit\u00e4 l\u00e4hemm\u00e4s tavoitteemme saavuttamista? T\u00e4st\u00e4 emme voi irrottaa sit\u00e4 kysymyst\u00e4, milloin on oikea aika Suomen tunnustaa Palestiinan valtio. Toin oman kantani esiin aiemmin kes\u00e4ll\u00e4.&#8221;<\/p><\/blockquote>\n<p><strong>Kommentti:<\/strong><\/p>\n<p>Presidentin aloitteellisuus Palestiina-asiassa ei tullut otetuksi vastaan t\u00e4ysin my\u00f6nteisesti, -mink\u00e4 syyksi n\u00e4en L\u00e4hi-Id\u00e4n historian huonon tuntemuksen, ja puutteellisen geopoliittisen tilanteen huomioimisen. Presidentti:<\/p>\n<h2>&#8217;<em>Ne valtiot, jotka eiv\u00e4t ole tunnustaneet Israelin valtiota, niin tekev\u00e4t<\/em>&#8217;<\/h2>\n<blockquote><p>&#8221;Kahden valtion ratkaisun toteutuminen edellytt\u00e4\u00e4 Palestiinan valtion tunnustamisen lis\u00e4ksi sit\u00e4, ett\u00e4 ne valtiot, jotka eiv\u00e4t ole tunnustaneet Israelin valtiota, niin tekev\u00e4t.&#8221;<\/p><\/blockquote>\n<p>Siin\u00e4 se tuli sanotuksi. Jatkan sitaattia:<\/p>\n<blockquote><p>&#8221;T\u00e4m\u00e4nkin eteen on ty\u00f6skennelt\u00e4v\u00e4. Positiivinen askel oli hein\u00e4kuussa <strong>New Yorkissa<\/strong> annettu kansainv\u00e4linen julistus, jossa my\u00f6s alueen arabimaat yhdess\u00e4 sitoutuvat ensimm\u00e4ist\u00e4 kertaa Israelin turvallisuuteen ja vaativat Hamasia vapauttamaan kaikki panttivangit, luopumaan vallasta Gazassa sek\u00e4 luovuttamaan aseensa <strong>Palestiinalaishallinnolle<\/strong>.&#8221;<\/p><\/blockquote>\n<h3>Kommentti:<\/h3>\n<p>Saudit ja ranskalaiset olivat saavuttaneet historiallisen l\u00e4pimurron, keskell\u00e4 eskaloituvaa kriisi\u00e4. YK:n aiempien p\u00e4\u00e4t\u00f6slauselmien\u00a0 toteuttamisen, kuten my\u00f6s <strong>Yhdysvaltain<\/strong> 31.05. 2024 esitt\u00e4m\u00e4n kolmivaiheisen rauhansuunnitelman, ns. &#8217;<em>Bidenin suunnitelman<\/em>&#8217;, toteuttamiseen tarvitaan diplomaattisesti vahvan tunnustuksen omaavaa palestiinalaista toimijaa ottamaan Gazan kontrolliinsa Hamasin syrj\u00e4ytt\u00e4misen j\u00e4lkeen.<\/p>\n<p>Presidenttimme, ja ulkoministeri <strong>Elina Valtonen<\/strong>, ovat Gaza-asiassa hyv\u00e4ss\u00e4 seurassa: He ovat poliittisen ja inhimillisen ratkaisun puolella.<\/p>\n<p>Pekka Kemppainen<\/p>\n<p>Luettavaa:<\/p>\n<ul>\n<li class=\"wp-block-post-title\"><a href=\"https:\/\/www.presidentti.fi\/tasavallan-presidentti-alexander-stubbin-puhe-suurlahettilaskokouksessa-26-8-2025\/\" target=\"_blank\" rel=\"noopener\">Tasavallan presidentti Alexander Stubbin puhe suurl\u00e4hettil\u00e4skokouksessa<\/a> 26.8.2025,<\/li>\n<\/ul>\n<p><img loading=\"lazy\" decoding=\"async\" class=\"size-full wp-image-144 aligncenter\" src=\"https:\/\/www.uutispeili.fi\/wp-content\/uploads\/2023\/11\/di.gold_.gif\" alt=\"\" width=\"11\" height=\"11\" \/><\/p>\n<h3>Aiemmin t\u00e4ss\u00e4 julkaisussa:<\/h3>\n<blockquote class=\"wp-embedded-content\" data-secret=\"3wuZh74pcV\"><p><a href=\"https:\/\/www.uutispeili.fi\/index.php\/2025\/07\/29\/ykn-konferenssi-palestiinan-kysymyksesta-ranskan-ja-saudien-johdolla-yhdysvallat-ja-israel-poissa\/\">YK:n konferenssi Palestiinan kysymyksest\u00e4 Ranskan ja saudien johdolla, Yhdysvallat ja Israel poissa<\/a><\/p><\/blockquote>\n<p><iframe class=\"wp-embedded-content\" sandbox=\"allow-scripts\" security=\"restricted\" style=\"position: absolute; clip: rect(1px, 1px, 1px, 1px);\" title=\"&#8221;YK:n konferenssi Palestiinan kysymyksest\u00e4 Ranskan ja saudien johdolla, Yhdysvallat ja Israel poissa&#8221; &#8212; \" src=\"https:\/\/www.uutispeili.fi\/index.php\/2025\/07\/29\/ykn-konferenssi-palestiinan-kysymyksesta-ranskan-ja-saudien-johdolla-yhdysvallat-ja-israel-poissa\/embed\/#?secret=DqjurEvc2S#?secret=3wuZh74pcV\" data-secret=\"3wuZh74pcV\" width=\"600\" height=\"338\" frameborder=\"0\" marginwidth=\"0\" marginheight=\"0\" scrolling=\"no\"><\/iframe><\/p>\n<blockquote class=\"wp-embedded-content\" data-secret=\"HGxG7HjpJx\"><p><a href=\"https:\/\/www.uutispeili.fi\/index.php\/2025\/07\/28\/ovaska-hallituksen-syyta-edeta-palestiinan-tunnustamisessa\/\">Ovaska: Hallituksen syyt\u00e4 edet\u00e4 Palestiinan tunnustamisessa<\/a><\/p><\/blockquote>\n<p><iframe class=\"wp-embedded-content\" sandbox=\"allow-scripts\" security=\"restricted\" style=\"position: absolute; clip: rect(1px, 1px, 1px, 1px);\" title=\"&#8221;Ovaska: Hallituksen syyt\u00e4 edet\u00e4 Palestiinan tunnustamisessa&#8221; &#8212; \" src=\"https:\/\/www.uutispeili.fi\/index.php\/2025\/07\/28\/ovaska-hallituksen-syyta-edeta-palestiinan-tunnustamisessa\/embed\/#?secret=xbXlcoV0MI#?secret=HGxG7HjpJx\" data-secret=\"HGxG7HjpJx\" width=\"600\" height=\"338\" frameborder=\"0\" marginwidth=\"0\" marginheight=\"0\" scrolling=\"no\"><\/iframe><\/p>\n<blockquote class=\"wp-embedded-content\" data-secret=\"uFjgl3PFLb\"><p><a href=\"https:\/\/www.uutispeili.fi\/index.php\/2025\/08\/24\/israelin-entinen-puolustusministeri-vaati-lauantaina-poliittista-ratkaisua-gazaan\/\">Israelin entinen puolustusministeri vaati lauantaina poliittista ratkaisua Gazaan<\/a><\/p><\/blockquote>\n<p><iframe class=\"wp-embedded-content\" sandbox=\"allow-scripts\" security=\"restricted\" style=\"position: absolute; clip: rect(1px, 1px, 1px, 1px);\" title=\"&#8221;Israelin entinen puolustusministeri vaati lauantaina poliittista ratkaisua Gazaan&#8221; &#8212; \" src=\"https:\/\/www.uutispeili.fi\/index.php\/2025\/08\/24\/israelin-entinen-puolustusministeri-vaati-lauantaina-poliittista-ratkaisua-gazaan\/embed\/#?secret=TTaXld1RNq#?secret=uFjgl3PFLb\" data-secret=\"uFjgl3PFLb\" width=\"600\" height=\"338\" frameborder=\"0\" marginwidth=\"0\" marginheight=\"0\" scrolling=\"no\"><\/iframe><\/p>\n<blockquote class=\"wp-embedded-content\" data-secret=\"kDABXCCMFH\"><p><a href=\"https:\/\/www.uutispeili.fi\/index.php\/2025\/08\/22\/suuri-valiokunta-ja-ulkoministeri-keskustelivat-ukrainasta-ja-gazasta\/\">Suuri valiokunta ja ulkoministeri keskustelivat Ukrainasta ja Gazasta<\/a><\/p><\/blockquote>\n<p><iframe class=\"wp-embedded-content\" sandbox=\"allow-scripts\" security=\"restricted\" style=\"position: absolute; clip: rect(1px, 1px, 1px, 1px);\" title=\"&#8221;Suuri valiokunta ja ulkoministeri keskustelivat Ukrainasta ja Gazasta&#8221; &#8212; \" src=\"https:\/\/www.uutispeili.fi\/index.php\/2025\/08\/22\/suuri-valiokunta-ja-ulkoministeri-keskustelivat-ukrainasta-ja-gazasta\/embed\/#?secret=rdMDrFsiI1#?secret=kDABXCCMFH\" data-secret=\"kDABXCCMFH\" width=\"600\" height=\"338\" frameborder=\"0\" marginwidth=\"0\" marginheight=\"0\" scrolling=\"no\"><\/iframe><\/p>\n<blockquote class=\"wp-embedded-content\" data-secret=\"wKNR4sUyiz\"><p><a href=\"https:\/\/www.uutispeili.fi\/index.php\/2025\/08\/19\/stubbille-hatunnosto\/\">Stubbille hatunnosto<\/a><\/p><\/blockquote>\n<p><iframe class=\"wp-embedded-content\" sandbox=\"allow-scripts\" security=\"restricted\" style=\"position: absolute; clip: rect(1px, 1px, 1px, 1px);\" title=\"&#8221;Stubbille hatunnosto&#8221; &#8212; \" src=\"https:\/\/www.uutispeili.fi\/index.php\/2025\/08\/19\/stubbille-hatunnosto\/embed\/#?secret=TjA21iWxDw#?secret=wKNR4sUyiz\" data-secret=\"wKNR4sUyiz\" width=\"600\" height=\"338\" frameborder=\"0\" marginwidth=\"0\" marginheight=\"0\" scrolling=\"no\"><\/iframe><\/p>\n<blockquote class=\"wp-embedded-content\" data-secret=\"sUMHrxZBAB\"><p><a href=\"https:\/\/www.uutispeili.fi\/index.php\/2025\/08\/15\/vasemmistoliiton-mai-kivela-suuren-valiokunnan-on-vaadittava-hallitukselta-todellisia-toimia-gazan-kansanmurhan-lopettamiseksi\/\">Vasemmistoliiton Mai Kivel\u00e4: Suuren valiokunnan on vaadittava hallitukselta todellisia toimia Gazan kansanmurhan lopettamiseksi<\/a><\/p><\/blockquote>\n<p><iframe class=\"wp-embedded-content\" sandbox=\"allow-scripts\" security=\"restricted\" style=\"position: absolute; clip: rect(1px, 1px, 1px, 1px);\" title=\"&#8221;Vasemmistoliiton Mai Kivel\u00e4: Suuren valiokunnan on vaadittava hallitukselta todellisia toimia Gazan kansanmurhan lopettamiseksi&#8221; &#8212; \" src=\"https:\/\/www.uutispeili.fi\/index.php\/2025\/08\/15\/vasemmistoliiton-mai-kivela-suuren-valiokunnan-on-vaadittava-hallitukselta-todellisia-toimia-gazan-kansanmurhan-lopettamiseksi\/embed\/#?secret=7TimnyjwLM#?secret=sUMHrxZBAB\" data-secret=\"sUMHrxZBAB\" width=\"600\" height=\"338\" frameborder=\"0\" marginwidth=\"0\" marginheight=\"0\" scrolling=\"no\"><\/iframe><\/p>\n<blockquote class=\"wp-embedded-content\" data-secret=\"vAD29RxZmk\"><p><a href=\"https:\/\/www.uutispeili.fi\/index.php\/2025\/08\/01\/diplomaattisesti-tunnustettu-palestiinan-valtio-tulee-olemaan-tarpeellinen-gazan-rauhoittamisessa-stubb-ja-valtonen-oikealla-asialla\/\">Diplomaattisesti tunnustettu Palestiinan valtio tulee olemaan tarpeellinen Gazan rauhoittamisessa: Stubb ja Valtonen oikealla asialla<\/a><\/p><\/blockquote>\n<p><iframe class=\"wp-embedded-content\" sandbox=\"allow-scripts\" security=\"restricted\" style=\"position: absolute; clip: rect(1px, 1px, 1px, 1px);\" title=\"&#8221;Diplomaattisesti tunnustettu Palestiinan valtio tulee olemaan tarpeellinen Gazan rauhoittamisessa: Stubb ja Valtonen oikealla asialla&#8221; &#8212; \" src=\"https:\/\/www.uutispeili.fi\/index.php\/2025\/08\/01\/diplomaattisesti-tunnustettu-palestiinan-valtio-tulee-olemaan-tarpeellinen-gazan-rauhoittamisessa-stubb-ja-valtonen-oikealla-asialla\/embed\/#?secret=3SOlrZ6pgO#?secret=vAD29RxZmk\" data-secret=\"vAD29RxZmk\" width=\"600\" height=\"338\" frameborder=\"0\" marginwidth=\"0\" marginheight=\"0\" scrolling=\"no\"><\/iframe><\/p>\n<blockquote class=\"wp-embedded-content\" data-secret=\"gsrGMAeYOt\"><p><a href=\"https:\/\/www.uutispeili.fi\/index.php\/2025\/08\/11\/saudit-tyytyvaisia-australian-paatokseen-tunnustaa-palestiinalaishallitus\/\">Saudit tyytyv\u00e4isi\u00e4 Australian p\u00e4\u00e4t\u00f6kseen tunnustaa palestiinalaishallitus<\/a><\/p><\/blockquote>\n<p><iframe class=\"wp-embedded-content\" sandbox=\"allow-scripts\" security=\"restricted\" style=\"position: absolute; clip: rect(1px, 1px, 1px, 1px);\" title=\"&#8221;Saudit tyytyv\u00e4isi\u00e4 Australian p\u00e4\u00e4t\u00f6kseen tunnustaa palestiinalaishallitus&#8221; &#8212; \" src=\"https:\/\/www.uutispeili.fi\/index.php\/2025\/08\/11\/saudit-tyytyvaisia-australian-paatokseen-tunnustaa-palestiinalaishallitus\/embed\/#?secret=tfqvfEMxWN#?secret=gsrGMAeYOt\" data-secret=\"gsrGMAeYOt\" width=\"600\" height=\"338\" frameborder=\"0\" marginwidth=\"0\" marginheight=\"0\" scrolling=\"no\"><\/iframe><\/p>\n<blockquote class=\"wp-embedded-content\" data-secret=\"JmVp30h5mA\"><p><a href=\"https:\/\/www.uutispeili.fi\/index.php\/2025\/08\/07\/jussi-halla-aho-palauttaa-palestiinan-tunnustamis-keskustelun-realismiin\/\">Jussi Halla-aho palauttaa Palestiinan tunnustamis-keskustelun realismiin<\/a><\/p><\/blockquote>\n<p><iframe class=\"wp-embedded-content\" sandbox=\"allow-scripts\" security=\"restricted\" style=\"position: absolute; clip: rect(1px, 1px, 1px, 1px);\" title=\"&#8221;Jussi Halla-aho palauttaa Palestiinan tunnustamis-keskustelun realismiin&#8221; &#8212; \" src=\"https:\/\/www.uutispeili.fi\/index.php\/2025\/08\/07\/jussi-halla-aho-palauttaa-palestiinan-tunnustamis-keskustelun-realismiin\/embed\/#?secret=Ltrv2LpuKw#?secret=JmVp30h5mA\" data-secret=\"JmVp30h5mA\" width=\"600\" height=\"338\" frameborder=\"0\" marginwidth=\"0\" marginheight=\"0\" scrolling=\"no\"><\/iframe><\/p>\n<blockquote class=\"wp-embedded-content\" data-secret=\"4gXI5ourMX\"><p><a href=\"https:\/\/www.uutispeili.fi\/index.php\/2025\/08\/04\/palestiinan-tunnustaminen-nyt-olisi-vaarallinen-virhe-hamasin-valta-kasvaa-kansan-tuella-sanoo-kansanedustaja-antikainen\/\">Palestiinan tunnustaminen nyt olisi vaarallinen virhe &#8211; Hamasin valta kasvaa kansan tuella, sanoo kansanedustaja Antikainen<\/a><\/p><\/blockquote>\n<p><iframe class=\"wp-embedded-content\" sandbox=\"allow-scripts\" security=\"restricted\" style=\"position: absolute; clip: rect(1px, 1px, 1px, 1px);\" title=\"&#8221;Palestiinan tunnustaminen nyt olisi vaarallinen virhe &#8211; Hamasin valta kasvaa kansan tuella, sanoo kansanedustaja Antikainen&#8221; &#8212; \" src=\"https:\/\/www.uutispeili.fi\/index.php\/2025\/08\/04\/palestiinan-tunnustaminen-nyt-olisi-vaarallinen-virhe-hamasin-valta-kasvaa-kansan-tuella-sanoo-kansanedustaja-antikainen\/embed\/#?secret=YtHlgHy9lk#?secret=4gXI5ourMX\" data-secret=\"4gXI5ourMX\" width=\"600\" height=\"338\" frameborder=\"0\" marginwidth=\"0\" marginheight=\"0\" scrolling=\"no\"><\/iframe><\/p>\n<blockquote class=\"wp-embedded-content\" data-secret=\"A2GfLFpJAv\"><p><a href=\"https:\/\/www.uutispeili.fi\/index.php\/2025\/08\/02\/kdn-puoluehallitus-gazan-siviilien-apu-varmistettava-palestiinan-tunnustamiseen-ei-edellytyksia\/\">KD:n puoluehallitus: Gazan siviilien apu varmistettava, Palestiinan tunnustamiseen ei edellytyksi\u00e4<\/a><\/p><\/blockquote>\n<p><iframe class=\"wp-embedded-content\" sandbox=\"allow-scripts\" security=\"restricted\" style=\"position: absolute; clip: rect(1px, 1px, 1px, 1px);\" title=\"&#8221;KD:n puoluehallitus: Gazan siviilien apu varmistettava, Palestiinan tunnustamiseen ei edellytyksi\u00e4&#8221; &#8212; \" src=\"https:\/\/www.uutispeili.fi\/index.php\/2025\/08\/02\/kdn-puoluehallitus-gazan-siviilien-apu-varmistettava-palestiinan-tunnustamiseen-ei-edellytyksia\/embed\/#?secret=mVELLz8av4#?secret=A2GfLFpJAv\" data-secret=\"A2GfLFpJAv\" width=\"600\" height=\"338\" frameborder=\"0\" marginwidth=\"0\" marginheight=\"0\" scrolling=\"no\"><\/iframe><\/p>\n","protected":false},"excerpt":{"rendered":"<p>Tasavallan presidentti Aleksander Stubb avasi Suomen ulkopolitiikan parametreja t\u00e4n\u00e4\u00e4n Ulkoministeri\u00f6n suurl\u00e4hettil\u00e4sp\u00e4ivill\u00e4. Poimimme kokokohdista L\u00e4hi-Id\u00e4n. (Kuvaan on k\u00e4ytetty mm. presidentinkanslian aineistoa.) Presidentti toisti kantansa Palestiinan valtion diplomaattiseen tunnustamiseen, jota mm. Ranskan ja Saudi-Arabian aloitteesta pidetty YK-kokous New Yorkissa pohjusti: &#8221;L\u00e4hi-id\u00e4ss\u00e4 Suomen tavoitteet ja politiikka ovat muuttumattomat ja selv\u00e4t: me tuemme kahden valtion ratkaisua ja pyrimme edesauttamaan [&hellip;]<\/p>\n","protected":false},"author":3,"featured_media":7914,"comment_status":"open","ping_status":"open","sticky":false,"template":"","format":"standard","meta":{"footnotes":""},"categories":[99],"tags":[],"_links":{"self":[{"href":"https:\/\/www.uutispeili.fi\/index.php\/wp-json\/wp\/v2\/posts\/7911"}],"collection":[{"href":"https:\/\/www.uutispeili.fi\/index.php\/wp-json\/wp\/v2\/posts"}],"about":[{"href":"https:\/\/www.uutispeili.fi\/index.php\/wp-json\/wp\/v2\/types\/post"}],"author":[{"embeddable":true,"href":"https:\/\/www.uutispeili.fi\/index.php\/wp-json\/wp\/v2\/users\/3"}],"replies":[{"embeddable":true,"href":"https:\/\/www.uutispeili.fi\/index.php\/wp-json\/wp\/v2\/comments?post=7911"}],"version-history":[{"count":3,"href":"https:\/\/www.uutispeili.fi\/index.php\/wp-json\/wp\/v2\/posts\/7911\/revisions"}],"predecessor-version":[{"id":7917,"href":"https:\/\/www.uutispeili.fi\/index.php\/wp-json\/wp\/v2\/posts\/7911\/revisions\/7917"}],"wp:featuredmedia":[{"embeddable":true,"href":"https:\/\/www.uutispeili.fi\/index.php\/wp-json\/wp\/v2\/media\/7914"}],"wp:attachment":[{"href":"https:\/\/www.uutispeili.fi\/index.php\/wp-json\/wp\/v2\/media?parent=7911"}],"wp:term":[{"taxonomy":"category","embeddable":true,"href":"https:\/\/www.uutispeili.fi\/index.php\/wp-json\/wp\/v2\/categories?post=7911"},{"taxonomy":"post_tag","embeddable":true,"href":"https:\/\/www.uutispeili.fi\/index.php\/wp-json\/wp\/v2\/tags?post=7911"}],"curies":[{"name":"wp","href":"https:\/\/api.w.org\/{rel}","templated":true}]}}