{"id":7902,"date":"2025-08-25T18:54:00","date_gmt":"2025-08-25T15:54:00","guid":{"rendered":"https:\/\/www.uutispeili.fi\/?p=7902"},"modified":"2025-08-25T18:54:00","modified_gmt":"2025-08-25T15:54:00","slug":"ihminen-ei-ole-kertakayttohyodyke","status":"publish","type":"post","link":"https:\/\/www.uutispeili.fi\/index.php\/2025\/08\/25\/ihminen-ei-ole-kertakayttohyodyke\/","title":{"rendered":"Ihminen ei ole kertak\u00e4ytt\u00f6hy\u00f6dyke"},"content":{"rendered":"<p><strong>Hallituksen budjettis\u00e4\u00e4st\u00f6ist\u00e4 on mediassa, somessa -ja t\u00e4\u00e4ll\u00e4kin- keskusteltu kriittisesti. -Siisp\u00e4 min\u00e4kin:<\/strong><\/p>\n<p>&#8221;<strong>Hyvinvointivaltio<\/strong>&#8221;, -siis perustoimeentuloedellytysten, er\u00e4iden palvelujen ja mm. koulutuksen takaaminen kaikille yhteisin varoin- on itseasiassa kustannusten kannalta edullisin tapa suhtautua yhteiskunnan yll\u00e4pit\u00e4miseen ja kehitt\u00e4miseen, ja sis\u00e4isten ristiriitojen hallintaan.<\/p>\n<p>Toki, muutakin on ehdotettu ja kokeiltu. Jos vilkaisemme maailmankarttaan, ja etsimme taloudellisesti kehnoimpia valtioita, huomaamme ett\u00e4 v\u00e4linpit\u00e4m\u00e4tt\u00f6mimmin kansalaisten hyvinvointiin suhtautuvat ja ep\u00e4tasa-arvoisimmat valtiot ovat siin\u00e4 joukossa; Ty\u00f6n tuottavuus ei optimoidu jos huomio kiinnitet\u00e4\u00e4n palkkojen minimoiseen. Tuottavuus, kuten paljonpuhuttu <strong><em>kilpailukyky<\/em><\/strong> tulee kattavasta koulutuksesta -kukin niin pitk\u00e4lle kuin p\u00e4\u00e4 kest\u00e4\u00e4- ja kattavasta terveydenhoidosta, jossa ei tarkisteta luottotietoja jo ennen kuin senkka mitataan.<\/p>\n<p>Suomen kilpailuvaltteja ovat olleet osaava ja koulutettu ty\u00f6voima, vakaa yhteiskuntarauha, ja suhteellisen rauhalliset ty\u00f6markkinat. -Kotimainen kulutuskysynt\u00e4 on my\u00f6s plussaa.<\/p>\n<p>Luetteloon tulee lis\u00e4t\u00e4 my\u00f6s perhe-instituution vahvuus: T\u00e4ysp\u00e4isi\u00e4 tulevia kansalaisia kasvaa hyvinvoivissa perheiss\u00e4. <strong>Sari N\u00e4re<\/strong> kirjoitti t\u00e4n\u00e4\u00e4n somessa:<\/p>\n<blockquote><p><strong>&#8221;Haittahallitus<\/strong> on jo lis\u00e4\u00e4m\u00e4ll\u00e4\u00e4n <strong>lapsiperhek\u00f6yhyydell\u00e4<\/strong> aiheuttanut peruuttamatonta tuhoa stressitt\u00e4m\u00e4ll\u00e4 v\u00e4h\u00e4varaisten perheiden vanhempia. Vanhempien kokema stressi on heid\u00e4n lapsilleen aivoterveyshaitta, mik\u00e4 heikent\u00e4\u00e4 lasten hyvinvointia ja on heille suuri terveysriski loppuel\u00e4m\u00e4n. Terveyskustannukset helposti ohittavat nyt tehdyt &#8221;s\u00e4\u00e4st\u00f6t&#8221;.&#8221;<\/p><\/blockquote>\n<p>Niin mist\u00e4 saadaan tulevaisuuden osaajat, jos heid\u00e4t traumatisoidaan jo lapsina? Sopeutetaan yhteiskuntaan, jossa menestyj\u00e4t on valittu jo etuk\u00e4teen, eik\u00e4 muiden kannata yritt\u00e4\u00e4, n\u00e4hd\u00e4 vaivaa. -Jossa huono-osaisuus periytyy, yhteiskunta polarisoituu, eriarvoisuus kasvaa, -ja sit\u00e4 mukaa yhteiskuntarauha taantuu kehitysmaiden tasolle?<\/p>\n<p>J\u00e4t\u00e4mmek\u00f6 huono-onniset yksil\u00f6t taaksemme, kriisiytym\u00e4\u00e4n ja kenties urautumaan ep\u00e4sosiaaliseen el\u00e4m\u00e4ntapaan? -Ja syytt\u00e4m\u00e4\u00e4n siit\u00e4 kaikesta meit\u00e4.<\/p>\n<p>Kuten edell\u00e4 jo kirjoitin, kollektiivinen hyvinvointivastuu -valtion kautta toteutettuna- on se kustannusedullisin tapa. Lyhytn\u00e4k\u00f6inen &#8221;<em>s\u00e4\u00e4st\u00e4minen<\/em>&#8221; tuo kumulatiivisia kustannuksia tulevaisuudessa, -ehk\u00e4 jo seuraavan kulman takana.<\/p>\n<p>Pekka Kemppainen<\/p>\n<p><img loading=\"lazy\" decoding=\"async\" class=\"size-full wp-image-144 aligncenter\" src=\"https:\/\/www.uutispeili.fi\/wp-content\/uploads\/2023\/11\/di.gold_.gif\" alt=\"\" width=\"11\" height=\"11\" \/><\/p>\n<blockquote class=\"wp-embedded-content\" data-secret=\"9vFAC3VcFX\"><p><a href=\"https:\/\/www.uutispeili.fi\/index.php\/2025\/04\/10\/orpo-ei-suostunut-kyselytunnilla-kertomaan-mista-hallitus-seuraavaksi-leikkaa\/\">Orpo ei suostunut kyselytunnilla kertomaan, mist\u00e4 hallitus seuraavaksi leikkaa<\/a><\/p><\/blockquote>\n<p><iframe class=\"wp-embedded-content\" sandbox=\"allow-scripts\" security=\"restricted\" style=\"position: absolute; clip: rect(1px, 1px, 1px, 1px);\" title=\"&#8221;Orpo ei suostunut kyselytunnilla kertomaan, mist\u00e4 hallitus seuraavaksi leikkaa&#8221; &#8212; \" src=\"https:\/\/www.uutispeili.fi\/index.php\/2025\/04\/10\/orpo-ei-suostunut-kyselytunnilla-kertomaan-mista-hallitus-seuraavaksi-leikkaa\/embed\/#?secret=zGEo2QIApe#?secret=9vFAC3VcFX\" data-secret=\"9vFAC3VcFX\" width=\"600\" height=\"338\" frameborder=\"0\" marginwidth=\"0\" marginheight=\"0\" scrolling=\"no\"><\/iframe><\/p>\n<blockquote class=\"wp-embedded-content\" data-secret=\"9ycOwCXZUS\"><p><a href=\"https:\/\/www.uutispeili.fi\/index.php\/2025\/08\/25\/kun-orpon-hallituskausi-loppuu-onko-hyvinvointivaltiosta-enaa-mitaan-jaljella-kysyy-kansanedustaja-hanna-holopainen\/\">Kun Orpon hallituskausi loppuu, onko hyvinvointivaltiosta en\u00e4\u00e4 mit\u00e4\u00e4n j\u00e4ljell\u00e4? -Kysyy kansanedustaja Hanna Holopainen<\/a><\/p><\/blockquote>\n<p><iframe class=\"wp-embedded-content\" sandbox=\"allow-scripts\" security=\"restricted\" style=\"position: absolute; clip: rect(1px, 1px, 1px, 1px);\" title=\"&#8221;Kun Orpon hallituskausi loppuu, onko hyvinvointivaltiosta en\u00e4\u00e4 mit\u00e4\u00e4n j\u00e4ljell\u00e4? -Kysyy kansanedustaja Hanna Holopainen&#8221; &#8212; \" src=\"https:\/\/www.uutispeili.fi\/index.php\/2025\/08\/25\/kun-orpon-hallituskausi-loppuu-onko-hyvinvointivaltiosta-enaa-mitaan-jaljella-kysyy-kansanedustaja-hanna-holopainen\/embed\/#?secret=jSoHfv5xA2#?secret=9ycOwCXZUS\" data-secret=\"9ycOwCXZUS\" width=\"600\" height=\"338\" frameborder=\"0\" marginwidth=\"0\" marginheight=\"0\" scrolling=\"no\"><\/iframe><\/p>\n<blockquote class=\"wp-embedded-content\" data-secret=\"vRBfDmpfrv\"><p><a href=\"https:\/\/www.uutispeili.fi\/index.php\/2025\/08\/25\/hallitus-sysaa-tuhansia-uusia-lapsia-koyhyyteen-sanoo-kansanedustaja-timo-furuholm\/\">Hallitus sys\u00e4\u00e4 tuhansia uusia lapsia k\u00f6yhyyteen, -sanoo kansanedustaja Timo Furuholm<\/a><\/p><\/blockquote>\n<p><iframe class=\"wp-embedded-content\" sandbox=\"allow-scripts\" security=\"restricted\" style=\"position: absolute; clip: rect(1px, 1px, 1px, 1px);\" title=\"&#8221;Hallitus sys\u00e4\u00e4 tuhansia uusia lapsia k\u00f6yhyyteen, -sanoo kansanedustaja Timo Furuholm&#8221; &#8212; \" src=\"https:\/\/www.uutispeili.fi\/index.php\/2025\/08\/25\/hallitus-sysaa-tuhansia-uusia-lapsia-koyhyyteen-sanoo-kansanedustaja-timo-furuholm\/embed\/#?secret=eed0UdCX33#?secret=vRBfDmpfrv\" data-secret=\"vRBfDmpfrv\" width=\"600\" height=\"338\" frameborder=\"0\" marginwidth=\"0\" marginheight=\"0\" scrolling=\"no\"><\/iframe><\/p>\n<blockquote class=\"wp-embedded-content\" data-secret=\"E5vI0iRSnJ\"><p><a href=\"https:\/\/www.uutispeili.fi\/index.php\/2025\/08\/25\/vaikeaa-on-mutta-me-selviamme-jos-tosissamme-tahdomme\/\">Vaikeaa on, mutta me selvi\u00e4mme jos tosissamme tahdomme<\/a><\/p><\/blockquote>\n<p><iframe class=\"wp-embedded-content\" sandbox=\"allow-scripts\" security=\"restricted\" style=\"position: absolute; clip: rect(1px, 1px, 1px, 1px);\" title=\"&#8221;Vaikeaa on, mutta me selvi\u00e4mme jos tosissamme tahdomme&#8221; &#8212; \" src=\"https:\/\/www.uutispeili.fi\/index.php\/2025\/08\/25\/vaikeaa-on-mutta-me-selviamme-jos-tosissamme-tahdomme\/embed\/#?secret=M7BwZ2ASgI#?secret=E5vI0iRSnJ\" data-secret=\"E5vI0iRSnJ\" width=\"600\" height=\"338\" frameborder=\"0\" marginwidth=\"0\" marginheight=\"0\" scrolling=\"no\"><\/iframe><\/p>\n<blockquote class=\"wp-embedded-content\" data-secret=\"H3YHCbk3J2\"><p><a href=\"https:\/\/www.uutispeili.fi\/index.php\/2025\/08\/04\/julkinen-rahoituspohja-vanhusten-hoidolle-murenee-hyvinvointivaltion-loppu-lahenee\/\">Julkinen rahoituspohja vanhusten hoidolle murenee, -hyvinvointivaltion loppu l\u00e4henee?<\/a><\/p><\/blockquote>\n<p><iframe class=\"wp-embedded-content\" sandbox=\"allow-scripts\" security=\"restricted\" style=\"position: absolute; clip: rect(1px, 1px, 1px, 1px);\" title=\"&#8221;Julkinen rahoituspohja vanhusten hoidolle murenee, -hyvinvointivaltion loppu l\u00e4henee?&#8221; &#8212; \" src=\"https:\/\/www.uutispeili.fi\/index.php\/2025\/08\/04\/julkinen-rahoituspohja-vanhusten-hoidolle-murenee-hyvinvointivaltion-loppu-lahenee\/embed\/#?secret=T7SMU3cx3V#?secret=H3YHCbk3J2\" data-secret=\"H3YHCbk3J2\" width=\"600\" height=\"338\" frameborder=\"0\" marginwidth=\"0\" marginheight=\"0\" scrolling=\"no\"><\/iframe><\/p>\n<blockquote class=\"wp-embedded-content\" data-secret=\"vBvoOmKnft\"><p><a href=\"https:\/\/www.uutispeili.fi\/index.php\/2025\/08\/25\/kansanedustaja-antikainen-kokoomuksen-linjana-ensin-leikata-suomalaisilta-sitten-luvata-palveluja-gazasta-tuleville\/\">Kansanedustaja Antikainen: Kokoomuksen linjana ensin leikata suomalaisilta, sitten luvata palveluja Gazasta tuleville<\/a><\/p><\/blockquote>\n<p><iframe class=\"wp-embedded-content\" sandbox=\"allow-scripts\" security=\"restricted\" style=\"position: absolute; clip: rect(1px, 1px, 1px, 1px);\" title=\"&#8221;Kansanedustaja Antikainen: Kokoomuksen linjana ensin leikata suomalaisilta, sitten luvata palveluja Gazasta tuleville&#8221; &#8212; \" src=\"https:\/\/www.uutispeili.fi\/index.php\/2025\/08\/25\/kansanedustaja-antikainen-kokoomuksen-linjana-ensin-leikata-suomalaisilta-sitten-luvata-palveluja-gazasta-tuleville\/embed\/#?secret=nE534Z6Nkg#?secret=vBvoOmKnft\" data-secret=\"vBvoOmKnft\" width=\"600\" height=\"338\" frameborder=\"0\" marginwidth=\"0\" marginheight=\"0\" scrolling=\"no\"><\/iframe><\/p>\n<blockquote class=\"wp-embedded-content\" data-secret=\"sl7oMIW1MF\"><p><a href=\"https:\/\/www.uutispeili.fi\/index.php\/2024\/10\/20\/nakeeko-vasemmisto-hyvinvointivaltion-olevan-vaarassa-vai-jatkaako-vanha-jakopolitiikkaansa\/\">N\u00e4keek\u00f6 Vasemmisto hyvinvointivaltion olevan vaarassa, -vai jatkaako vanha jakopolitiikkaansa<\/a><\/p><\/blockquote>\n<p><iframe class=\"wp-embedded-content\" sandbox=\"allow-scripts\" security=\"restricted\" style=\"position: absolute; clip: rect(1px, 1px, 1px, 1px);\" title=\"&#8221;N\u00e4keek\u00f6 Vasemmisto hyvinvointivaltion olevan vaarassa, -vai jatkaako vanha jakopolitiikkaansa&#8221; &#8212; \" src=\"https:\/\/www.uutispeili.fi\/index.php\/2024\/10\/20\/nakeeko-vasemmisto-hyvinvointivaltion-olevan-vaarassa-vai-jatkaako-vanha-jakopolitiikkaansa\/embed\/#?secret=OWnGG0KsFC#?secret=sl7oMIW1MF\" data-secret=\"sl7oMIW1MF\" width=\"600\" height=\"338\" frameborder=\"0\" marginwidth=\"0\" marginheight=\"0\" scrolling=\"no\"><\/iframe><\/p>\n<blockquote class=\"wp-embedded-content\" data-secret=\"gFsAfebYOl\"><p><a href=\"https:\/\/www.uutispeili.fi\/index.php\/2024\/08\/18\/hyvinvointivaltio-todellisessa-vaarassa-hallinto-pohottyy-hoidoista-leikataan\/\">Hyvinvointivaltio todellisessa vaarassa, -hallinto p\u00f6h\u00f6ttyy, hoidoista leikataan<\/a><\/p><\/blockquote>\n<p><iframe class=\"wp-embedded-content\" sandbox=\"allow-scripts\" security=\"restricted\" style=\"position: absolute; clip: rect(1px, 1px, 1px, 1px);\" title=\"&#8221;Hyvinvointivaltio todellisessa vaarassa, -hallinto p\u00f6h\u00f6ttyy, hoidoista leikataan&#8221; &#8212; \" src=\"https:\/\/www.uutispeili.fi\/index.php\/2024\/08\/18\/hyvinvointivaltio-todellisessa-vaarassa-hallinto-pohottyy-hoidoista-leikataan\/embed\/#?secret=IEKN749FJC#?secret=gFsAfebYOl\" data-secret=\"gFsAfebYOl\" width=\"600\" height=\"338\" frameborder=\"0\" marginwidth=\"0\" marginheight=\"0\" scrolling=\"no\"><\/iframe><\/p>\n<blockquote class=\"wp-embedded-content\" data-secret=\"f2rITwpS3T\"><p><a href=\"https:\/\/www.uutispeili.fi\/index.php\/2025\/02\/04\/elakevarat-on-sailytettava-huolellisesti\/\">&#8221;El\u00e4kevarat on s\u00e4ilytett\u00e4v\u00e4 huolellisesti&#8221;<\/a><\/p><\/blockquote>\n<p><iframe class=\"wp-embedded-content\" sandbox=\"allow-scripts\" security=\"restricted\" style=\"position: absolute; clip: rect(1px, 1px, 1px, 1px);\" title=\"&#8221;&#8221;El\u00e4kevarat on s\u00e4ilytett\u00e4v\u00e4 huolellisesti&#8221;&#8221; &#8212; \" src=\"https:\/\/www.uutispeili.fi\/index.php\/2025\/02\/04\/elakevarat-on-sailytettava-huolellisesti\/embed\/#?secret=uOCryR2UeY#?secret=f2rITwpS3T\" data-secret=\"f2rITwpS3T\" width=\"600\" height=\"338\" frameborder=\"0\" marginwidth=\"0\" marginheight=\"0\" scrolling=\"no\"><\/iframe><\/p>\n<blockquote class=\"wp-embedded-content\" data-secret=\"VhUzOmkBPJ\"><p><a href=\"https:\/\/www.uutispeili.fi\/index.php\/2025\/01\/22\/li-lentaa-matalalla\/\">Li lent\u00e4\u00e4 matalalla<\/a><\/p><\/blockquote>\n<p><iframe class=\"wp-embedded-content\" sandbox=\"allow-scripts\" security=\"restricted\" style=\"position: absolute; clip: rect(1px, 1px, 1px, 1px);\" title=\"&#8221;Li lent\u00e4\u00e4 matalalla&#8221; &#8212; \" src=\"https:\/\/www.uutispeili.fi\/index.php\/2025\/01\/22\/li-lentaa-matalalla\/embed\/#?secret=SbRPCwBoUq#?secret=VhUzOmkBPJ\" data-secret=\"VhUzOmkBPJ\" width=\"600\" height=\"338\" frameborder=\"0\" marginwidth=\"0\" marginheight=\"0\" scrolling=\"no\"><\/iframe><\/p>\n","protected":false},"excerpt":{"rendered":"<p>Hallituksen budjettis\u00e4\u00e4st\u00f6ist\u00e4 on mediassa, somessa -ja t\u00e4\u00e4ll\u00e4kin- keskusteltu kriittisesti. -Siisp\u00e4 min\u00e4kin: &#8221;Hyvinvointivaltio&#8221;, -siis perustoimeentuloedellytysten, er\u00e4iden palvelujen ja mm. koulutuksen takaaminen kaikille yhteisin varoin- on itseasiassa kustannusten kannalta edullisin tapa suhtautua yhteiskunnan yll\u00e4pit\u00e4miseen ja kehitt\u00e4miseen, ja sis\u00e4isten ristiriitojen hallintaan. Toki, muutakin on ehdotettu ja kokeiltu. Jos vilkaisemme maailmankarttaan, ja etsimme taloudellisesti kehnoimpia valtioita, huomaamme ett\u00e4 v\u00e4linpit\u00e4m\u00e4tt\u00f6mimmin [&hellip;]<\/p>\n","protected":false},"author":3,"featured_media":7903,"comment_status":"open","ping_status":"open","sticky":false,"template":"","format":"standard","meta":{"footnotes":""},"categories":[21],"tags":[],"_links":{"self":[{"href":"https:\/\/www.uutispeili.fi\/index.php\/wp-json\/wp\/v2\/posts\/7902"}],"collection":[{"href":"https:\/\/www.uutispeili.fi\/index.php\/wp-json\/wp\/v2\/posts"}],"about":[{"href":"https:\/\/www.uutispeili.fi\/index.php\/wp-json\/wp\/v2\/types\/post"}],"author":[{"embeddable":true,"href":"https:\/\/www.uutispeili.fi\/index.php\/wp-json\/wp\/v2\/users\/3"}],"replies":[{"embeddable":true,"href":"https:\/\/www.uutispeili.fi\/index.php\/wp-json\/wp\/v2\/comments?post=7902"}],"version-history":[{"count":2,"href":"https:\/\/www.uutispeili.fi\/index.php\/wp-json\/wp\/v2\/posts\/7902\/revisions"}],"predecessor-version":[{"id":7906,"href":"https:\/\/www.uutispeili.fi\/index.php\/wp-json\/wp\/v2\/posts\/7902\/revisions\/7906"}],"wp:featuredmedia":[{"embeddable":true,"href":"https:\/\/www.uutispeili.fi\/index.php\/wp-json\/wp\/v2\/media\/7903"}],"wp:attachment":[{"href":"https:\/\/www.uutispeili.fi\/index.php\/wp-json\/wp\/v2\/media?parent=7902"}],"wp:term":[{"taxonomy":"category","embeddable":true,"href":"https:\/\/www.uutispeili.fi\/index.php\/wp-json\/wp\/v2\/categories?post=7902"},{"taxonomy":"post_tag","embeddable":true,"href":"https:\/\/www.uutispeili.fi\/index.php\/wp-json\/wp\/v2\/tags?post=7902"}],"curies":[{"name":"wp","href":"https:\/\/api.w.org\/{rel}","templated":true}]}}