{"id":7900,"date":"2025-08-25T17:47:10","date_gmt":"2025-08-25T14:47:10","guid":{"rendered":"https:\/\/www.uutispeili.fi\/?p=7900"},"modified":"2025-08-25T17:47:10","modified_gmt":"2025-08-25T14:47:10","slug":"kansanedustaja-antikainen-kokoomuksen-linjana-ensin-leikata-suomalaisilta-sitten-luvata-palveluja-gazasta-tuleville","status":"publish","type":"post","link":"https:\/\/www.uutispeili.fi\/index.php\/2025\/08\/25\/kansanedustaja-antikainen-kokoomuksen-linjana-ensin-leikata-suomalaisilta-sitten-luvata-palveluja-gazasta-tuleville\/","title":{"rendered":"Kansanedustaja Antikainen: Kokoomuksen linjana ensin leikata suomalaisilta, sitten luvata palveluja Gazasta tuleville"},"content":{"rendered":"<p><strong>Kansanedustaja\u00a0Sanna Antikainen kyseenalaistaa p\u00e4\u00e4ministerin prioriteetit.<\/strong><\/p>\n<p>(Arkistokuva, kuval\u00e4hde: Eduskunta.)<\/p>\n<p class=\"v1MsoNormal\">P\u00e4\u00e4ministeri\u00a0<b>Petteri Orpo<\/b> (kok.) kertoi eilen 24.8. tiedotusv\u00e4lineiss\u00e4, ett\u00e4 hallitus selvitt\u00e4\u00e4, voiko Gazan lapsia ottaa Suomeen.\u00a0 Kansanedustaja <b>Sanna Antikainen<\/b> (Perussuomalaiset) ihmettelee, mit\u00e4 <strong>Kokoomuksessa<\/strong> oikein ajatellaan, vai ajatellaanko siell\u00e4 ollenkaan.<\/p>\n<h2>Paikan p\u00e4\u00e4ll\u00e4 voidaan auttaa nopeammin ja laajemmin<\/h2>\n<p class=\"v1MsoNormal\">Sosiaali- ja terveysministeri\u00a0<b>Kaisa Juuso<\/b> (Perussuomalaiset) on kertonut tiedotusv\u00e4lineiss\u00e4, kuinka yksitt\u00e4isten <strong>Gaza<\/strong>n lasten ja heid\u00e4n perheidens\u00e4 kuljettamista Suomeen on pohdittu jo viime talvena keskeisten ministeri\u00f6iden kesken. Tuolloin asiassa tultiin siihen ratkaisuun, ett\u00e4 samalla rahallisella panostuksella paikan p\u00e4\u00e4ll\u00e4 voidaan auttaa hoitoa tarvitsevia nopeammin ja laajemmin.<\/p>\n<blockquote>\n<p class=\"v1MsoNormal\">&#8211; Ensin kokoomus ilmoittaa haluavansa leikata sosiaali- ja terveyspalveluista suomalaisilta. Heti per\u00e4\u00e4n ministeri\u00a0<b>Sanni Grahn-Laasonen<\/b>\u00a0(kok.) kertoo jo suunnittelevansa, mist\u00e4 suomalaisilta leikataan.<\/p>\n<p class=\"v1MsoNormal\">Sitten aivan pokkana samat ihmiset jo ilmoittavat haluavansa kutsua <strong>Gaza<\/strong>sta ihmisi\u00e4 hoidettavaksi Suomeen jo nyt \u00e4\u00e4rimmilleen kuormitettujen palveluiden piiriin, Antikainen sanoo.<\/p>\n<\/blockquote>\n<h2 class=\"v1MsoNormal\">Perussuomalaiset vastustavat<\/h2>\n<p class=\"v1MsoNormal\">Ulkomaankauppa- ja kehitysministeri\u00a0<b>Ville Tavio<\/b> (Perussuomalaiset) ilmoitti maanantaina (25.08.) suurl\u00e4hettil\u00e4skokouksen tiedotustilaisuudessa vastustavansa gazalaisten lasten tuomista Suomeen. Tavion mukaan se ei vaikuta loukkaantuneiden lasten kannalta optimaaliselta ratkaisulta tai humanit\u00e4\u00e4risen rahoituksen kannalta kustannustehokkaalta.<\/p>\n<blockquote>\n<p class=\"v1MsoNormal\">Tavio my\u00f6s kertoi, ettei p\u00e4\u00e4ministeri Orpo ollut kysynyt asiaa h\u00e4nelt\u00e4 ennen sunnuntaina haastattelutunnilla tekem\u00e4\u00e4ns\u00e4 ehdotusta. Tavio jatkoi kertomalla, ett\u00e4 h\u00e4n olisi vastustanut asiaa.<\/p>\n<\/blockquote>\n<p class=\"v1MsoNormal\">My\u00f6s sis\u00e4ministeri\u00a0<b>Mari Rantanen<\/b>\u00a0(ps) kommentoi p\u00e4\u00e4ministeri Orpon ehdotusta selvitt\u00e4\u00e4 mahdollisuutta kuljettaa <strong>Palestiinasta<\/strong> lapsia Suomeen sairaalahoitoon.<\/p>\n<blockquote>\n<p class=\"v1MsoNormal\">Rantasen mukaan ei ole tarkoituksenmukaista lenn\u00e4tt\u00e4\u00e4 Suomeen vain muutamia valikoituja, sill\u00e4 samalla rahalla voi auttaa l\u00e4hialueilla useampia potilaita.<\/p>\n<\/blockquote>\n<p class=\"v1MsoNormal\">Rantanen kehottaa keskittym\u00e4\u00e4n olennaiseen ja muistuttaa, ett\u00e4 jo nyt Suomen terveydenhuoltoj\u00e4rjestelm\u00e4 on kuormittunut ja moni kansalainen joutuu odottamaan pitk\u00e4\u00e4n hoitoon p\u00e4\u00e4sy\u00e4.<\/p>\n<h2>Sosiaali- ja terveyspalveluissamme ei ylim\u00e4\u00e4r\u00e4ist\u00e4 kapasiteettia<\/h2>\n<p class=\"v1MsoNormal\">Antikaisen mielest\u00e4 Orpon ehdotus on vastuuton.<\/p>\n<blockquote>\n<p class=\"v1MsoNormal\">&#8211; Meid\u00e4n sosiaali- ja terveyspalveluillamme ei ole yht\u00e4\u00e4n ylim\u00e4\u00e4r\u00e4ist\u00e4 kapasiteettia t\u00e4ll\u00e4 hetkell\u00e4 ja sen tiet\u00e4\u00e4 my\u00f6s kokoomus. Vai onko kokoomuksella tarkoitus ohjata kaikki gazalaiset yksityisen sairaanhoidon puolelle ja pumpata sinne veronmaksajien rahoja.<\/p>\n<\/blockquote>\n<p class=\"v1MsoNormal\">&#8211; \u00a0Suomi on jo kantanut vastuuta monella eri rintamalla kotimaassa ja ulkomailla. Olemme auttaneet tuhansia ukrainalaisia lapsia ja perheit\u00e4. Se riitt\u00e4\u00e4. Nyt on keskitytt\u00e4v\u00e4 omien kansalaisten hyvinvointiin ja palveluiden turvaamiseen. Suomen teht\u00e4v\u00e4 ei ole ottaa koko maailman huolia harteilleen, Antikainen sanoo.<\/p>\n<h2>Rikkaat arabimaat voisivat auttaa l\u00e4himm\u00e4isi\u00e4\u00e4n<\/h2>\n<p class=\"v1MsoNormal\">Antikaisen mukaan Palestiinaa tukeneet ja sen tunnustaneet maat voivat nyt kantaa vastuunsa.<\/p>\n<p class=\"v1MsoNormal\">&#8211; My\u00f6s rikkaat arabimaat voisivat kerrankin auttaa l\u00e4himm\u00e4isi\u00e4\u00e4n. <strong>Ruotsi<\/strong> ja <strong>Tanska<\/strong> auttavat paikan p\u00e4\u00e4ll\u00e4, ja niin pit\u00e4\u00e4 tehd\u00e4 Suomenkin eik\u00e4 auttaa tuomalla kutsuvieraita suomalaisen hyvinvointivaltion kustannuksella.<\/p>\n<p class=\"v1MsoNormal\">&#8211; Ottaen huomioon sen, ett\u00e4 t\u00e4t\u00e4 asiaa on jo selvitetty ministeri\u00f6iden kesken, ja tultu siihen tulokseen, ett\u00e4 gazalaisten auttaminen paikan p\u00e4\u00e4ll\u00e4 on tehokkaampaa, osoittaa ett\u00e4 kokoomuksen linja on nyt t\u00e4ysin irti todellisuudesta. <img loading=\"lazy\" decoding=\"async\" class=\"alignnone size-full wp-image-144\" src=\"https:\/\/www.uutispeili.fi\/wp-content\/uploads\/2023\/11\/di.gold_.gif\" alt=\"\" width=\"11\" height=\"11\" \/><\/p>\n<p>(Uutispeili ei ole muokannut artikkelin sis\u00e4lt\u00f6\u00e4.)<\/p>\n","protected":false},"excerpt":{"rendered":"<p>Kansanedustaja\u00a0Sanna Antikainen kyseenalaistaa p\u00e4\u00e4ministerin prioriteetit. (Arkistokuva, kuval\u00e4hde: Eduskunta.) P\u00e4\u00e4ministeri\u00a0Petteri Orpo (kok.) kertoi eilen 24.8. tiedotusv\u00e4lineiss\u00e4, ett\u00e4 hallitus selvitt\u00e4\u00e4, voiko Gazan lapsia ottaa Suomeen.\u00a0 Kansanedustaja Sanna Antikainen (Perussuomalaiset) ihmettelee, mit\u00e4 Kokoomuksessa oikein ajatellaan, vai ajatellaanko siell\u00e4 ollenkaan. Paikan p\u00e4\u00e4ll\u00e4 voidaan auttaa nopeammin ja laajemmin Sosiaali- ja terveysministeri\u00a0Kaisa Juuso (Perussuomalaiset) on kertonut tiedotusv\u00e4lineiss\u00e4, kuinka yksitt\u00e4isten Gazan lasten [&hellip;]<\/p>\n","protected":false},"author":3,"featured_media":6630,"comment_status":"open","ping_status":"open","sticky":false,"template":"","format":"standard","meta":{"footnotes":""},"categories":[49,25],"tags":[],"_links":{"self":[{"href":"https:\/\/www.uutispeili.fi\/index.php\/wp-json\/wp\/v2\/posts\/7900"}],"collection":[{"href":"https:\/\/www.uutispeili.fi\/index.php\/wp-json\/wp\/v2\/posts"}],"about":[{"href":"https:\/\/www.uutispeili.fi\/index.php\/wp-json\/wp\/v2\/types\/post"}],"author":[{"embeddable":true,"href":"https:\/\/www.uutispeili.fi\/index.php\/wp-json\/wp\/v2\/users\/3"}],"replies":[{"embeddable":true,"href":"https:\/\/www.uutispeili.fi\/index.php\/wp-json\/wp\/v2\/comments?post=7900"}],"version-history":[{"count":1,"href":"https:\/\/www.uutispeili.fi\/index.php\/wp-json\/wp\/v2\/posts\/7900\/revisions"}],"predecessor-version":[{"id":7901,"href":"https:\/\/www.uutispeili.fi\/index.php\/wp-json\/wp\/v2\/posts\/7900\/revisions\/7901"}],"wp:featuredmedia":[{"embeddable":true,"href":"https:\/\/www.uutispeili.fi\/index.php\/wp-json\/wp\/v2\/media\/6630"}],"wp:attachment":[{"href":"https:\/\/www.uutispeili.fi\/index.php\/wp-json\/wp\/v2\/media?parent=7900"}],"wp:term":[{"taxonomy":"category","embeddable":true,"href":"https:\/\/www.uutispeili.fi\/index.php\/wp-json\/wp\/v2\/categories?post=7900"},{"taxonomy":"post_tag","embeddable":true,"href":"https:\/\/www.uutispeili.fi\/index.php\/wp-json\/wp\/v2\/tags?post=7900"}],"curies":[{"name":"wp","href":"https:\/\/api.w.org\/{rel}","templated":true}]}}