{"id":7857,"date":"2025-08-22T16:28:49","date_gmt":"2025-08-22T13:28:49","guid":{"rendered":"https:\/\/www.uutispeili.fi\/?p=7857"},"modified":"2025-08-22T16:36:30","modified_gmt":"2025-08-22T13:36:30","slug":"suuri-valiokunta-ja-ulkoministeri-keskustelivat-ukrainasta-ja-gazasta","status":"publish","type":"post","link":"https:\/\/www.uutispeili.fi\/index.php\/2025\/08\/22\/suuri-valiokunta-ja-ulkoministeri-keskustelivat-ukrainasta-ja-gazasta\/","title":{"rendered":"Suuri valiokunta ja ulkoministeri keskustelivat Ukrainasta ja Gazasta"},"content":{"rendered":"<p><strong>Eduskunnan suuri valiokunta kuuli t\u00e4n\u00e4\u00e4n et\u00e4kokouksessa ulkoministeri Elina Valtosta (kok.), joka edustaa Suomea EU:n ulkoministerien ep\u00e4virallisessa kokouksessa K\u00f6\u00f6penhaminassa, Tanskassa 29.\u201330.8. Ulkoministerien kokouksen aiheina ovat sota Ukrainassa ja L\u00e4hi-id\u00e4n tilanne.<\/strong><\/p>\n<p>(Arkistokuva. kival\u00e4hde: Eduskunta.)<\/p>\n<p><strong>Ukraina<\/strong>n sodan osalta ulkoministeri <strong>Elina Valtonen<\/strong> kertoi kansanedustajille viime viikkojen tunnusteluista ja neuvotteluista, jotka t\u00e4ht\u00e4\u00e4v\u00e4t rauhansopimukseen Ukrainassa, ja koskevat mm. Ukrainalle annettavia turvatakuita. Ministerin ja suuren valiokunnan keskustelussa k\u00e4siteltiin my\u00f6s arvioita Ven\u00e4j\u00e4n asemoitumisesta ja pitk\u00e4n aikav\u00e4lin uhasta mahdollisen rauhansopimuksen j\u00e4lkeen.<\/p>\n<p>L\u00e4hi-it\u00e4\u00e4 koskien huomio suuressa valiokunnassa kiinnittyi <strong>Israel<\/strong>in toimiin <strong>Gaza<\/strong>ssa, alueen humanitaariseen tilanteeseen sek\u00e4 kansainv\u00e4liseen keskusteluun ja viime viikkojen tapahtumiin <strong><em>kahden<\/em><\/strong> <strong><em>valtion mallin<\/em><\/strong> ratkaisun edist\u00e4miseksi. Lis\u00e4ksi keskusteltiin <strong>EU<\/strong>:n valmiudesta ja keinoista lis\u00e4t\u00e4 painetta Israelille ja <strong>Hama<\/strong>sille sek\u00e4 Suomen keinoista vaikuttaa EU:n toimintaan. <img loading=\"lazy\" decoding=\"async\" class=\"alignnone size-full wp-image-144\" src=\"https:\/\/www.uutispeili.fi\/wp-content\/uploads\/2023\/11\/di.gold_.gif\" alt=\"\" width=\"11\" height=\"11\" \/><\/p>\n<p>(Uutispeili ei ole muokannut artikkelin sis\u00e4lt\u00f6\u00e4.)<\/p>\n","protected":false},"excerpt":{"rendered":"<p>Eduskunnan suuri valiokunta kuuli t\u00e4n\u00e4\u00e4n et\u00e4kokouksessa ulkoministeri Elina Valtosta (kok.), joka edustaa Suomea EU:n ulkoministerien ep\u00e4virallisessa kokouksessa K\u00f6\u00f6penhaminassa, Tanskassa 29.\u201330.8. Ulkoministerien kokouksen aiheina ovat sota Ukrainassa ja L\u00e4hi-id\u00e4n tilanne. (Arkistokuva. kival\u00e4hde: Eduskunta.) Ukrainan sodan osalta ulkoministeri Elina Valtonen kertoi kansanedustajille viime viikkojen tunnusteluista ja neuvotteluista, jotka t\u00e4ht\u00e4\u00e4v\u00e4t rauhansopimukseen Ukrainassa, ja koskevat mm. Ukrainalle annettavia turvatakuita. [&hellip;]<\/p>\n","protected":false},"author":3,"featured_media":3114,"comment_status":"open","ping_status":"open","sticky":false,"template":"","format":"standard","meta":{"footnotes":""},"categories":[49,25],"tags":[],"_links":{"self":[{"href":"https:\/\/www.uutispeili.fi\/index.php\/wp-json\/wp\/v2\/posts\/7857"}],"collection":[{"href":"https:\/\/www.uutispeili.fi\/index.php\/wp-json\/wp\/v2\/posts"}],"about":[{"href":"https:\/\/www.uutispeili.fi\/index.php\/wp-json\/wp\/v2\/types\/post"}],"author":[{"embeddable":true,"href":"https:\/\/www.uutispeili.fi\/index.php\/wp-json\/wp\/v2\/users\/3"}],"replies":[{"embeddable":true,"href":"https:\/\/www.uutispeili.fi\/index.php\/wp-json\/wp\/v2\/comments?post=7857"}],"version-history":[{"count":2,"href":"https:\/\/www.uutispeili.fi\/index.php\/wp-json\/wp\/v2\/posts\/7857\/revisions"}],"predecessor-version":[{"id":7859,"href":"https:\/\/www.uutispeili.fi\/index.php\/wp-json\/wp\/v2\/posts\/7857\/revisions\/7859"}],"wp:featuredmedia":[{"embeddable":true,"href":"https:\/\/www.uutispeili.fi\/index.php\/wp-json\/wp\/v2\/media\/3114"}],"wp:attachment":[{"href":"https:\/\/www.uutispeili.fi\/index.php\/wp-json\/wp\/v2\/media?parent=7857"}],"wp:term":[{"taxonomy":"category","embeddable":true,"href":"https:\/\/www.uutispeili.fi\/index.php\/wp-json\/wp\/v2\/categories?post=7857"},{"taxonomy":"post_tag","embeddable":true,"href":"https:\/\/www.uutispeili.fi\/index.php\/wp-json\/wp\/v2\/tags?post=7857"}],"curies":[{"name":"wp","href":"https:\/\/api.w.org\/{rel}","templated":true}]}}