{"id":7818,"date":"2025-08-20T18:51:36","date_gmt":"2025-08-20T15:51:36","guid":{"rendered":"https:\/\/www.uutispeili.fi\/?p=7818"},"modified":"2025-08-23T21:14:09","modified_gmt":"2025-08-23T18:14:09","slug":"jussi-halla-aho-sanoo-sanna-marinin-ymparilla-jumalatar-kultti","status":"publish","type":"post","link":"https:\/\/www.uutispeili.fi\/index.php\/2025\/08\/20\/jussi-halla-aho-sanoo-sanna-marinin-ymparilla-jumalatar-kultti\/","title":{"rendered":"Jussi Halla-aho sanoo: Sanna Marinin ymp\u00e4rill\u00e4 &#8217;Jumalatar-kultti&#8217;"},"content":{"rendered":"<p><strong>Eduskunnan arvotettu ja harkintakyvyst\u00e4\u00e4n tunnettu puhemies, Jussi Halla-aho (ps), arvioi t\u00e4n\u00e4\u00e4n <a href=\"https:\/\/www.is.fi\/politiikka\/art-2000011436243.html?fbclid=IwY2xjawMStmNleHRuA2FlbQIxMQABHo51Z4-CbSD9gc8bNoeL7_-cQhC_rYtcIovCQApAz4WHa2ls0RUjAsLUxsfN_aem_P0UWVkzz73P-JyHjIUCvHQ\" target=\"_blank\" rel=\"noopener\">lehdess\u00e4<\/a> Suomen edellist\u00e4 p\u00e4\u00e4ministeri\u00e4:\u00a0 Halla-ahon mielest\u00e4 &#8221;<em>Sanna Marinin (sd) ymp\u00e4rille rakentui suoranainen jumalatarkultti<\/em>&#8221;.<\/strong><\/p>\n<p>(Kuvaan on k\u00e4ytetty aineistoa mm. <em>Indochine<\/em>lta.)<\/p>\n<p>Arvio on yht\u00e4 yll\u00e4tt\u00e4v\u00e4, kuin sen ep\u00e4parlamentaarinen ilmaisu; -Eih\u00e4n meill\u00e4 <strong>Suomessa<\/strong> ole ollut <strong>Jumalatarta<\/strong> sitten &#8217;<em>Pohjan Akan<\/em>&#8217;.<\/p>\n<p><strong>Sanna Marin<\/strong> on toki saanut Suomessa poikkeuksellisen suuren huomion, -ja sit\u00e4 kautta julkisuuspaineen- sek\u00e4 hyv\u00e4ss\u00e4 ett\u00e4 pahassa. Huomiota on my\u00f6s sek\u00e4 hyv\u00e4ntahtoista tai neutraalia, henkil\u00f6\u00e4 oikeudenmukaisesti arvostelevaa, mutta my\u00f6s vihamielisesti hy\u00f6kk\u00e4\u00e4v\u00e4\u00e4, -eik\u00e4 silloin ole v\u00e4li\u00e4 v\u00e4itteiden todenper\u00e4isyydest\u00e4, -eik\u00e4 siit\u00e4, mill\u00e4 tavoin &#8221;<em>tiedot<\/em>&#8221; on hankittu.<\/p>\n<p><em>Bai t\u00f6 vei<\/em>, -eik\u00f6 <strong>STRATCOM<\/strong> varoittanut Suomea joskus &#8221;<em>nais-poliitikkoihin kohdistuvista vihamielisist\u00e4<\/em> <em>kampanjoista<\/em>&#8221;, -jotka raporttia kirjoitettaessa olivat vasta tuloillaan, -silloin l\u00e4hitulevaisuudessa, t\u00e4n\u00e4\u00e4n menneisyydess\u00e4.<\/p>\n<p>Kansallisrunoilijamme veroinen, <strong>Eino Leino<\/strong> runoili joskus &#8217;<em>Lapin kes\u00e4st\u00e4<\/em>&#8217;:<\/p>\n<blockquote><p>&#8221;Miks meill\u00e4 kaikki kaunis tahtoo kuolla, ja suuri surkastua alhaiseen.&#8221;<\/p><\/blockquote>\n<p>Vastaus Leinon kysymykseen on ehk\u00e4 <em>kateus<\/em>: Jos Suomessa joku ylt\u00e4\u00e4 muita korkeammalle, kateellisten lauma tahtoo repi\u00e4 h\u00e4net alas, omaan alhaisuuteensa.<\/p>\n<p>Kun kerran jo aloitin runojen siteeraamisen, jatkan <strong>Aaro Hellakoskella<\/strong>:<\/p>\n<blockquote><p>&#8221;Kai sin\u00e4kin loastas ylenet kerran.<br \/>\nSaat itse mitata, mink\u00e4 verran..&#8221;<\/p><\/blockquote>\n<p>Kateelliset siit\u00e4 sitten mittaamaan, ja Sannan -kuten Jussin- voitte j\u00e4tt\u00e4\u00e4 rauhassa toteuttamaan osaamistaan.<\/p>\n<p>Pekka Kemppainen<\/p>\n<p>20.08. 2025<\/p>\n<p><img loading=\"lazy\" decoding=\"async\" class=\"size-full wp-image-144 aligncenter\" src=\"https:\/\/www.uutispeili.fi\/wp-content\/uploads\/2023\/11\/di.gold_.gif\" alt=\"\" width=\"11\" height=\"11\" \/><\/p>\n<p>Mulla on viel\u00e4 yx hyv\u00e4:<\/p>\n<p><a href=\"https:\/\/youtu.be\/X2Xyw6fCYus?list=RDX2Xyw6fCYus&amp;t=72\"><img loading=\"lazy\" decoding=\"async\" class=\"aligncenter wp-image-7820 size-full\" src=\"https:\/\/www.uutispeili.fi\/wp-content\/uploads\/2025\/08\/jussi-sanna-silmat800450.png\" alt=\"\" width=\"800\" height=\"450\" srcset=\"https:\/\/www.uutispeili.fi\/wp-content\/uploads\/2025\/08\/jussi-sanna-silmat800450.png 800w, https:\/\/www.uutispeili.fi\/wp-content\/uploads\/2025\/08\/jussi-sanna-silmat800450-300x169.png 300w, https:\/\/www.uutispeili.fi\/wp-content\/uploads\/2025\/08\/jussi-sanna-silmat800450-768x432.png 768w\" sizes=\"(max-width: 800px) 100vw, 800px\" \/><\/a><\/p>\n<p>(Kuvaan on k\u00e4ytetty aineistoa mm. <em>Indochine<\/em>lta, &#8211;<a href=\"https:\/\/youtu.be\/X2Xyw6fCYus?list=RDX2Xyw6fCYus&amp;t=51\" target=\"_blank\" rel=\"noopener\">VIDEOlinkki<\/a> avautuu uuteen v\u00e4lilehteen.)<\/p>\n<h3>Luettavaa:<\/h3>\n<ul>\n<li><a href=\"https:\/\/www.suomenuutiset.fi\/suomi-media-saa-tylytysta-uutuuskirjassa-halla-ahon-mukaan-toimittajia-vaivaa-vallasta-humaltuminen-ja-yliherkkyys\/?fbclid=IwY2xjawMS4uxleHRuA2FlbQIxMQABHnBTRCukqlg3K2kPj5ofw4FSAMXcTy_xPj97chdTGd4wmcevJm9pDHUIi240_aem_sJE5a0ghl9Hdbn9qSULoIA\" target=\"_blank\" rel=\"noopener\"><strong>Suomen Uutiset<\/strong><\/a> 20.08. 2025: <a href=\"https:\/\/www.suomenuutiset.fi\/suomi-media-saa-tylytysta-uutuuskirjassa-halla-ahon-mukaan-toimittajia-vaivaa-vallasta-humaltuminen-ja-yliherkkyys\/?fbclid=IwY2xjawMS4uxleHRuA2FlbQIxMQABHnBTRCukqlg3K2kPj5ofw4FSAMXcTy_xPj97chdTGd4wmcevJm9pDHUIi240_aem_sJE5a0ghl9Hdbn9qSULoIA\" target=\"_blank\" rel=\"noopener\">Suomi-media saa tylytyst\u00e4 uutuuskirjassa<\/a> \u2013 Halla-ahon mukaan toimittajia vaivaa vallasta humaltuminen ja yliherkkyys,<\/li>\n<li><a href=\"https:\/\/www.is.fi\/politiikka\/art-2000011436243.html?fbclid=IwY2xjawMStmNleHRuA2FlbQIxMQABHo51Z4-CbSD9gc8bNoeL7_-cQhC_rYtcIovCQApAz4WHa2ls0RUjAsLUxsfN_aem_P0UWVkzz73P-JyHjIUCvHQ\" target=\"_blank\" rel=\"noopener\"><strong>Iltasanomat<\/strong><\/a> 20.08. 2025: <a href=\"https:\/\/www.is.fi\/politiikka\/art-2000011436243.html?fbclid=IwY2xjawMStmNleHRuA2FlbQIxMQABHo51Z4-CbSD9gc8bNoeL7_-cQhC_rYtcIovCQApAz4WHa2ls0RUjAsLUxsfN_aem_P0UWVkzz73P-JyHjIUCvHQ\" target=\"_blank\" rel=\"noopener\">Jussi Halla-aholta tyly arvio Sanna Marinista<\/a>,<\/li>\n<li><a href=\"https:\/\/stratcomcoe.org\/publications\/abuse-of-power-coordinated-online-harassment-of-finnish-government-ministers\/5\" target=\"_blank\" rel=\"noopener\"><strong>Stratcom<\/strong><\/a>\u00a0(NATO) 24.02. 2021:\u00a0<a href=\"https:\/\/stratcomcoe.org\/publications\/abuse-of-power-coordinated-online-harassment-of-finnish-government-ministers\/5\" target=\"_blank\" rel=\"noopener\">Abuse of power: coordinated online harassment of Finnish government ministers<\/a>,<\/li>\n<li><a href=\"https:\/\/yle.fi\/uutiset\/3-11842996\" target=\"_blank\" rel=\"noopener\"><strong>Yle<\/strong><\/a>\u00a018.03. 2021:\u00a0<a href=\"https:\/\/yle.fi\/uutiset\/3-11842996\" target=\"_blank\" rel=\"noopener\">Nato-raportti kertoo Suomen hallituksen olevan poikkeuksellisen vihakampanjan kohde somessa<\/a>\u00a0\u2013 Marin: \u201dNaiset johtavat hallitusta, Get over it\u201d; Tutkimuksen mukaan raju some-kirjoittelu heikent\u00e4\u00e4 Suomen demokratian tilaa,<\/li>\n<li><a href=\"https:\/\/www.hs.fi\/kotimaa\/art-2000009842089.html\" target=\"_blank\" rel=\"noopener\"><strong>Helsingin Sanomat<\/strong><\/a>\u00a011.09. 2023:\u00a0<a href=\"https:\/\/www.hs.fi\/kotimaa\/art-2000009842089.html\" target=\"_blank\" rel=\"noopener\">Lahden p\u00e4\u00e4syytetty viestitti mahdollisuudesta tappaa p\u00e4\u00e4ministeri Sanna Marin \u2013 \u201dAse oli k\u00e4den ulottuvilla\u201d<\/a>; Lahden terrorismioikeudenk\u00e4ynnin p\u00e4\u00e4syytetty py\u00f6ritteli ajatusta p\u00e4\u00e4ministeri Sanna Marinin tappamisesta Lahden kauppatorilla, selvi\u00e4\u00e4 poliisin esitutkintamateriaalista,<\/li>\n<li><a href=\"https:\/\/www.mtvuutiset.fi\/videot\/klipit\/prog20707507#gs.59ok95\" target=\"_blank\" rel=\"noopener\"><strong>MTV<\/strong><\/a>\u00a011.09. 2023:\u00a0<a href=\"https:\/\/www.mtvuutiset.fi\/videot\/klipit\/prog20707507#gs.59ok95\" target=\"_blank\" rel=\"noopener\">Viestittely\u00e4\u00a0<strong>Sanna Marin<\/strong>in ampumisesta ja junien suistamisesta \u2013 Lahden terrorismioikeudenk\u00e4ynti alko<\/a>i; Viestittely\u00e4 Sanna Marinin ampumisesta ja junien suistamisesta \u2013 Lahden terrorismioikeudenk\u00e4ynti alkoi,<\/li>\n<li><a href=\"https:\/\/www.is.fi\/politiikka\/art-2000009024507.html\" target=\"_blank\" rel=\"noopener\"><strong>Iltasanomat<\/strong><\/a>\u00a024.08. 2022:\u00a0<a href=\"https:\/\/www.is.fi\/politiikka\/art-2000009024507.html\" target=\"_blank\" rel=\"noopener\">N\u00e4in Sanna Marin puhui Lahdessa \u2013 murtui kyyneliin: \u201dViikko ei ole ollut helppo el\u00e4m\u00e4ss\u00e4ni\u201d<\/a>; P\u00e4\u00e4ministeri Sanna Marin murtui kyyneliin puhuessaan Sdp:n tilaisuudessa Lahden torilla.<\/li>\n<li><a href=\"https:\/\/www.iltalehti.fi\/kotimaa\/a\/1e5fd3c5-1264-4fcb-aeec-8bef55ead8fa\" target=\"_blank\" rel=\"noopener\"><strong>Iltalehti<\/strong><\/a>\u00a011.09. 2023: N\u00e4ihin kohteisiin terroristiep\u00e4illyt suunnittelivat iskuja \u2013\u00a0<a href=\"https:\/\/www.iltalehti.fi\/kotimaa\/a\/1e5fd3c5-1264-4fcb-aeec-8bef55ead8fa\" target=\"_blank\" rel=\"noopener\">Uhkaavaa puhetta Sanna Marinin tilaisuudesta<\/a>; P\u00e4ij\u00e4t-H\u00e4meen k\u00e4r\u00e4j\u00e4oikeus alkoi k\u00e4sitell\u00e4 ep\u00e4iltyj\u00e4 terrorismirikoksia,<\/li>\n<li><strong><a href=\"https:\/\/www.iltalehti.fi\/viihdeuutiset\/a\/04e3fcfa-ebf0-4789-8d90-523670c54639\" target=\"_blank\" rel=\"noopener\">Iltalehti<\/a><\/strong>\u00a007.09. 2024:\u00a0<strong>Sanna Marinista tehtiin laulu \u2013 N\u00e4in h\u00e4n reagoi;\u00a0<\/strong>Marin on kuullut h\u00e4nest\u00e4 kertovan kappaleen;\u00a0<a href=\"https:\/\/www.iltalehti.fi\/viihdeuutiset\/a\/04e3fcfa-ebf0-4789-8d90-523670c54639\" target=\"_blank\" rel=\"noopener\">Ranskalainen\u00a0<em><strong>Indochine<\/strong><\/em>-yhtye julkaisi kappaleen Suomen entisest\u00e4 p\u00e4\u00e4ministerist\u00e4\u00a0Sanna Marinista<\/a>. Kappale on nimelt\u00e4\u00e4n\u00a0<em>Sanna sur la croix,<\/em>\u00a0joka k\u00e4\u00e4ntyy suomeksi\u00a0<em>\u201dSanna ristill\u00e4\u201d<\/em>. Marin on nyt reagoinut kappaleeseen jakamalla sen Instagramin tarinoissaan.<\/li>\n<li><a href=\"https:\/\/www.20minutes.fr\/arts-stars\/culture\/musique\/4108609-20240906-babel-show-zelensky-sanna-marin-indochine-retour-imagerie-politique\" target=\"_blank\" rel=\"noopener\"><strong>20min<\/strong><\/a>\u00a006.09. 2024:\u00a0<a href=\"https:\/\/www.20minutes.fr\/arts-stars\/culture\/musique\/4108609-20240906-babel-show-zelensky-sanna-marin-indochine-retour-imagerie-politique\" target=\"_blank\" rel=\"noopener\">\u201dBabel Show\u201d: Zelensky, Sanna Marin\u2026 Indokiina palaa poliittisilla kuvilla<\/a>; \u00a0Nicola Sirkiksen johtama ryhm\u00e4 esittelee t\u00e4n\u00e4 perjantaina klo 21.10 TMC:ll\u00e4 kymmenen kappaletta uudelta, lauantaina julkaistavalta albumiltaan \u201dBabel Babel\u201d. \u201d20 Minutes\u201d osallistui kuvauksiin, joissa ikonografia antoi etusijalle poliittisille hahmoille,<\/li>\n<li>\n<p class=\"post-title\"><a href=\"https:\/\/uutisiahauskastijakiinnostavasti.wordpress.com\/2023\/09\/11\/sanna-marin-terroristien-tahtaimessa-elokuussa-2022\/\" target=\"_blank\" rel=\"noopener\">Sanna Marin terroristien t\u00e4ht\u00e4imess\u00e4 elokuussa 2022<\/a>,<\/p>\n<\/li>\n<\/ul>\n<blockquote class=\"wp-embedded-content\" data-secret=\"YoEEdfMuoS\"><p><a href=\"https:\/\/www.uutispeili.fi\/index.php\/2025\/01\/23\/vaino-ja-vaikeneminen-sanna-sur-la-croix\/\">Vaino ja vaikeneminen: &#8217;Sanna sur la croix&#8217;<\/a><\/p><\/blockquote>\n<p><iframe class=\"wp-embedded-content\" sandbox=\"allow-scripts\" security=\"restricted\" style=\"position: absolute; clip: rect(1px, 1px, 1px, 1px);\" title=\"&#8221;Vaino ja vaikeneminen: &#8217;Sanna sur la croix&#8217;&#8221; &#8212; \" src=\"https:\/\/www.uutispeili.fi\/index.php\/2025\/01\/23\/vaino-ja-vaikeneminen-sanna-sur-la-croix\/embed\/#?secret=r0YCIJVqwu#?secret=YoEEdfMuoS\" data-secret=\"YoEEdfMuoS\" width=\"600\" height=\"338\" frameborder=\"0\" marginwidth=\"0\" marginheight=\"0\" scrolling=\"no\"><\/iframe><\/p>\n<blockquote class=\"wp-embedded-content\" data-secret=\"Uh0aJTIMFy\"><p><a href=\"https:\/\/www.uutispeili.fi\/index.php\/2025\/08\/20\/kansanedustaja-kuollut-eduskunnassa\/\">Kansanedustaja kuollut eduskunnassa<\/a><\/p><\/blockquote>\n<p><iframe class=\"wp-embedded-content\" sandbox=\"allow-scripts\" security=\"restricted\" style=\"position: absolute; clip: rect(1px, 1px, 1px, 1px);\" title=\"&#8221;Kansanedustaja kuollut eduskunnassa&#8221; &#8212; \" src=\"https:\/\/www.uutispeili.fi\/index.php\/2025\/08\/20\/kansanedustaja-kuollut-eduskunnassa\/embed\/#?secret=YM6ks1QkYP#?secret=Uh0aJTIMFy\" data-secret=\"Uh0aJTIMFy\" width=\"600\" height=\"338\" frameborder=\"0\" marginwidth=\"0\" marginheight=\"0\" scrolling=\"no\"><\/iframe><\/p>\n","protected":false},"excerpt":{"rendered":"<p>Eduskunnan arvotettu ja harkintakyvyst\u00e4\u00e4n tunnettu puhemies, Jussi Halla-aho (ps), arvioi t\u00e4n\u00e4\u00e4n lehdess\u00e4 Suomen edellist\u00e4 p\u00e4\u00e4ministeri\u00e4:\u00a0 Halla-ahon mielest\u00e4 &#8221;Sanna Marinin (sd) ymp\u00e4rille rakentui suoranainen jumalatarkultti&#8221;. (Kuvaan on k\u00e4ytetty aineistoa mm. Indochinelta.) Arvio on yht\u00e4 yll\u00e4tt\u00e4v\u00e4, kuin sen ep\u00e4parlamentaarinen ilmaisu; -Eih\u00e4n meill\u00e4 Suomessa ole ollut Jumalatarta sitten &#8217;Pohjan Akan&#8217;. Sanna Marin on toki saanut Suomessa poikkeuksellisen suuren [&hellip;]<\/p>\n","protected":false},"author":3,"featured_media":7819,"comment_status":"open","ping_status":"open","sticky":false,"template":"","format":"standard","meta":{"footnotes":""},"categories":[49,29,147],"tags":[],"_links":{"self":[{"href":"https:\/\/www.uutispeili.fi\/index.php\/wp-json\/wp\/v2\/posts\/7818"}],"collection":[{"href":"https:\/\/www.uutispeili.fi\/index.php\/wp-json\/wp\/v2\/posts"}],"about":[{"href":"https:\/\/www.uutispeili.fi\/index.php\/wp-json\/wp\/v2\/types\/post"}],"author":[{"embeddable":true,"href":"https:\/\/www.uutispeili.fi\/index.php\/wp-json\/wp\/v2\/users\/3"}],"replies":[{"embeddable":true,"href":"https:\/\/www.uutispeili.fi\/index.php\/wp-json\/wp\/v2\/comments?post=7818"}],"version-history":[{"count":5,"href":"https:\/\/www.uutispeili.fi\/index.php\/wp-json\/wp\/v2\/posts\/7818\/revisions"}],"predecessor-version":[{"id":7877,"href":"https:\/\/www.uutispeili.fi\/index.php\/wp-json\/wp\/v2\/posts\/7818\/revisions\/7877"}],"wp:featuredmedia":[{"embeddable":true,"href":"https:\/\/www.uutispeili.fi\/index.php\/wp-json\/wp\/v2\/media\/7819"}],"wp:attachment":[{"href":"https:\/\/www.uutispeili.fi\/index.php\/wp-json\/wp\/v2\/media?parent=7818"}],"wp:term":[{"taxonomy":"category","embeddable":true,"href":"https:\/\/www.uutispeili.fi\/index.php\/wp-json\/wp\/v2\/categories?post=7818"},{"taxonomy":"post_tag","embeddable":true,"href":"https:\/\/www.uutispeili.fi\/index.php\/wp-json\/wp\/v2\/tags?post=7818"}],"curies":[{"name":"wp","href":"https:\/\/api.w.org\/{rel}","templated":true}]}}