{"id":7798,"date":"2025-08-20T05:59:31","date_gmt":"2025-08-20T02:59:31","guid":{"rendered":"https:\/\/www.uutispeili.fi\/?p=7798"},"modified":"2025-08-20T16:42:51","modified_gmt":"2025-08-20T13:42:51","slug":"kansanedustaja-kuollut-eduskunnassa","status":"publish","type":"post","link":"https:\/\/www.uutispeili.fi\/index.php\/2025\/08\/20\/kansanedustaja-kuollut-eduskunnassa\/","title":{"rendered":"Kansanedustaja kuollut eduskunnassa"},"content":{"rendered":"<p><strong>Kun Eduskunnan viestint\u00e4 vahvisti eilen klo. 14:07 mediassa jo kerrotun tiedon, ett\u00e4 kansanedustaja Eemeli Peltonen on kuollut, p\u00e4\u00e4tin olla kirjoittamatta asiasta. -Minulla ei olisikaan ollut muuta sanottavaa, kuin toivottaa voimia menehtyneen l\u00e4heisille.<\/strong><\/p>\n<p>Itsetuhoinen kuolema, jollaisena tragedia meille oli jo esitelty, ei ole mieluisaa uutisoitavaa. Tied\u00e4mme, ett\u00e4 kriisiss\u00e4 oleva henkil\u00f6, voi uutisestakin saada virikkeen, joka saattaa rohkaista itsetuhoiseen tekoon. Siksi varovaisuus. Kaikki tekomme -my\u00f6s mit\u00e4 kirjoitamme- ovat pime\u00e4\u00e4n heitettyj\u00e4 kivi\u00e4.<\/p>\n<p>Kanssaihmisen kuolema, -varsinkin itse\u00e4 nuoremman- satuttaa aina. Politiikkaan liittyen kuolemalla on muitakin ulottuvuuksia.<\/p>\n<p>Kansanedustaja <strong>Tellervo M. Koiviston<\/strong> kuolema 6. maaliskuuta 1982 j\u00e4tti pysyv\u00e4n muistij\u00e4ljen. H\u00e4n oli 3. maaliskuuta kaatunut eduskuntatalon <strong>ulkoportailla<\/strong>, -saaden kallovamman- ja menehtyi kolme p\u00e4iv\u00e4\u00e4 my\u00f6hemmin sairaalassa.<\/p>\n<p>Tellervo Maria Koivisto muistetaan er\u00e4\u00e4st\u00e4 asiakirjasta, joka silloin aiheutti kohinaa SDP:ss\u00e4 ja Suomen poliittisessa el\u00e4m\u00e4ss\u00e4. Tietty joukko nuoria demareita oli kokoontunut -9. marraskuuta 1969- P\u00e4lk\u00e4neen <strong>Mallasm\u00e4elle<\/strong>, ja halusivat uudistaa puoluettaan. En ollut paikalla, mutta muistan hyvin t\u00e4m\u00e4n kurssikeskuksen: Aikansa arkista arkkitehtuuria, matala maastoon sovitettu tummaksi petsattu rakennuskompleksi, k\u00e4yt\u00e4nn\u00f6llinen ja viihtyis\u00e4, vaatimattomalla tavalla.<\/p>\n<p>Nuordemareiden juttuja pidettiin v\u00e4h\u00e4n liian radikaaleina, -senkin ajan perspektiiviin- ja h\u00e4lyh\u00e4n siit\u00e4 kehkeytyi. Jotkut <em>&#8217;p\u00e4lk\u00e4nel\u00e4isist\u00e4<\/em>&#8217; j\u00e4iv\u00e4t tarkkailtavien &#8217;radikaalien&#8217; kirjoihin.<\/p>\n<p>70-luvun lopulla olin -jollakin tapaa- osallinen er\u00e4\u00e4n poliittisen tilaisuuden j\u00e4rjestelyyn <strong>Tampereella<\/strong>. Miten aloite toteutui, siihen en ollut tyytyv\u00e4inen. Jostain syyst\u00e4 Tellervo M. Koivisto k\u00e4ytti tilaisuudessa puheenvuoron. H\u00e4nen sananvalinnoistaan aistin saman pettymyksen.<\/p>\n<p>Keskustelin vaikutelmistani er\u00e4\u00e4n pitk\u00e4nlinjan politiikan tarkkailijan kanssa, jonka olin kutsunut tilannetta seuraamaan. H\u00e4n jakoi k\u00e4sitykseni, ja antoi ymm\u00e4rt\u00e4\u00e4, ett\u00e4 Koivisto on enemm\u00e4n, kuin mit\u00e4 rividemarina saattoi n\u00e4ytt\u00e4\u00e4.<\/p>\n<p>Niinp\u00e4 minulle j\u00e4i my\u00f6nteisi\u00e4 odotuksia, -jotka p\u00e4\u00e4ttyiv\u00e4t tylysti eduskuntatalon portaille maaliskuussa 1982.<\/p>\n<p>Meid\u00e4n aikamme aktiivipolitiikoista olen todennut -intuitiivisesti tai havaintojeni perusteella- <em>rehellisiksi<\/em> 3-4, -ja olen saanut vaikutelmalleni my\u00f6s politiikan ammattilaisilta vahvistuksen. Heist\u00e4 on t\u00e4t\u00e4 kirjoitettaessa elossa vain yksi.<\/p>\n<p><img loading=\"lazy\" decoding=\"async\" class=\"size-full wp-image-144 aligncenter\" src=\"https:\/\/www.uutispeili.fi\/wp-content\/uploads\/2023\/11\/di.gold_.gif\" alt=\"\" width=\"11\" height=\"11\" \/><\/p>\n<p>Pekka Kemppainen<\/p>\n<p>20.08. 2025<\/p>\n<blockquote><p>Eduskunnan viestint\u00e4 19.8.2025: Tiedote<\/p>\n<p><span style=\"font-size: revert; color: initial;\">Kansanedustaja Eemeli Peltonen on menehtynyt<\/span><\/p>\n<p><span style=\"font-size: revert; color: initial;\">Eduskuntatalossa aamup\u00e4iv\u00e4ll\u00e4 19.8. menehtynyt henkil\u00f6 on ensimm\u00e4isen kauden kansanedustaja Eemeli Peltonen (SD\/Uudenmaan vaalipiiri).<\/span><\/p>\n<p><span style=\"font-size: revert; color: initial;\">Eduskunnan ty\u00f6yhteis\u00f6 ottaa osaa omaisten suruun.\u00a0<\/span><\/p><\/blockquote>\n<p>Luettavaa:<\/p>\n<ul>\n<li><a href=\"https:\/\/yle.fi\/a\/74-20178221\" target=\"_blank\" rel=\"noopener\"><strong>Yle<\/strong><\/a> 19.08. 2025: <a href=\"https:\/\/yle.fi\/a\/74-20178221\" target=\"_blank\" rel=\"noopener\">Kansanedustaja Eemeli Peltonen on kuollut<\/a><br \/>\nYlen tietojen mukaan eduskunnassa on k\u00e4sitys, ett\u00e4 kyse on itsemurhasta. Ylen l\u00e4hteiden mukaan tapauksessa on kyse putoamisesta portaikossa.<\/li>\n<li><a href=\"https:\/\/www.iltalehti.fi\/politiikka\/a\/c0fc9530-1262-48e3-a54f-fd4d4cec5d01\" target=\"_blank\" rel=\"noopener\"><strong>Iltalehti<\/strong><\/a> 19.08. 2025: <a href=\"https:\/\/www.iltalehti.fi\/politiikka\/a\/c0fc9530-1262-48e3-a54f-fd4d4cec5d01\" target=\"_blank\" rel=\"noopener\">Sanna Marin julkaisi koskettavan tekstin Eemeli Peltosesta<\/a><br \/>\nSanna Marin kertoo muistavansa Eemeli Peltosen jo vuosien takaa.,<\/li>\n<\/ul>\n<blockquote class=\"wp-embedded-content\" data-secret=\"Eq2L3B8LzL\"><p><a href=\"https:\/\/www.uutispeili.fi\/index.php\/2024\/04\/08\/esko-juhani-tennila-viimeinen-korpikommunisti\/\">Esko-Juhani Tennil\u00e4, -viimeinen korpikommunisti<\/a><\/p><\/blockquote>\n<p><iframe class=\"wp-embedded-content\" sandbox=\"allow-scripts\" security=\"restricted\" style=\"position: absolute; clip: rect(1px, 1px, 1px, 1px);\" title=\"&#8221;Esko-Juhani Tennil\u00e4, -viimeinen korpikommunisti&#8221; &#8212; \" src=\"https:\/\/www.uutispeili.fi\/index.php\/2024\/04\/08\/esko-juhani-tennila-viimeinen-korpikommunisti\/embed\/#?secret=GiUYOMdWWc#?secret=Eq2L3B8LzL\" data-secret=\"Eq2L3B8LzL\" width=\"600\" height=\"338\" frameborder=\"0\" marginwidth=\"0\" marginheight=\"0\" scrolling=\"no\"><\/iframe><\/p>\n","protected":false},"excerpt":{"rendered":"<p>Kun Eduskunnan viestint\u00e4 vahvisti eilen klo. 14:07 mediassa jo kerrotun tiedon, ett\u00e4 kansanedustaja Eemeli Peltonen on kuollut, p\u00e4\u00e4tin olla kirjoittamatta asiasta. -Minulla ei olisikaan ollut muuta sanottavaa, kuin toivottaa voimia menehtyneen l\u00e4heisille. Itsetuhoinen kuolema, jollaisena tragedia meille oli jo esitelty, ei ole mieluisaa uutisoitavaa. Tied\u00e4mme, ett\u00e4 kriisiss\u00e4 oleva henkil\u00f6, voi uutisestakin saada virikkeen, joka saattaa [&hellip;]<\/p>\n","protected":false},"author":3,"featured_media":7799,"comment_status":"open","ping_status":"open","sticky":false,"template":"","format":"standard","meta":{"footnotes":""},"categories":[21],"tags":[],"_links":{"self":[{"href":"https:\/\/www.uutispeili.fi\/index.php\/wp-json\/wp\/v2\/posts\/7798"}],"collection":[{"href":"https:\/\/www.uutispeili.fi\/index.php\/wp-json\/wp\/v2\/posts"}],"about":[{"href":"https:\/\/www.uutispeili.fi\/index.php\/wp-json\/wp\/v2\/types\/post"}],"author":[{"embeddable":true,"href":"https:\/\/www.uutispeili.fi\/index.php\/wp-json\/wp\/v2\/users\/3"}],"replies":[{"embeddable":true,"href":"https:\/\/www.uutispeili.fi\/index.php\/wp-json\/wp\/v2\/comments?post=7798"}],"version-history":[{"count":9,"href":"https:\/\/www.uutispeili.fi\/index.php\/wp-json\/wp\/v2\/posts\/7798\/revisions"}],"predecessor-version":[{"id":7817,"href":"https:\/\/www.uutispeili.fi\/index.php\/wp-json\/wp\/v2\/posts\/7798\/revisions\/7817"}],"wp:featuredmedia":[{"embeddable":true,"href":"https:\/\/www.uutispeili.fi\/index.php\/wp-json\/wp\/v2\/media\/7799"}],"wp:attachment":[{"href":"https:\/\/www.uutispeili.fi\/index.php\/wp-json\/wp\/v2\/media?parent=7798"}],"wp:term":[{"taxonomy":"category","embeddable":true,"href":"https:\/\/www.uutispeili.fi\/index.php\/wp-json\/wp\/v2\/categories?post=7798"},{"taxonomy":"post_tag","embeddable":true,"href":"https:\/\/www.uutispeili.fi\/index.php\/wp-json\/wp\/v2\/tags?post=7798"}],"curies":[{"name":"wp","href":"https:\/\/api.w.org\/{rel}","templated":true}]}}