{"id":7763,"date":"2025-08-16T17:42:42","date_gmt":"2025-08-16T14:42:42","guid":{"rendered":"https:\/\/www.uutispeili.fi\/?p=7763"},"modified":"2025-08-16T17:42:42","modified_gmt":"2025-08-16T14:42:42","slug":"alaskan-tapaaminen-kannustaa-putinia-jatkamaan-entiseen-tapaan","status":"publish","type":"post","link":"https:\/\/www.uutispeili.fi\/index.php\/2025\/08\/16\/alaskan-tapaaminen-kannustaa-putinia-jatkamaan-entiseen-tapaan\/","title":{"rendered":"Alaskan tapaaminen &#8217;kannustaa Putinia jatkamaan entiseen tapaan&#8217;"},"content":{"rendered":"<p><strong>Sivistysmaiden ty\u00f6kalupakissa ei ole sellaista ratkaisuehdotusta, joka sek\u00e4 lopettaisi helmikuusta 2022 jatkuneen sodan Ukrainassa, ett\u00e4 kelpaisi Kremlille.<\/strong><\/p>\n<p>(Kuvan aineisto mm. Kremlin.ru, -pikkukuvan teksti: <em>Nasha Aljaska<\/em>, -meid\u00e4n Alaska.)<\/p>\n<p>Vanha ven\u00e4l\u00e4inen posteri (kuvaan uporettuna), joka muistuttaa <strong>Alaska<\/strong>n kuuluneen joskus &#8221;<em>meille<\/em>&#8221;, toteutuu sik\u00e4li, ett\u00e4 <strong>Anchorage<\/strong>n tapaamisen tulos kuuluu Ven\u00e4j\u00e4lle, -ei kenellek\u00e4\u00e4n muulle.<\/p>\n<p><strong>Mika Aaltola<\/strong> kommentoi t\u00e4n\u00e4\u00e4n:<\/p>\n<p><a href=\"https:\/\/x.com\/MikaAaltola\/status\/1956679758877503904\"><img loading=\"lazy\" decoding=\"async\" class=\"alignnone wp-image-7764 size-full\" src=\"https:\/\/www.uutispeili.fi\/wp-content\/uploads\/2025\/08\/mika.aaltola-alaska0000x.png\" alt=\"\" width=\"476\" height=\"570\" srcset=\"https:\/\/www.uutispeili.fi\/wp-content\/uploads\/2025\/08\/mika.aaltola-alaska0000x.png 476w, https:\/\/www.uutispeili.fi\/wp-content\/uploads\/2025\/08\/mika.aaltola-alaska0000x-251x300.png 251w\" sizes=\"(max-width: 476px) 100vw, 476px\" \/><\/a><\/p>\n<blockquote><p><a href=\"https:\/\/x.com\/MikaAaltola\/status\/1956679758877503904\" target=\"_blank\" rel=\"noopener\"><strong>Mika Aaltola<\/strong><\/a> 16.08. 2025: Mit\u00e4\u00e4n edistyst\u00e4 ei ole tapahtunut. Putin pysyy asemissaan, jotka julistettiin jo ennen sotaa. Voimme n\u00e4hd\u00e4 Alaskan tapaamisen edistyksen\u00e4. Mutta Putin n\u00e4kee sen heikkoutena ja per\u00e4\u00e4ntymisen\u00e4. Ne eiv\u00e4t ole h\u00e4nelle syit\u00e4 tehd\u00e4 kompromisseja, vaan kannustimia jatkaa radallaan.<\/p><\/blockquote>\n<p><a href=\"https:\/\/kyivindependent.com\/editorial-that-was-sickening-was-it-necessary\/\" target=\"_blank\" rel=\"noopener\"><strong>Kyiv Independent<\/strong><\/a> pit\u00e4\u00e4 perjantain &#8217;<em>summit<\/em>ia&#8217; h\u00e4pe\u00e4llisen\u00e4: &#8221;<em>Tuo tapaaminen oli kuvottava. Putin rakasti sit\u00e4<\/em>&#8221;, -otsikoi lehti.<\/p>\n<p>&#8221;<em>Verinen diktaattori ja sotarikollinen sai kuninkaallisen vastaanoton vapaiden maassa \u2013 h\u00e4nen hy\u00f6kk\u00e4ysdrooninsa suuntaavat (samaan aikaan) kaupunkeihin<\/em>&#8221;. kirjoittaa Kyiv Independent t\u00e4n\u00e4\u00e4n.<\/p>\n<blockquote><p>Alaskan kokouksen alla Yhdysvaltain presidentti <strong>Donald Trump<\/strong> julisti haluavansa tulitauon t\u00e4n\u00e4\u00e4n ja ett\u00e4 h\u00e4nen ven\u00e4l\u00e4inen kollegansa Vladimir Putin kohtaisi &#8221;<strong>vakavia seurauksia<\/strong>&#8221;, jos h\u00e4n ei sit\u00e4 toteuttaisi.<\/p><\/blockquote>\n<p>Putiniin ei Anchoragen j\u00e4lkeen kohdistu mink\u00e4\u00e4nlaista painostusta aselevon tekemiseen. &#8217;<em>Punaiset viivat<\/em>&#8217; ovat j\u00e4\u00e4neet taakse, p\u00e4iv\u00e4m\u00e4\u00e4r\u00e4-limiitit ylitetty ja uhkaukset on kuultu -ilman konkreettisia seurauksia-<\/p>\n<h2>Ven\u00e4j\u00e4n johtaja ei tee sopimuksia \u2013 h\u00e4n ottaa mit\u00e4 tarjotaan, -ja vaatii lis\u00e4\u00e4<\/h2>\n<blockquote><p>&#8221;Trump ei ole viel\u00e4 oppinut yht\u00e4 l\u00e4ksy\u00e4: Ven\u00e4j\u00e4n johtaja ei oikeastaan tee sopimuksia \u2013 h\u00e4n ottaa ne vastaan. H\u00e4n ottaa vastaan sen, mit\u00e4 h\u00e4nelle tarjotaan, ja sitten ottaa lis\u00e4\u00e4 \u2013 h\u00e4n jatkaa ottamista, kunnes voima pys\u00e4ytt\u00e4\u00e4 h\u00e4net. Siin\u00e4 on ven\u00e4l\u00e4inen sopimusten taito.&#8221;<\/p><\/blockquote>\n<p>Ven\u00e4j\u00e4n naapurimaiden, -ja my\u00f6s muiden autoritaarisesti hallittujen valtioiden naapurien- kannalta huolestuttavinta on, ett\u00e4 aggressori saa pit\u00e4\u00e4 varastamansa, kohtaa vain taputuksia p\u00e4\u00e4laelle, ja katselee seuraavaa kohdetta.<\/p>\n<p>Miten &#8217;ovaalissa&#8217; silloin suu pannaan, kun &#8221;<em>meid\u00e4n Alaska<\/em>&#8221; on ruokalistalla?<\/p>\n<p>Pekka Kemppainen<\/p>\n<p><img loading=\"lazy\" decoding=\"async\" class=\"aligncenter wp-image-144 size-full\" src=\"https:\/\/www.uutispeili.fi\/wp-content\/uploads\/2023\/11\/di.gold_.gif\" alt=\"\" width=\"11\" height=\"11\" \/><\/p>\n<blockquote class=\"wp-embedded-content\" data-secret=\"6IddPmTqCW\"><p><a href=\"https:\/\/www.uutispeili.fi\/index.php\/2025\/08\/16\/atte-von-wright-no-mietinpa-nyt-presidentti-trumpia\/\">Atte von Wright: No, mietinp\u00e4 nyt presidentti Trumpia.<\/a><\/p><\/blockquote>\n<p><iframe class=\"wp-embedded-content\" sandbox=\"allow-scripts\" security=\"restricted\" style=\"position: absolute; clip: rect(1px, 1px, 1px, 1px);\" title=\"&#8221;Atte von Wright: No, mietinp\u00e4 nyt presidentti Trumpia.&#8221; &#8212; \" src=\"https:\/\/www.uutispeili.fi\/index.php\/2025\/08\/16\/atte-von-wright-no-mietinpa-nyt-presidentti-trumpia\/embed\/#?secret=nAXfUF85Yr#?secret=6IddPmTqCW\" data-secret=\"6IddPmTqCW\" width=\"600\" height=\"338\" frameborder=\"0\" marginwidth=\"0\" marginheight=\"0\" scrolling=\"no\"><\/iframe><\/p>\n<blockquote class=\"wp-embedded-content\" data-secret=\"GR6IJa7Q3n\"><p><a href=\"https:\/\/www.uutispeili.fi\/index.php\/2025\/08\/11\/hyokkayssotien-laillistaminen-saattaa-edeta-perjantaina-jaljet-eivat-lupaa-hyvaa\/\">Hy\u00f6kk\u00e4yssotien laillistaminen saattaa edet\u00e4 perjantaina, -j\u00e4ljet eiv\u00e4t lupaa hyv\u00e4\u00e4<\/a><\/p><\/blockquote>\n<p><iframe class=\"wp-embedded-content\" sandbox=\"allow-scripts\" security=\"restricted\" style=\"position: absolute; clip: rect(1px, 1px, 1px, 1px);\" title=\"&#8221;Hy\u00f6kk\u00e4yssotien laillistaminen saattaa edet\u00e4 perjantaina, -j\u00e4ljet eiv\u00e4t lupaa hyv\u00e4\u00e4&#8221; &#8212; \" src=\"https:\/\/www.uutispeili.fi\/index.php\/2025\/08\/11\/hyokkayssotien-laillistaminen-saattaa-edeta-perjantaina-jaljet-eivat-lupaa-hyvaa\/embed\/#?secret=LnaHZ0iLaO#?secret=GR6IJa7Q3n\" data-secret=\"GR6IJa7Q3n\" width=\"600\" height=\"338\" frameborder=\"0\" marginwidth=\"0\" marginheight=\"0\" scrolling=\"no\"><\/iframe><\/p>\n<blockquote class=\"wp-embedded-content\" data-secret=\"RrnMytyp0J\"><p><a href=\"https:\/\/www.uutispeili.fi\/index.php\/2025\/02\/13\/sanna-marin-tanaan-venajan-voitto-rohkaisisi-autoritaarisia-hallintoja-maailmanlaajuisesti-ja-murentaisi-turvallisuutta\/\">Sanna Marin t\u00e4n\u00e4\u00e4n: &#8221;Ven\u00e4j\u00e4n voitto rohkaisisi autoritaarisia hallintoja maailmanlaajuisesti ja murentaisi turvallisuutta<\/a><\/p><\/blockquote>\n<p><iframe class=\"wp-embedded-content\" sandbox=\"allow-scripts\" security=\"restricted\" style=\"position: absolute; clip: rect(1px, 1px, 1px, 1px);\" title=\"&#8221;Sanna Marin t\u00e4n\u00e4\u00e4n: &#8221;Ven\u00e4j\u00e4n voitto rohkaisisi autoritaarisia hallintoja maailmanlaajuisesti ja murentaisi turvallisuutta&#8221; &#8212; \" src=\"https:\/\/www.uutispeili.fi\/index.php\/2025\/02\/13\/sanna-marin-tanaan-venajan-voitto-rohkaisisi-autoritaarisia-hallintoja-maailmanlaajuisesti-ja-murentaisi-turvallisuutta\/embed\/#?secret=1uVwtJAFZZ#?secret=RrnMytyp0J\" data-secret=\"RrnMytyp0J\" width=\"600\" height=\"338\" frameborder=\"0\" marginwidth=\"0\" marginheight=\"0\" scrolling=\"no\"><\/iframe><\/p>\n<blockquote class=\"wp-embedded-content\" data-secret=\"dPUrsHAm5n\"><p><a href=\"https:\/\/www.uutispeili.fi\/index.php\/2025\/03\/04\/li-andersson-tanaan-kahden-suurvallan-autoritaariset-johtajat-paattavat-keskenaan-muiden-asioista\/\">Li Andersson t\u00e4n\u00e4\u00e4n: &#8217;Kahden suurvallan autoritaariset johtajat p\u00e4\u00e4tt\u00e4v\u00e4t kesken\u00e4\u00e4n muiden asioista&#8217;<\/a><\/p><\/blockquote>\n<p><iframe class=\"wp-embedded-content\" sandbox=\"allow-scripts\" security=\"restricted\" style=\"position: absolute; clip: rect(1px, 1px, 1px, 1px);\" title=\"&#8221;Li Andersson t\u00e4n\u00e4\u00e4n: &#8217;Kahden suurvallan autoritaariset johtajat p\u00e4\u00e4tt\u00e4v\u00e4t kesken\u00e4\u00e4n muiden asioista&#8217;&#8221; &#8212; \" src=\"https:\/\/www.uutispeili.fi\/index.php\/2025\/03\/04\/li-andersson-tanaan-kahden-suurvallan-autoritaariset-johtajat-paattavat-keskenaan-muiden-asioista\/embed\/#?secret=WqD3RC3QnR#?secret=dPUrsHAm5n\" data-secret=\"dPUrsHAm5n\" width=\"600\" height=\"338\" frameborder=\"0\" marginwidth=\"0\" marginheight=\"0\" scrolling=\"no\"><\/iframe><\/p>\n<blockquote class=\"wp-embedded-content\" data-secret=\"t8jFGjZWlQ\"><p><a href=\"https:\/\/www.uutispeili.fi\/index.php\/2025\/08\/10\/kansanedustaja-varoittaa-venaja-rakentaa-tietoliikenne-infraa-keskelle-helsinkia\/\">Kansanedustaja varoittaa: Ven\u00e4j\u00e4 rakentaa tietoliikenne-infraa keskelle Helsinki\u00e4<\/a><\/p><\/blockquote>\n<p><iframe class=\"wp-embedded-content\" sandbox=\"allow-scripts\" security=\"restricted\" style=\"position: absolute; clip: rect(1px, 1px, 1px, 1px);\" title=\"&#8221;Kansanedustaja varoittaa: Ven\u00e4j\u00e4 rakentaa tietoliikenne-infraa keskelle Helsinki\u00e4&#8221; &#8212; \" src=\"https:\/\/www.uutispeili.fi\/index.php\/2025\/08\/10\/kansanedustaja-varoittaa-venaja-rakentaa-tietoliikenne-infraa-keskelle-helsinkia\/embed\/#?secret=drZ8YUqVdi#?secret=t8jFGjZWlQ\" data-secret=\"t8jFGjZWlQ\" width=\"600\" height=\"338\" frameborder=\"0\" marginwidth=\"0\" marginheight=\"0\" scrolling=\"no\"><\/iframe><\/p>\n<blockquote class=\"wp-embedded-content\" data-secret=\"nsd2LwKhNu\"><p><a href=\"https:\/\/www.uutispeili.fi\/index.php\/2024\/03\/05\/lissu-huomautti-aarioikeisto-on-venajan-puolella\/\">Li huomautti: \u00c4\u00e4rioikeisto on Ven\u00e4j\u00e4n puolella<\/a><\/p><\/blockquote>\n<p><iframe class=\"wp-embedded-content\" sandbox=\"allow-scripts\" security=\"restricted\" style=\"position: absolute; clip: rect(1px, 1px, 1px, 1px);\" title=\"&#8221;Li huomautti: \u00c4\u00e4rioikeisto on Ven\u00e4j\u00e4n puolella&#8221; &#8212; \" src=\"https:\/\/www.uutispeili.fi\/index.php\/2024\/03\/05\/lissu-huomautti-aarioikeisto-on-venajan-puolella\/embed\/#?secret=O1BpiduQuu#?secret=nsd2LwKhNu\" data-secret=\"nsd2LwKhNu\" width=\"600\" height=\"338\" frameborder=\"0\" marginwidth=\"0\" marginheight=\"0\" scrolling=\"no\"><\/iframe><\/p>\n","protected":false},"excerpt":{"rendered":"<p>Sivistysmaiden ty\u00f6kalupakissa ei ole sellaista ratkaisuehdotusta, joka sek\u00e4 lopettaisi helmikuusta 2022 jatkuneen sodan Ukrainassa, ett\u00e4 kelpaisi Kremlille. (Kuvan aineisto mm. Kremlin.ru, -pikkukuvan teksti: Nasha Aljaska, -meid\u00e4n Alaska.) Vanha ven\u00e4l\u00e4inen posteri (kuvaan uporettuna), joka muistuttaa Alaskan kuuluneen joskus &#8221;meille&#8221;, toteutuu sik\u00e4li, ett\u00e4 Anchoragen tapaamisen tulos kuuluu Ven\u00e4j\u00e4lle, -ei kenellek\u00e4\u00e4n muulle. Mika Aaltola kommentoi t\u00e4n\u00e4\u00e4n: Mika Aaltola [&hellip;]<\/p>\n","protected":false},"author":3,"featured_media":7767,"comment_status":"open","ping_status":"open","sticky":false,"template":"","format":"standard","meta":{"footnotes":""},"categories":[31,71,87,74,127],"tags":[],"_links":{"self":[{"href":"https:\/\/www.uutispeili.fi\/index.php\/wp-json\/wp\/v2\/posts\/7763"}],"collection":[{"href":"https:\/\/www.uutispeili.fi\/index.php\/wp-json\/wp\/v2\/posts"}],"about":[{"href":"https:\/\/www.uutispeili.fi\/index.php\/wp-json\/wp\/v2\/types\/post"}],"author":[{"embeddable":true,"href":"https:\/\/www.uutispeili.fi\/index.php\/wp-json\/wp\/v2\/users\/3"}],"replies":[{"embeddable":true,"href":"https:\/\/www.uutispeili.fi\/index.php\/wp-json\/wp\/v2\/comments?post=7763"}],"version-history":[{"count":2,"href":"https:\/\/www.uutispeili.fi\/index.php\/wp-json\/wp\/v2\/posts\/7763\/revisions"}],"predecessor-version":[{"id":7770,"href":"https:\/\/www.uutispeili.fi\/index.php\/wp-json\/wp\/v2\/posts\/7763\/revisions\/7770"}],"wp:featuredmedia":[{"embeddable":true,"href":"https:\/\/www.uutispeili.fi\/index.php\/wp-json\/wp\/v2\/media\/7767"}],"wp:attachment":[{"href":"https:\/\/www.uutispeili.fi\/index.php\/wp-json\/wp\/v2\/media?parent=7763"}],"wp:term":[{"taxonomy":"category","embeddable":true,"href":"https:\/\/www.uutispeili.fi\/index.php\/wp-json\/wp\/v2\/categories?post=7763"},{"taxonomy":"post_tag","embeddable":true,"href":"https:\/\/www.uutispeili.fi\/index.php\/wp-json\/wp\/v2\/tags?post=7763"}],"curies":[{"name":"wp","href":"https:\/\/api.w.org\/{rel}","templated":true}]}}