{"id":7740,"date":"2025-08-15T11:03:51","date_gmt":"2025-08-15T08:03:51","guid":{"rendered":"https:\/\/www.uutispeili.fi\/?p=7740"},"modified":"2025-08-15T11:03:52","modified_gmt":"2025-08-15T08:03:52","slug":"lapsiasiainvaltuutettu-hiljaa-kun-keskustelu-koulujen-huntukiellosta-kay-kuumana-koponen-luulisi-tyttojen-oikeudet-kiinnostavan","status":"publish","type":"post","link":"https:\/\/www.uutispeili.fi\/index.php\/2025\/08\/15\/lapsiasiainvaltuutettu-hiljaa-kun-keskustelu-koulujen-huntukiellosta-kay-kuumana-koponen-luulisi-tyttojen-oikeudet-kiinnostavan\/","title":{"rendered":"Lapsiasiainvaltuutettu hiljaa, kun keskustelu koulujen huntukiellosta k\u00e4y kuumana \u2013 Koponen: &#8221;Luulisi tytt\u00f6jen oikeudet kiinnostavan&#8221;"},"content":{"rendered":"<p><strong>Keskustelu kasvot peitt\u00e4vien huntujen, <em>burkan<\/em> ja <em>niqabin<\/em>, kielt\u00e4misest\u00e4 julkisissa tiloissa, erityisesti kouluissa, on k\u00e4ynyt kuumana. <\/strong><\/p>\n<p>Eduskunnan sivistysvaliokunnan varapuheenjohtaja <strong>Ari Koponen<\/strong> (perussuomalaiset.) h\u00e4mm\u00e4stelee, ettei lapsiasiainvaltuutettu <strong>Elina Pekkarinen<\/strong> ole ottanut asiaan kantaa.<\/p>\n<blockquote>\n<p>Pid\u00e4n kyll\u00e4 k\u00e4sitt\u00e4m\u00e4tt\u00f6m\u00e4n\u00e4, ettei lapsiasiainvaltuutettu ole puhua pukahtanut asiasta. Luulisi, ett\u00e4 tytt\u00f6jen oikeudet kiinnostaa lapsiasiainvaltuutettua, Koponen h\u00e4mm\u00e4stelee.<\/p>\n<\/blockquote>\n<p>Koposen mukaan erityisesti lapsiasiainvaltuutetun roolista olisi hyv\u00e4, ett\u00e4 kommentoitaisiin merkitt\u00e4v\u00e4\u00e4n julkiseen keskusteluun noussutta asiaa, joka olennaisesti vaikuttaa tytt\u00f6lasten oikeuksien toteutumiseen Suomessa.<\/p>\n<p>Itselleni asia on hyvin selv\u00e4. Suomalaiseen kulttuuriin ei kuulu tytt\u00f6jen tai naisten alistaminen kankaan alle, Koponen p\u00e4\u00e4tt\u00e4\u00e4. <img loading=\"lazy\" decoding=\"async\" class=\"alignnone size-full wp-image-144\" src=\"https:\/\/www.uutispeili.fi\/wp-content\/uploads\/2023\/11\/di.gold_.gif\" alt=\"\" width=\"11\" height=\"11\" \/><\/p>\n<p>(Uutispeili ei ole muokannut artikkelin sis\u00e4lt\u00f6\u00e4.)<\/p>\n\n\n<p><\/p>\n","protected":false},"excerpt":{"rendered":"<p>Keskustelu kasvot peitt\u00e4vien huntujen, burkan ja niqabin, kielt\u00e4misest\u00e4 julkisissa tiloissa, erityisesti kouluissa, on k\u00e4ynyt kuumana. Eduskunnan sivistysvaliokunnan varapuheenjohtaja Ari Koponen (perussuomalaiset.) h\u00e4mm\u00e4stelee, ettei lapsiasiainvaltuutettu Elina Pekkarinen ole ottanut asiaan kantaa. Pid\u00e4n kyll\u00e4 k\u00e4sitt\u00e4m\u00e4tt\u00f6m\u00e4n\u00e4, ettei lapsiasiainvaltuutettu ole puhua pukahtanut asiasta. Luulisi, ett\u00e4 tytt\u00f6jen oikeudet kiinnostaa lapsiasiainvaltuutettua, Koponen h\u00e4mm\u00e4stelee. Koposen mukaan erityisesti lapsiasiainvaltuutetun roolista olisi hyv\u00e4, ett\u00e4 [&hellip;]<\/p>\n","protected":false},"author":3,"featured_media":3762,"comment_status":"open","ping_status":"open","sticky":false,"template":"","format":"standard","meta":{"footnotes":""},"categories":[49,182],"tags":[],"_links":{"self":[{"href":"https:\/\/www.uutispeili.fi\/index.php\/wp-json\/wp\/v2\/posts\/7740"}],"collection":[{"href":"https:\/\/www.uutispeili.fi\/index.php\/wp-json\/wp\/v2\/posts"}],"about":[{"href":"https:\/\/www.uutispeili.fi\/index.php\/wp-json\/wp\/v2\/types\/post"}],"author":[{"embeddable":true,"href":"https:\/\/www.uutispeili.fi\/index.php\/wp-json\/wp\/v2\/users\/3"}],"replies":[{"embeddable":true,"href":"https:\/\/www.uutispeili.fi\/index.php\/wp-json\/wp\/v2\/comments?post=7740"}],"version-history":[{"count":1,"href":"https:\/\/www.uutispeili.fi\/index.php\/wp-json\/wp\/v2\/posts\/7740\/revisions"}],"predecessor-version":[{"id":7741,"href":"https:\/\/www.uutispeili.fi\/index.php\/wp-json\/wp\/v2\/posts\/7740\/revisions\/7741"}],"wp:featuredmedia":[{"embeddable":true,"href":"https:\/\/www.uutispeili.fi\/index.php\/wp-json\/wp\/v2\/media\/3762"}],"wp:attachment":[{"href":"https:\/\/www.uutispeili.fi\/index.php\/wp-json\/wp\/v2\/media?parent=7740"}],"wp:term":[{"taxonomy":"category","embeddable":true,"href":"https:\/\/www.uutispeili.fi\/index.php\/wp-json\/wp\/v2\/categories?post=7740"},{"taxonomy":"post_tag","embeddable":true,"href":"https:\/\/www.uutispeili.fi\/index.php\/wp-json\/wp\/v2\/tags?post=7740"}],"curies":[{"name":"wp","href":"https:\/\/api.w.org\/{rel}","templated":true}]}}