{"id":7700,"date":"2025-08-12T14:56:36","date_gmt":"2025-08-12T11:56:36","guid":{"rendered":"https:\/\/www.uutispeili.fi\/?p=7700"},"modified":"2025-08-12T15:38:05","modified_gmt":"2025-08-12T12:38:05","slug":"israelin-armeija-vaittaa-surmatulla-al-jazeeran-toimittajalla-laheinen-yhteys-terroristeihin","status":"publish","type":"post","link":"https:\/\/www.uutispeili.fi\/index.php\/2025\/08\/12\/israelin-armeija-vaittaa-surmatulla-al-jazeeran-toimittajalla-laheinen-yhteys-terroristeihin\/","title":{"rendered":"Israelin armeija v\u00e4itt\u00e4\u00e4: Surmatulla al-Jazeeran toimittajalla l\u00e4heinen yhteys terroristeihin"},"content":{"rendered":"<p><strong>Sunnuntaina sai Gazan kaistalla surmansa qatarilaiselle al-Jazeeralle ty\u00f6skentelev\u00e4 toimittaja, ilmeisesti Israelin armeijan (IDF:n) toiminnan seurauksena. Surma on her\u00e4tt\u00e4nyt laajaa paheksuntaa IDF\u00e4\u00e4 kohtaan. T\u00e4n\u00e4\u00e4n IDF:ll\u00e4 on puheenvuoro: Toimittaja oli Hamasin yhteisty\u00f6kumppani.<\/strong><\/p>\n<p>(Kuvassa toimittaja al-Sharif ja Hamasin johtajanakin toiminut Yahya Sinwar. Kuval\u00e4hde; Viestipalvelu X.)<\/p>\n<blockquote><p><strong>Israelin armeijan<\/strong> tiedottajan mukaan <strong>al-Jazeera<\/strong> -medialle ty\u00f6skennellyt toimittaja [<strong>Anas<\/strong>] <strong>al-Sharif <\/strong>&#8221;oli aktiivinen Hamasin j\u00e4sen, joka sai palkkaa terroristiryhm\u00e4lt\u00e4.&#8221;<\/p><\/blockquote>\n<p>Samassa v\u00e4likohtauksessa sunnuntaina (10.08.) <strong>Gaza City<\/strong>ss\u00e4 sai surmansa viisi muuta henkil\u00f6\u00e4, -jotka mainitaan my\u00f6s toimittajina.<\/p>\n<p>IDF:n sunnuntai-aamun iskussa menehtyiv\u00e4t al-Jazeeran kirjeenvaihtajat al-Sharif ja <strong>Mohammed Qraiqea<\/strong>, sek\u00e4 al-Jazeeran kuvaajat <strong>Ibrahim Zaher<\/strong>, <strong>Moamen Aliwa<\/strong> ja <strong>Mohammed Noufal<\/strong>. Surmansa sai my\u00f6s freelancer <strong>Mohammad al-Khaldi<\/strong>.<\/p>\n<blockquote><p>-Sharifin tausta ja toimet Hamasin organisaatiossako houkuttelivat kranaatit toimittajien telttaan Casa-Cityss\u00e4?<\/p><\/blockquote>\n<p><a href=\"https:\/\/x.com\/LTC_Shoshani\/status\/1955011765454139556\"><img loading=\"lazy\" decoding=\"async\" class=\"aligncenter wp-image-7702 size-full\" src=\"https:\/\/www.uutispeili.fi\/wp-content\/uploads\/2025\/08\/ltc-000x.png\" alt=\"\" width=\"480\" height=\"496\" srcset=\"https:\/\/www.uutispeili.fi\/wp-content\/uploads\/2025\/08\/ltc-000x.png 480w, https:\/\/www.uutispeili.fi\/wp-content\/uploads\/2025\/08\/ltc-000x-290x300.png 290w\" sizes=\"(max-width: 480px) 100vw, 480px\" \/><\/a><\/p>\n<blockquote><p>\u201dEnnen iskua saimme ajankohtaista tiedustelutietoa, joka osoitti, ett\u00e4 [Anas] al-Sharif oli aktiivinen Hamasin sotilassiiven j\u00e4sen eliminointinsa aikaan. Lis\u00e4ksi h\u00e4n sai samanaikaisesti palkkaa Hamasin terroristiryhm\u00e4lt\u00e4 ja sit\u00e4 tukevalta Al-Jazeeralta\u201d, Israelin puolustusvoimien kansainv\u00e4linen tiedottaja, everstiluutnantti <strong>Nadav Shoshani<\/strong>, sanoi X:ll\u00e4.<\/p><\/blockquote>\n<p>Eversti Shoshani on aiemmin ottanut jyrk\u00e4sti kantaa &#8217;<em>toimittajina esiintyviin terroristeihin<\/em>&#8217;.<\/p>\n<p>Sharif on toiminut &#8221;Hamasin terroristisolun johtajana ja edist\u00e4nyt raketti-iskuja israelilaisia siviilej\u00e4 ja Israelin puolustusvoimien joukkoja vastaan&#8221;, totesi eversti.<\/p>\n<blockquote><p>\u201dGazasta saadut tiedustelutiedot ja asiakirjat, mukaan lukien luettelot, terroristien koulutusluettelot ja palkkatiedot, todistavat h\u00e4nen olleen Hamasin operatiivinen j\u00e4sen, joka oli integroitunut Al Jazeeraan\u201d, tiedotti IDF, julkaisten kuvakaappauksia v\u00e4itett\u00e4 tukevista asiakirjoista.<\/p><\/blockquote>\n<p>Al-Sharif oli asiakirjojen mukaan liittynyt Hamasin sotilassiipeen 3. joulukuuta 2013, toimien raketinlaukaisuryhm\u00e4n komentajana Pohjois-Gazassa, llen ryhm\u00e4n komentajana 1. tammikuuta 2019.<br \/>\nAsiakirjoissa kerrottiin my\u00f6s Sharifin sotilashenkil\u00f6numero -305342- ja kuukausipalkka: .200 dollaria. (-Saahan sen p\u00e4\u00e4lle muutaman neitsyk\u00e4isen?)<\/p>\n<p>(Jatkuu linkin j\u00e4lkeen.)<\/p>\n<blockquote class=\"wp-embedded-content\" data-secret=\"ijgtizcIwn\"><p><a href=\"https:\/\/www.uutispeili.fi\/index.php\/2024\/08\/22\/sinwarin-valinta-rauha-vai-72-neitsykaista\/\">Sinwarin valinta: Rauha, vai 72 neitsyk\u00e4ist\u00e4?<\/a><\/p><\/blockquote>\n<p><iframe class=\"wp-embedded-content\" sandbox=\"allow-scripts\" security=\"restricted\" style=\"position: absolute; clip: rect(1px, 1px, 1px, 1px);\" title=\"&#8221;Sinwarin valinta: Rauha, vai 72 neitsyk\u00e4ist\u00e4?&#8221; &#8212; \" src=\"https:\/\/www.uutispeili.fi\/index.php\/2024\/08\/22\/sinwarin-valinta-rauha-vai-72-neitsykaista\/embed\/#?secret=pm8ZLXcGu0#?secret=ijgtizcIwn\" data-secret=\"ijgtizcIwn\" width=\"600\" height=\"338\" frameborder=\"0\" marginwidth=\"0\" marginheight=\"0\" scrolling=\"no\"><\/iframe><\/p>\n<h2>&#8221;Toimittaja&#8221; mukana 07.10. veril\u00f6ylyss\u00e4<\/h2>\n<p>Al-Sharifin nimi l\u00f6ytyy -IDF:n mukaan- eritt\u00e4in pahaenteisest\u00e4 yhteydest\u00e4: H\u00e4net mainitaan terroristiryhm\u00e4 <span style=\"font-size: revert; color: initial;\">Hamasin <strong>It\u00e4-Jabalian pataljoonaan<\/strong> kuuluvan eliittijoukon, <strong>Nukhba Force<\/strong> -komppanian, sis\u00e4isess\u00e4 puhelinrekisteriss\u00e4. Hakemistosta l\u00f6ytyy my\u00f6s Sharifin koodinimi.<\/span><\/p>\n<p>Nukhba Forcen terroristit johtivat 7. lokakuuta 2023 ensimm\u00e4isi\u00e4 iskuaaltoja Gazan kaistalta Negeviin, Etel\u00e4-Israeliin. Nukhba-terroristit hy\u00f6kk\u00e4siv\u00e4t kibbutsheihin ja <em><strong>Super-Nova<\/strong><\/em>-teknomusiikki-festivaaleille, syyllistyen kaikkiin kuviteltavissa oleviin rikollisiin tekoihin, -ja joihinkin muihinkin.<\/p>\n<p>(Linkki avautuu toiseen julkaisuun.)<\/p>\n<p><a href=\"https:\/\/uutisiahauskastijakiinnostavasti.wordpress.com\/2023\/10\/30\/islamistiterroristien-kaappaama-shani-louk-loydetty-kuolleena\/\"><img loading=\"lazy\" decoding=\"async\" class=\"aligncenter wp-image-1582 size-full\" src=\"https:\/\/www.uutispeili.fi\/wp-content\/uploads\/2024\/03\/shani800445-hki-miksi.png\" alt=\"\" width=\"791\" height=\"445\" srcset=\"https:\/\/www.uutispeili.fi\/wp-content\/uploads\/2024\/03\/shani800445-hki-miksi.png 791w, https:\/\/www.uutispeili.fi\/wp-content\/uploads\/2024\/03\/shani800445-hki-miksi-300x169.png 300w, https:\/\/www.uutispeili.fi\/wp-content\/uploads\/2024\/03\/shani800445-hki-miksi-768x432.png 768w\" sizes=\"(max-width: 791px) 100vw, 791px\" \/><\/a><\/p>\n<p>Kuvaassa -lokakuun 7:nnelt\u00e4 2023- <strong>Shani Louk<\/strong> (ylemp\u00e4n\u00e4 olevassa kuvassa) ja sunnuntaina (10.08.) surmatun &#8221;<em>toimittaja<\/em>&#8221; al-Sharifin komentaman osaston &#8221;<em>taistelijoita<\/em>&#8221;:<\/p>\n<p><img loading=\"lazy\" decoding=\"async\" class=\"aligncenter wp-image-7706 size-full\" src=\"https:\/\/www.uutispeili.fi\/wp-content\/uploads\/2025\/08\/shani.louk0000000.jpg\" alt=\"\" width=\"680\" height=\"680\" srcset=\"https:\/\/www.uutispeili.fi\/wp-content\/uploads\/2025\/08\/shani.louk0000000.jpg 680w, https:\/\/www.uutispeili.fi\/wp-content\/uploads\/2025\/08\/shani.louk0000000-300x300.jpg 300w, https:\/\/www.uutispeili.fi\/wp-content\/uploads\/2025\/08\/shani.louk0000000-150x150.jpg 150w\" sizes=\"(max-width: 680px) 100vw, 680px\" \/><\/p>\n<p>IDF on onnistunut eliminoimaan ilmeisesti koko kuvassa poseeraavan joukon? -Heh\u00e4n ovat rauhan ja aselevon esteen\u00e4: -Israelilaisille on helpompi perustella aselepo ja siit\u00e4 seuraavat asiat, jos ei tarvitse ajatella, ett\u00e4 kuvan partasuut voivat k\u00e4vell\u00e4 maan pinnalla, tavallisten ihmisten joukossa.<\/p>\n<h2>Niin miss\u00e4 oli se ihmisoikeusrikos?<\/h2>\n<p>Al-Sharifin, joka oli ainakin paperien mukaan al-Jazeeran toimittaja, kuolema on nostattanut Israel-kritiikki\u00e4 tavallisesti arvostelukykyisiss\u00e4kin henkil\u00f6iss\u00e4. <strong>Euroopan unioni<\/strong>kin liittyi maanataina iskun tuomitsevaan kuoroon. <strong>YK<\/strong>:n tiedottaja <strong>Stephane Dujarric<\/strong> kertoi p\u00e4\u00e4sihteeri <strong>Ant\u00f3nio Guterres<\/strong>in vaativan &#8221;<em>riippumatonta ja puolueetonta tutkintaa n\u00e4ist\u00e4 viimeisimmist\u00e4 surmista<\/em>&#8221;.<\/p>\n<blockquote><p>\u201dAinakin 242 toimittajaa on tapettu Gazassa sodan alkamisen j\u00e4lkeen. Toimittajia ja mediaty\u00f6ntekij\u00f6it\u00e4 on kunnioitettava, heit\u00e4 on suojeltava ja heid\u00e4n on saatava tehd\u00e4 ty\u00f6t\u00e4\u00e4n vapaasti, pelotta ja h\u00e4irinn\u00e4n ulottumattomissa\u201d, Guterres lis\u00e4si.<\/p><\/blockquote>\n<p>YK on jo tullut petetyksi palestiinalais-pakolaisia auttavan j\u00e4rjest\u00f6ns\u00e4 henkil\u00f6kunnan suhteen: Gazassa joukko oli kyll\u00e4stetty islamistiterroristeilla, joiden joukossa oli my\u00f6s aktiivisesti 07.10 2023 veril\u00f6ylyyn osallistuneita. Se &#8221;<em>riippumaton ja puolueeton tutkinta&#8221;<\/em>, -milloin sen n\u00e4emme?<\/p>\n<p>Al-Sharif oli viime huhtikuussa kirjoittanut valmiiksi er\u00e4\u00e4nlaisen <em>post-mortem<\/em> -ultimaatuminsa. Joku sen julkaisi maanantaina (11.08.) h\u00e4nen tilill\u00e4\u00e4n somessa. &#8221;<em>Minut on vaiennettu! -\u00c4lk\u00e4\u00e4 unohtako Gazaa!<\/em>&#8221;<\/p>\n<p>Ehk\u00e4p\u00e4. joku muisti lokakuun seitsem\u00e4nnen. v.2023, -ja h\u00e4nell\u00e4 oli sopivasti kranaatinheittiminen suuntauslaitteet edess\u00e4\u00e4n?<\/p>\n<p>Pekka Kemppainen<\/p>\n<p>Luettavaa:<\/p>\n<ul>\n<li><a href=\"https:\/\/www.timesofisrael.com\/amid-global-outcry-idf-says-al-jazeera-reporter-it-killed-was-receiving-hamas-salary\/\" target=\"_blank\" rel=\"noopener\"><strong>The Times of Israel<\/strong><\/a> 12.08. 2025,<\/li>\n<\/ul>\n<p><img loading=\"lazy\" decoding=\"async\" class=\"size-full wp-image-144 aligncenter\" src=\"https:\/\/www.uutispeili.fi\/wp-content\/uploads\/2023\/11\/di.gold_.gif\" alt=\"\" width=\"11\" height=\"11\" \/><\/p>\n<blockquote class=\"wp-embedded-content\" data-secret=\"DdJVedMcHY\"><p><a href=\"https:\/\/www.uutispeili.fi\/index.php\/2023\/12\/27\/miten-sorretut-ja-kiusatut-hankkivat-maailman-myotatunnon-lesson-one-gaza-video\/\">Miten sorretut ja kiusatut hankkivat maailman my\u00f6t\u00e4tunnon. Lesson One: Gaza (VIDEO)<\/a><\/p><\/blockquote>\n<p><iframe class=\"wp-embedded-content\" sandbox=\"allow-scripts\" security=\"restricted\" style=\"position: absolute; clip: rect(1px, 1px, 1px, 1px);\" title=\"&#8221;Miten sorretut ja kiusatut hankkivat maailman my\u00f6t\u00e4tunnon. Lesson One: Gaza (VIDEO)&#8221; &#8212; \" src=\"https:\/\/www.uutispeili.fi\/index.php\/2023\/12\/27\/miten-sorretut-ja-kiusatut-hankkivat-maailman-myotatunnon-lesson-one-gaza-video\/embed\/#?secret=UjXKGpD3C4#?secret=DdJVedMcHY\" data-secret=\"DdJVedMcHY\" width=\"600\" height=\"338\" frameborder=\"0\" marginwidth=\"0\" marginheight=\"0\" scrolling=\"no\"><\/iframe><\/p>\n<blockquote class=\"wp-embedded-content\" data-secret=\"LVWvo9QlYJ\"><p><a href=\"https:\/\/www.uutispeili.fi\/index.php\/2023\/12\/01\/lokakuun-7-paivan-veriloyly-toi-feministiset-jarjestot-ja-jihadistiset-raiskaajat-samaan-sankyyn\/\">&#8221;Lokakuun 7. p\u00e4iv\u00e4n veril\u00f6yly toi feministiset j\u00e4rjest\u00f6t ja jihadistiset raiskaajat samaan s\u00e4nkyyn&#8221;<\/a><\/p><\/blockquote>\n<p><iframe class=\"wp-embedded-content\" sandbox=\"allow-scripts\" security=\"restricted\" style=\"position: absolute; clip: rect(1px, 1px, 1px, 1px);\" title=\"&#8221;&#8221;Lokakuun 7. p\u00e4iv\u00e4n veril\u00f6yly toi feministiset j\u00e4rjest\u00f6t ja jihadistiset raiskaajat samaan s\u00e4nkyyn&#8221;&#8221; &#8212; \" src=\"https:\/\/www.uutispeili.fi\/index.php\/2023\/12\/01\/lokakuun-7-paivan-veriloyly-toi-feministiset-jarjestot-ja-jihadistiset-raiskaajat-samaan-sankyyn\/embed\/#?secret=EVRZakPoHA#?secret=LVWvo9QlYJ\" data-secret=\"LVWvo9QlYJ\" width=\"600\" height=\"338\" frameborder=\"0\" marginwidth=\"0\" marginheight=\"0\" scrolling=\"no\"><\/iframe><\/p>\n<blockquote class=\"wp-embedded-content\" data-secret=\"DguLtXA8HB\"><p><a href=\"https:\/\/www.uutispeili.fi\/index.php\/2025\/06\/29\/ikonisen-festivaalin-lavalta-huudettiin-kuolemaa-juutalaisille\/\">Ikonisen festivaalin lavalta huudettiin kuolemaa juutalaisille<\/a><\/p><\/blockquote>\n<p><iframe class=\"wp-embedded-content\" sandbox=\"allow-scripts\" security=\"restricted\" style=\"position: absolute; clip: rect(1px, 1px, 1px, 1px);\" title=\"&#8221;Ikonisen festivaalin lavalta huudettiin kuolemaa juutalaisille&#8221; &#8212; \" src=\"https:\/\/www.uutispeili.fi\/index.php\/2025\/06\/29\/ikonisen-festivaalin-lavalta-huudettiin-kuolemaa-juutalaisille\/embed\/#?secret=gnJypmSBPR#?secret=DguLtXA8HB\" data-secret=\"DguLtXA8HB\" width=\"600\" height=\"338\" frameborder=\"0\" marginwidth=\"0\" marginheight=\"0\" scrolling=\"no\"><\/iframe><\/p>\n<blockquote class=\"wp-embedded-content\" data-secret=\"XAMF3KG2hD\"><p><a href=\"https:\/\/www.uutispeili.fi\/index.php\/2024\/08\/10\/mika-oli-hamasin-ja-lavrovin-keskustelunaihe-moskovassa-12-9-2022-ja-kenen-varpaille-haniyeh-talloi\/\">Mik\u00e4 oli Hamasin ja Lavrovin keskustelunaihe Moskovassa 12.9. 2022, -ja kenen varpaille Haniyeh talloi?<\/a><\/p><\/blockquote>\n<p><iframe class=\"wp-embedded-content\" sandbox=\"allow-scripts\" security=\"restricted\" style=\"position: absolute; clip: rect(1px, 1px, 1px, 1px);\" title=\"&#8221;Mik\u00e4 oli Hamasin ja Lavrovin keskustelunaihe Moskovassa 12.9. 2022, -ja kenen varpaille Haniyeh talloi?&#8221; &#8212; \" src=\"https:\/\/www.uutispeili.fi\/index.php\/2024\/08\/10\/mika-oli-hamasin-ja-lavrovin-keskustelunaihe-moskovassa-12-9-2022-ja-kenen-varpaille-haniyeh-talloi\/embed\/#?secret=foZ4uZoTn8#?secret=XAMF3KG2hD\" data-secret=\"XAMF3KG2hD\" width=\"600\" height=\"338\" frameborder=\"0\" marginwidth=\"0\" marginheight=\"0\" scrolling=\"no\"><\/iframe><\/p>\n","protected":false},"excerpt":{"rendered":"<p>Sunnuntaina sai Gazan kaistalla surmansa qatarilaiselle al-Jazeeralle ty\u00f6skentelev\u00e4 toimittaja, ilmeisesti Israelin armeijan (IDF:n) toiminnan seurauksena. Surma on her\u00e4tt\u00e4nyt laajaa paheksuntaa IDF\u00e4\u00e4 kohtaan. T\u00e4n\u00e4\u00e4n IDF:ll\u00e4 on puheenvuoro: Toimittaja oli Hamasin yhteisty\u00f6kumppani. (Kuvassa toimittaja al-Sharif ja Hamasin johtajanakin toiminut Yahya Sinwar. Kuval\u00e4hde; Viestipalvelu X.) Israelin armeijan tiedottajan mukaan al-Jazeera -medialle ty\u00f6skennellyt toimittaja [Anas] al-Sharif &#8221;oli aktiivinen Hamasin [&hellip;]<\/p>\n","protected":false},"author":3,"featured_media":7701,"comment_status":"open","ping_status":"open","sticky":false,"template":"","format":"standard","meta":{"footnotes":""},"categories":[151,21,161],"tags":[],"_links":{"self":[{"href":"https:\/\/www.uutispeili.fi\/index.php\/wp-json\/wp\/v2\/posts\/7700"}],"collection":[{"href":"https:\/\/www.uutispeili.fi\/index.php\/wp-json\/wp\/v2\/posts"}],"about":[{"href":"https:\/\/www.uutispeili.fi\/index.php\/wp-json\/wp\/v2\/types\/post"}],"author":[{"embeddable":true,"href":"https:\/\/www.uutispeili.fi\/index.php\/wp-json\/wp\/v2\/users\/3"}],"replies":[{"embeddable":true,"href":"https:\/\/www.uutispeili.fi\/index.php\/wp-json\/wp\/v2\/comments?post=7700"}],"version-history":[{"count":3,"href":"https:\/\/www.uutispeili.fi\/index.php\/wp-json\/wp\/v2\/posts\/7700\/revisions"}],"predecessor-version":[{"id":7709,"href":"https:\/\/www.uutispeili.fi\/index.php\/wp-json\/wp\/v2\/posts\/7700\/revisions\/7709"}],"wp:featuredmedia":[{"embeddable":true,"href":"https:\/\/www.uutispeili.fi\/index.php\/wp-json\/wp\/v2\/media\/7701"}],"wp:attachment":[{"href":"https:\/\/www.uutispeili.fi\/index.php\/wp-json\/wp\/v2\/media?parent=7700"}],"wp:term":[{"taxonomy":"category","embeddable":true,"href":"https:\/\/www.uutispeili.fi\/index.php\/wp-json\/wp\/v2\/categories?post=7700"},{"taxonomy":"post_tag","embeddable":true,"href":"https:\/\/www.uutispeili.fi\/index.php\/wp-json\/wp\/v2\/tags?post=7700"}],"curies":[{"name":"wp","href":"https:\/\/api.w.org\/{rel}","templated":true}]}}