{"id":7687,"date":"2025-08-11T11:54:23","date_gmt":"2025-08-11T08:54:23","guid":{"rendered":"https:\/\/www.uutispeili.fi\/?p=7687"},"modified":"2025-08-16T20:47:17","modified_gmt":"2025-08-16T17:47:17","slug":"hyokkayssotien-laillistaminen-saattaa-edeta-perjantaina-jaljet-eivat-lupaa-hyvaa","status":"publish","type":"post","link":"https:\/\/www.uutispeili.fi\/index.php\/2025\/08\/11\/hyokkayssotien-laillistaminen-saattaa-edeta-perjantaina-jaljet-eivat-lupaa-hyvaa\/","title":{"rendered":"Hy\u00f6kk\u00e4yssotien laillistaminen saattaa edet\u00e4 perjantaina, -j\u00e4ljet eiv\u00e4t lupaa hyv\u00e4\u00e4"},"content":{"rendered":"<p><strong>&#8221;<em>Odotettiin republikaania, saatiin publikaani<\/em> (tullimies)&#8221;, -voidaan vitsailla Yhdysvaltain nykyisest\u00e4 presidentist\u00e4, toista kauttaan istuvasta Donald Trumpista. -Mit\u00e4 muihin lupauksiin tulee, sota Ukrainassa ei p\u00e4\u00e4ttynyt 24:ss\u00e4 tunnissa, eik\u00e4 edes 100:ssa p\u00e4iv\u00e4ss\u00e4.<\/strong><\/p>\n<p>(Kuvakoosteessa Yhdysvaltain nykyinen presidentti ja Ison Britannian p\u00e4\u00e4ministeri vuodelta 1939, -ja historian siipien havinaa.)<\/p>\n<p>Alkaneella viikolla on j\u00e4lleen <em>rauhansopimus<\/em> luvassa. <strong>Donald Trump<\/strong>-ilmi\u00f6n ymm\u00e4rt\u00e4miseksi t\u00e4ytyy taustoittaa viime vuosisadalle asti. Katsotaan:<\/p>\n<p>Toisen maailmasodan (WW2) p\u00e4\u00e4ttyess\u00e4 v.1945 <strong>Yhdysvallat<\/strong> oli kiistatta maailman johtava sotilaallinen ja poliittinen mahti. Vastustajat oli nitistetty, ja liittoutuneiden (allies) itsest\u00e4\u00e4n k\u00e4ytt\u00e4m\u00e4 nimike, <strong>Yhdistyneet<\/strong> <strong>kansakunnat<\/strong> (YK) realisoitui maailmanj\u00e4rjest\u00f6ksi, joka pian t\u00e4yttyi itsen\u00e4istyvien siirtomaiden v\u00e4rikk\u00e4ist\u00e4 edustajista. -Ai niin: Yhdysvaltain sodanaikaiset liittolaiset, Iso Britannia ja <strong>Ranska<\/strong>, menettiv\u00e4t pian l\u00e4\u00e4nityksens\u00e4 etel\u00e4isell\u00e4 pallonpuoliskolla, -joko hyv\u00e4ll\u00e4 tai pahalla.<\/p>\n<h2>Hy\u00f6kk\u00e4yssota tuomittiin rikokseksi<\/h2>\n<p><strong>N\u00fcrnberg<\/strong>iss\u00e4 (Nurenburg) pidetyss\u00e4 spektaakkelissa <strong>hy\u00f6kk\u00e4yssota<\/strong> tuomittiin rikokseksi, ja maailma kuvitteli p\u00e4\u00e4sseens\u00e4 eroon aggressiivisist\u00e4 <strong>diktatuureista<\/strong>. -J\u00e4lkeenp\u00e4in tarkastellen silloinen naivismi on uskomatonta, -mutta takaisin britti-p\u00e4\u00e4ministeriin <strong>Neville Chamberlain<\/strong>iin (pikkukuvan kaveri).<\/p>\n<blockquote><p>Chamberlain kuvitteli v.1939, ett\u00e4 kun diktaattorille antaa sen mit\u00e4 t\u00e4m\u00e4 haluaa, ruokahalu tyyntyy. -Historia kertookin, kuka erehtyi.<\/p><\/blockquote>\n<p><strong>Tsekkoslovakian<\/strong> saksalais-alueilla &#8211;<strong>Sudetenland<\/strong>&#8211; sijaitsivat t\u00e4m\u00e4n edellisen maailmansodan voittajien s\u00e4\u00e4t\u00e4m\u00e4n valtion rajalinnakkeet ja luonnollinen puolustuslinja: Sudeettien vuoristo. Kun tsekit menettiv\u00e4t n\u00e4m\u00e4 alueet -britti-PMi:n kuvassa heiluttaman paperin mukaisesti- heid\u00e4n rajansa <strong>Saksan<\/strong> suuntaan olivat &#8221;auki&#8221;: Mahdollista hy\u00f6kk\u00e4\u00e4j\u00e4\u00e4 vastaan olivat <strong>B\u00f6\u00f6min<\/strong> tasangot, -eik\u00e4 siell\u00e4 pys\u00e4ytet\u00e4 ket\u00e4\u00e4n.<\/p>\n<blockquote><p>Niinp\u00e4, kun Saksan omap\u00e4inen <em>johtaja<\/em>, er\u00e4s <strong>Hitler<\/strong>, teki seuraavan siirtonsa, ja uhkasi tynk\u00e4-Tsekkoslovakiaa, t\u00e4m\u00e4n oli pakko nostaa k\u00e4det pystyyn ja antautua.<\/p><\/blockquote>\n<p>Tapauksesta voi jotain oppia? Diktaattoreista ja autokraattisista valtiojohtajista (25+ vuotta vallassa) voi sanoa paljonkin kielteist\u00e4, mutta oppimiskyvyn puutteesta -er\u00e4iss\u00e4 asioissa- ei heit\u00e4 pid\u00e4 moittia:\u00a0 <em>Sinne laajennetaan valtaa, miss\u00e4 <strong>vastus on heikoin<\/strong><\/em>.<\/p>\n<p>Ainakin senaattori <a href=\"https:\/\/fi.wikipedia.org\/wiki\/Lindsey_Graham\" target=\"_blank\" rel=\"noopener\"><strong>Lindsey Graham<\/strong><\/a> (republikaani) n\u00e4ytt\u00e4\u00e4 ymm\u00e4rt\u00e4neen, ettei <strong>Putinille<\/strong> pid\u00e4 antaa alueita <strong>Ukrainass<\/strong>a: N\u00e4lk\u00e4 siit\u00e4 vain kasvaa.-Mutta takaisin historiaan:<\/p>\n<h2><em>&#8217;Pax Americana&#8217;<\/em><\/h2>\n<p>Maailmansodan j\u00e4lkeisess\u00e4 maailmassa suurvaltojen konfliktia pidettiin mahdottomana: Suurvallat -tai sellaisina itse\u00e4\u00e4n pit\u00e4v\u00e4t- ottelivat <em>sijaissotijoiden<\/em> kautta, -ja perifeerisill\u00e4 alueilla. Ett\u00e4 ne eiv\u00e4t laajenneet globaaleiksi sodiksi, sen esti Yhdysvaltain sotilaallinen etev\u00e4mmyys, -ja ns. <em>kauhun tasapaino<\/em> (molemminpuolinen varmistettu tuho, MAD).<\/p>\n<blockquote><p>Yhdysvallat toimi my\u00f6s ik\u00e4\u00e4nkuin &#8221;<strong>maailmanpoliisina<\/strong>&#8221;, pakottaen vastapuolen -kommunistisen blokin- pysym\u00e4\u00e4n omalla reviirill\u00e4\u00e4n.<\/p><\/blockquote>\n<p><strong>Neuvostoliitto<\/strong> kyll\u00e4 yritti -mm. <strong>Afrikassa<\/strong>&#8211; mutta karvaat kokemukset opettivat pysyttelem\u00e4\u00e4n (v.1945 annetulla) reviirill\u00e4\u00e4n. -Ja samaan aikaan teollistuneissa sivistysmaissa elintaso nousi kohisten, &#8217;<strong><em>kylm\u00e4n<\/em><\/strong> <strong><em>sodan<\/em><\/strong>&#8217; vastapuoli &#8211;<strong>maailmankommunismi<\/strong>&#8211; oli paljastanut\u00a0 ruman naamansa, menett\u00e4nyt vetovoimansa ja moraalisen uskottavuutensa, ja l\u00e4ntisess\u00e4 maailmanosassa vallitsi optimistinen tulevaisuus-usko. (T\u00e4st\u00e4 tarkemmin toisaalla.)<\/p>\n<h2>-Kunnes <em>Vietnam<\/em><\/h2>\n<p>1960-luvulle tultaessa Yhdysvallat oli -ev\u00e4\u00e4ns\u00e4k\u00e4\u00e4n v\u00e4r\u00e4ytt\u00e4m\u00e4tt\u00e4- antanut <strong>Ranskan<\/strong> menett\u00e4\u00e4 pelins\u00e4 <strong>Indokiinan sodassa<\/strong>, mutta ajautuikin itse samoille savipelloille. N\u00e4in k\u00e4vi, kun Pentagonissa ja &#8217;ovaali-toimistossa&#8217; ei oltu luettu <strong>Sun Ts<\/strong>un kirjoituksia strategiasta: Tuhansien vuosien takainen kiinalainen ajattelija varoitti &#8221;<em>sodista ja taistelukentist\u00e4, joihin ei pid\u00e4 menn\u00e4<\/em>&#8221;.<\/p>\n<blockquote><p>Yhdysvalloille kehitysmaa Vietnam oli sellainen: Taistelussa teknisesti alkeellista vihollista vastaan -kehitysmaa ymp\u00e4rist\u00f6ss\u00e4- <strong>US.Army<\/strong>n teknisest\u00e4 ylivoimaisuudesta ei ollut mit\u00e4\u00e4n etua.<\/p><\/blockquote>\n<p>Rymistelless\u00e4\u00e4n ja paukutellessaan pitkin etel\u00e4-aasialaista, tihe\u00e4\u00e4n asuttua, maaseutua amerikkalaiset saivat aikaan enimm\u00e4kseen oheisvahinkoja &#8211;<strong>siviilitappioit<\/strong>a- ja imagevahingon itselleen. Nykyaikaisessa maailmassa <strong>media ja yleinen mielipide<\/strong> ovatkin t\u00e4rke\u00e4mpi taistelukentt\u00e4, kuin ne pusikot joissa &#8217;jenkit&#8217; mesoivat,<\/p>\n<p>Yhdysvallat menetti Vietnamin-sodassa moraalisen uskottavuutensa, -kuten p\u00e4\u00e4vastustaja maailmankommunismi oli menett\u00e4nyt 50-luvulla.<\/p>\n<blockquote><p>Kyse ei ollut vain &#8217;<em>PR-tappiosta<\/em>&#8217;: Yhdysvaltain hyv\u00e4n maineen mukana meni l\u00e4ntisen <strong>&#8217;<em>avoimen<\/em> <em>yhteiskunnan<\/em><\/strong>&#8217; (Open society) poliittinen etev\u00e4mmyys ja moraalinen vetovoima. -T\u00e4m\u00e4n vastoink\u00e4ymisen seuraukset ulottuivat <strong>Suomeenkin<\/strong>.<\/p><\/blockquote>\n<p>Avoimen yhteiskunnan henkinen kriisi, joka siis johtui em. Yhdysvaltain -&#8217;<em>vapaan maailman<\/em>&#8217; johtavan vallan- moraalisen auktoriteetin sortumisesta, synnytti ilmi\u00f6n jota olemme tottuneet nimitt\u00e4m\u00e4\u00e4n <em>nuorisoradikalismiksi<\/em> tai <em>kapinaksi<\/em>.<\/p>\n<p>(Jatkuu linkin j\u00e4lkeen.)<\/p>\n<blockquote class=\"wp-embedded-content\" data-secret=\"ZqgxMRNUP5\"><p><a href=\"https:\/\/www.uutispeili.fi\/index.php\/2025\/07\/09\/nuorisoradikalismin-historia-60-luvulta-2000-luvulle\/\">Nuorisoradikalismin historia 60-luvulta 2000-luvulle<\/a><\/p><\/blockquote>\n<p><iframe class=\"wp-embedded-content\" sandbox=\"allow-scripts\" security=\"restricted\" style=\"position: absolute; clip: rect(1px, 1px, 1px, 1px);\" title=\"&#8221;Nuorisoradikalismin historia 60-luvulta 2000-luvulle&#8221; &#8212; \" src=\"https:\/\/www.uutispeili.fi\/index.php\/2025\/07\/09\/nuorisoradikalismin-historia-60-luvulta-2000-luvulle\/embed\/#?secret=hMQGoGHCz7#?secret=ZqgxMRNUP5\" data-secret=\"ZqgxMRNUP5\" width=\"600\" height=\"338\" frameborder=\"0\" marginwidth=\"0\" marginheight=\"0\" scrolling=\"no\"><\/iframe><\/p>\n<p>Jos &#8217;vapaa maailma&#8217; sai tahran kilpeens\u00e4, ja vamman maineeseensa, &#8217;<em>kylm\u00e4n sodan<\/em>&#8217; vastapuoli koki t\u00e4ydellisen -itse aiheutetun- katastrofin 80- ja 90-lukujen taitteessa: <strong>Kommunistimaiden asukkaat<\/strong> saivat tarpeekseen ikuisesta valehtelusta ja ainaisesta puutteesta, ja <strong>it\u00e4saksalaiset<\/strong> &#8217;<em>\u00e4\u00e4nestiv\u00e4t jaloillaan<\/em>&#8217;: <strong>Berliinin<\/strong> <strong>muuri<\/strong> kaatui, Neuvostoliitto romahti omaan mahdottomuuteensa, ja kansat vapautuivat ven\u00e4l\u00e4isest\u00e4 siirtomaavallasta <strong>It\u00e4-Euroopassa<\/strong>.<\/p>\n<blockquote><p>Miksi t\u00e4m\u00e4k\u00e4\u00e4n historiallinen tilaisuus ihmiskunnalle ei johtanut pysyviin tuloksiin, -siihen t\u00e4ytyy paneutua paremmalla ajalla. -T\u00e4h\u00e4n yhteyteen on todettava, ett\u00e4 Neuvostoliiton hajottaminen j\u00e4tettiin kesken, eik\u00e4 <strong>kommunisti-Kiinaa<\/strong> otettu k\u00e4sittelyyn lainkaan. -T\u00e4n\u00e4\u00e4n k\u00e4rsii koko maailma t\u00e4st\u00e4 laiminly\u00f6nnist\u00e4.<\/p><\/blockquote>\n<p>Kuten WW2:n voittajien aseistaja -ja raskaimman taakan kantanut- Yhdysvallat luovutti voiton hedelm\u00e4t <strong>ven\u00e4l\u00e4iselle diktatuurivaltiolle<\/strong>, my\u00f6s &#8217;<em>kylm\u00e4n sodan<\/em>&#8217; voitto hukattiin. T\u00e4h\u00e4n sopii anekdootti Suomen historian parhaimmalta presidentilt\u00e4, <strong>Risto Ryti<\/strong>lt\u00e4:<\/p>\n<blockquote><p>Suomen presidentti kysyi <strong>Helsingist\u00e4<\/strong> poistuvalta Yhdysvaltain suurl\u00e4hettil\u00e4\u00e4lt\u00e4, &#8221;miksi Yhdysvallat, joka ilmoittaa taistelevansa diktatuureja vastaan, ei lue Neuvostoliittoa (Ven\u00e4j\u00e4\u00e4) siihen joukkoon?&#8217; (sitaatti ei sanatarkka)<\/p><\/blockquote>\n<p>Soveltaen saman kysymyksen voisi -soveltaen- esitt\u00e4\u00e4 my\u00f6hemminkin, -mikseip\u00e4 elokuussa 2025.<\/p>\n<h2>Yhdysvallat hukkaa sotilaallisenkin uskottavuutensa<\/h2>\n<p>Moraalinen kasvojenmenetys &#8217;<em>siirtomaasodassa<\/em>&#8217; j\u00e4tti Yhdysvalloille vain &#8217;<em>korttelin kusp\u00e4isemm\u00e4n kundin<\/em>&#8217; auktoriteetin, -ja tehokkaimpien aseiden antaman arvovallan. -Mutta miten on uskottavuus sotilaallisena liittolaisena? -Eih\u00e4n niill\u00e4 paukuilla ja pommeilla ole arvovaltaa, jos liittolainen ei tied\u00e4, ett\u00e4 ne todella tulevat avuksi h\u00e4d\u00e4n hetkell\u00e4?<\/p>\n<p>Trump antoi ensimm\u00e4isen n\u00e4yt\u00f6n politiikastaan &#8217;<em>make America small forever<\/em>&#8217; lokakuussa 2019 vet\u00e4m\u00e4ll\u00e4 US.Armyn pois <strong>Syyriasta<\/strong>, -ilman ennakkovaroitusta. &#8221;<em>Ei amerikkalaisia sotilaita ikuisuus-sotiin<\/em>&#8221;, ajatteli Trump, ja vei pojat pois Syyriasta, jossa sota oli loppunut vuotta aiemmin <strong><em>&#8221;Islamilaisen valtion&#8221; IS<\/em>:<\/strong>n (ISIS, ISIL, Da&#8217;esh) kukistuessa, Yhdysvaltain liittolaisten, &#8217;<em>kurdijoukkojen<\/em>&#8217;, <strong>SDF<\/strong>:n hoitaessa sotimisen maassa, &#8211;<strong>USAF<\/strong>:n ilmatuella ja amerikkalaisella logistiikalla.<\/p>\n<blockquote><p>Trumpin pikap\u00e4\u00e4t\u00f6s toi sodan takaisin Syyriaan, -ja her\u00e4tti Yhdysvaltain L\u00e4hi-Id\u00e4n liittolaisissa kaikenlaisia ajatuksia.<\/p><\/blockquote>\n<p>Sama meininki jatkui <strong>Afganistanissa<\/strong>, Trumpin seuraajan <strong>Joe Bidenin<\/strong> toimesta v.2021: P\u00e4\u00e4osin Yhdysvaltojen voimin \u00e4\u00e4ri-islamistinen -kansainv\u00e4list\u00e4 terrorismia tukeva- <strong>Taleban<\/strong>-liike oli ajettu pois p\u00e4\u00e4kaupungista <strong>Kabul<\/strong>ista jo kaksi kertaa, pakotettu piiloutumaan joko <strong>Pakistan<\/strong>in &#8221;<em>heimoalueelle<\/em>&#8221; <strong>Waziristan<\/strong>eihin, tai Afganistanin asumattomien vuoristojen luoliin.<\/p>\n<p>Talebaanit my\u00f6nsiv\u00e4t itselleen sotilaallisen voiton saavuttamattomuuden, ja <strong>Qatar<\/strong>in emiirikunnan <strong>Doha<\/strong>ssa pidetyiss\u00e4 neuvotteluissa talebaanit olivat suostuneet vallanjakoon: Yhteishallitus Kabuliin, jossa edustettuina Taleban, Kabulin hallitus ja afganistanilaisen yhteiskunnan perinteisi\u00e4 voimia. -T\u00e4m\u00e4 tarkoitti luopumista talibaanien p\u00e4\u00e4m\u00e4r\u00e4st\u00e4: Islamilaisesta kalifaatista.<\/p>\n<p>Kas: &#8217;<em>Ovaalista<\/em>&#8217; kajahti: Yhdysvaltain joukot aloittivat yll\u00e4tys-vet\u00e4ytymisen, Dohassa sovittua aiemmin. Syy lienee ollut jokin Yhdysvaltain sis\u00e4poliittinen pisteidenkeruu. -Lopputulos tunnetaan: Kun amerikkalaiset olivat poissa, talibaanien motiivi noudattaa sovittua vallanjakoa katosi.<\/p>\n<h2>Liittoudu Yhdysvaltain kanssa, -olet hukassa?<\/h2>\n<blockquote><p>Yhdysvaltain aasialaisten liittolaisten keskuudessa lienee her\u00e4nnyt kaikenlaisia kysymyksi\u00e4.<\/p><\/blockquote>\n<p>Yhdysvaltojen sotilaallisesta tuesta eniten-riippuvaisia maita on muitakin, kuin <strong>Taiwan<\/strong>. -Mit\u00e4 &#8217;<em><strong>turvatakuiden<\/strong><\/em>&#8217; sotilaalliseen uskottavuuteen tulee, -sit\u00e4 jo avasimmekin.<\/p>\n<p>Kunhan viel\u00e4 p\u00e4\u00e4st\u00e4\u00e4n &#8217;uuteen normaaliin&#8217;, jossa hy\u00f6kk\u00e4yssota alueiden varastamiseksi naapurimailta viel\u00e4 laillistetaan, n\u00e4emmek\u00f6 &#8217;<em>Suuren Spektaakkelin<\/em>&#8217;?<\/p>\n<p>Pekka Kemppainen<\/p>\n<p>11.08. 2025<\/p>\n<blockquote class=\"wp-embedded-content\" data-secret=\"AoUgM1VcIT\"><p><a href=\"https:\/\/www.uutispeili.fi\/index.php\/2025\/03\/04\/li-andersson-tanaan-kahden-suurvallan-autoritaariset-johtajat-paattavat-keskenaan-muiden-asioista\/\">Li Andersson t\u00e4n\u00e4\u00e4n: &#8217;Kahden suurvallan autoritaariset johtajat p\u00e4\u00e4tt\u00e4v\u00e4t kesken\u00e4\u00e4n muiden asioista&#8217;<\/a><\/p><\/blockquote>\n<p><iframe class=\"wp-embedded-content\" sandbox=\"allow-scripts\" security=\"restricted\" style=\"position: absolute; clip: rect(1px, 1px, 1px, 1px);\" title=\"&#8221;Li Andersson t\u00e4n\u00e4\u00e4n: &#8217;Kahden suurvallan autoritaariset johtajat p\u00e4\u00e4tt\u00e4v\u00e4t kesken\u00e4\u00e4n muiden asioista&#8217;&#8221; &#8212; \" src=\"https:\/\/www.uutispeili.fi\/index.php\/2025\/03\/04\/li-andersson-tanaan-kahden-suurvallan-autoritaariset-johtajat-paattavat-keskenaan-muiden-asioista\/embed\/#?secret=Z6nl4PgwQY#?secret=AoUgM1VcIT\" data-secret=\"AoUgM1VcIT\" width=\"600\" height=\"338\" frameborder=\"0\" marginwidth=\"0\" marginheight=\"0\" scrolling=\"no\"><\/iframe><\/p>\n<blockquote class=\"wp-embedded-content\" data-secret=\"vgJ95U9T0R\"><p><a href=\"https:\/\/www.uutispeili.fi\/index.php\/2025\/02\/19\/saantoperustaisen-maailmanjarjestyksen-kuolema-joulukuussa-1939\/\">&#8217;S\u00e4\u00e4nt\u00f6perustaisen maailmanj\u00e4rjestyksen&#8217; kuolema joulukuussa 1939<\/a><\/p><\/blockquote>\n<p><iframe class=\"wp-embedded-content\" sandbox=\"allow-scripts\" security=\"restricted\" style=\"position: absolute; clip: rect(1px, 1px, 1px, 1px);\" title=\"&#8221;&#8217;S\u00e4\u00e4nt\u00f6perustaisen maailmanj\u00e4rjestyksen&#8217; kuolema joulukuussa 1939&#8221; &#8212; \" src=\"https:\/\/www.uutispeili.fi\/index.php\/2025\/02\/19\/saantoperustaisen-maailmanjarjestyksen-kuolema-joulukuussa-1939\/embed\/#?secret=U7pLQZtN36#?secret=vgJ95U9T0R\" data-secret=\"vgJ95U9T0R\" width=\"600\" height=\"338\" frameborder=\"0\" marginwidth=\"0\" marginheight=\"0\" scrolling=\"no\"><\/iframe><\/p>\n<p><img loading=\"lazy\" decoding=\"async\" class=\"size-full wp-image-144 aligncenter\" src=\"https:\/\/www.uutispeili.fi\/wp-content\/uploads\/2023\/11\/di.gold_.gif\" alt=\"\" width=\"11\" height=\"11\" \/><\/p>\n<blockquote class=\"wp-embedded-content\" data-secret=\"8jppxYg37H\"><p><a href=\"https:\/\/www.uutispeili.fi\/index.php\/2025\/04\/30\/kiina-vapautti-filippiinien-aluetta-eiko-manilassa-olla-kiitollisia\/\">Kiina &#8221;vapautti&#8221; Filippiinien aluetta: -Eik\u00f6 Manilassa olla &#8217;kiitollisia&#8217;?<\/a><\/p><\/blockquote>\n<p><iframe class=\"wp-embedded-content\" sandbox=\"allow-scripts\" security=\"restricted\" style=\"position: absolute; clip: rect(1px, 1px, 1px, 1px);\" title=\"&#8221;Kiina &#8221;vapautti&#8221; Filippiinien aluetta: -Eik\u00f6 Manilassa olla &#8217;kiitollisia&#8217;?&#8221; &#8212; \" src=\"https:\/\/www.uutispeili.fi\/index.php\/2025\/04\/30\/kiina-vapautti-filippiinien-aluetta-eiko-manilassa-olla-kiitollisia\/embed\/#?secret=bjrOxxvFHu#?secret=8jppxYg37H\" data-secret=\"8jppxYg37H\" width=\"600\" height=\"338\" frameborder=\"0\" marginwidth=\"0\" marginheight=\"0\" scrolling=\"no\"><\/iframe><\/p>\n<blockquote class=\"wp-embedded-content\" data-secret=\"1oEDJ7fA9H\"><p><a href=\"https:\/\/www.uutispeili.fi\/index.php\/2025\/06\/12\/se-siita-puolustusyhteistyosta-aukus-sopimuksen-yhteensopivuutta-amerikka-ensin-politiikkaan-tarkastellaan\/\">Se siit\u00e4 puolustusyhteisty\u00f6st\u00e4: AUKUS-sopimuksen &#8221;yhteensopivuutta Amerikka-ensin -politiikkaan tarkastellaan&#8221;<\/a><\/p><\/blockquote>\n<p><iframe class=\"wp-embedded-content\" sandbox=\"allow-scripts\" security=\"restricted\" style=\"position: absolute; clip: rect(1px, 1px, 1px, 1px);\" title=\"&#8221;Se siit\u00e4 puolustusyhteisty\u00f6st\u00e4: AUKUS-sopimuksen &#8221;yhteensopivuutta Amerikka-ensin -politiikkaan tarkastellaan&#8221;&#8221; &#8212; \" src=\"https:\/\/www.uutispeili.fi\/index.php\/2025\/06\/12\/se-siita-puolustusyhteistyosta-aukus-sopimuksen-yhteensopivuutta-amerikka-ensin-politiikkaan-tarkastellaan\/embed\/#?secret=9so0nEvI30#?secret=1oEDJ7fA9H\" data-secret=\"1oEDJ7fA9H\" width=\"600\" height=\"338\" frameborder=\"0\" marginwidth=\"0\" marginheight=\"0\" scrolling=\"no\"><\/iframe><\/p>\n<blockquote class=\"wp-embedded-content\" data-secret=\"4bgkvVxOqN\"><p><a href=\"https:\/\/www.uutispeili.fi\/index.php\/2025\/02\/13\/sanna-marin-tanaan-venajan-voitto-rohkaisisi-autoritaarisia-hallintoja-maailmanlaajuisesti-ja-murentaisi-turvallisuutta\/\">Sanna Marin t\u00e4n\u00e4\u00e4n: &#8221;Ven\u00e4j\u00e4n voitto rohkaisisi autoritaarisia hallintoja maailmanlaajuisesti ja murentaisi turvallisuutta<\/a><\/p><\/blockquote>\n<p><iframe class=\"wp-embedded-content\" sandbox=\"allow-scripts\" security=\"restricted\" style=\"position: absolute; clip: rect(1px, 1px, 1px, 1px);\" title=\"&#8221;Sanna Marin t\u00e4n\u00e4\u00e4n: &#8221;Ven\u00e4j\u00e4n voitto rohkaisisi autoritaarisia hallintoja maailmanlaajuisesti ja murentaisi turvallisuutta&#8221; &#8212; \" src=\"https:\/\/www.uutispeili.fi\/index.php\/2025\/02\/13\/sanna-marin-tanaan-venajan-voitto-rohkaisisi-autoritaarisia-hallintoja-maailmanlaajuisesti-ja-murentaisi-turvallisuutta\/embed\/#?secret=6EzZ34dRk2#?secret=4bgkvVxOqN\" data-secret=\"4bgkvVxOqN\" width=\"600\" height=\"338\" frameborder=\"0\" marginwidth=\"0\" marginheight=\"0\" scrolling=\"no\"><\/iframe><\/p>\n<blockquote class=\"wp-embedded-content\" data-secret=\"F6rEFpEQHl\"><p><a href=\"https:\/\/www.uutispeili.fi\/index.php\/2025\/02\/14\/jussi-halla-aho-nato-on-ainoa-turvallisuustakeiden-tarjoaja-jonka-venaja-ottaa-vakavasti\/\">Jussi Halla-aho: &#8221;NATO on ainoa turvallisuustakeiden tarjoaja, jonka Ven\u00e4j\u00e4 ottaa vakavasti&#8221;<\/a><\/p><\/blockquote>\n<p><iframe class=\"wp-embedded-content\" sandbox=\"allow-scripts\" security=\"restricted\" style=\"position: absolute; clip: rect(1px, 1px, 1px, 1px);\" title=\"&#8221;Jussi Halla-aho: &#8221;NATO on ainoa turvallisuustakeiden tarjoaja, jonka Ven\u00e4j\u00e4 ottaa vakavasti&#8221;&#8221; &#8212; \" src=\"https:\/\/www.uutispeili.fi\/index.php\/2025\/02\/14\/jussi-halla-aho-nato-on-ainoa-turvallisuustakeiden-tarjoaja-jonka-venaja-ottaa-vakavasti\/embed\/#?secret=pBwYlxevaQ#?secret=F6rEFpEQHl\" data-secret=\"F6rEFpEQHl\" width=\"600\" height=\"338\" frameborder=\"0\" marginwidth=\"0\" marginheight=\"0\" scrolling=\"no\"><\/iframe><\/p>\n<blockquote class=\"wp-embedded-content\" data-secret=\"ewG0iI2xsm\"><p><a href=\"https:\/\/www.uutispeili.fi\/index.php\/2025\/02\/11\/riikka-purra-kritisoi-trumpin-tulleja\/\">Riikka Purra kritisoi Trumpin tulleja<\/a><\/p><\/blockquote>\n<p><iframe class=\"wp-embedded-content\" sandbox=\"allow-scripts\" security=\"restricted\" style=\"position: absolute; clip: rect(1px, 1px, 1px, 1px);\" title=\"&#8221;Riikka Purra kritisoi Trumpin tulleja&#8221; &#8212; \" src=\"https:\/\/www.uutispeili.fi\/index.php\/2025\/02\/11\/riikka-purra-kritisoi-trumpin-tulleja\/embed\/#?secret=85FM6jldn7#?secret=ewG0iI2xsm\" data-secret=\"ewG0iI2xsm\" width=\"600\" height=\"338\" frameborder=\"0\" marginwidth=\"0\" marginheight=\"0\" scrolling=\"no\"><\/iframe><\/p>\n<blockquote class=\"wp-embedded-content\" data-secret=\"MP1Raega7l\"><p><a href=\"https:\/\/www.uutispeili.fi\/index.php\/2025\/07\/13\/trump-toppuuttelee-maga-porukkaansa-musk-kysyy-missa-ne-epstein-paperit-viipyy\/\">Trump toppuuttelee MAGA-porukkaansa, -Musk kysyy, miss\u00e4 ne Epstein-paperit viipyy?<\/a><\/p><\/blockquote>\n<p><iframe class=\"wp-embedded-content\" sandbox=\"allow-scripts\" security=\"restricted\" style=\"position: absolute; clip: rect(1px, 1px, 1px, 1px);\" title=\"&#8221;Trump toppuuttelee MAGA-porukkaansa, -Musk kysyy, miss\u00e4 ne Epstein-paperit viipyy?&#8221; &#8212; \" src=\"https:\/\/www.uutispeili.fi\/index.php\/2025\/07\/13\/trump-toppuuttelee-maga-porukkaansa-musk-kysyy-missa-ne-epstein-paperit-viipyy\/embed\/#?secret=5FpSnKuSlP#?secret=MP1Raega7l\" data-secret=\"MP1Raega7l\" width=\"600\" height=\"338\" frameborder=\"0\" marginwidth=\"0\" marginheight=\"0\" scrolling=\"no\"><\/iframe><\/p>\n","protected":false},"excerpt":{"rendered":"<p>&#8221;Odotettiin republikaania, saatiin publikaani (tullimies)&#8221;, -voidaan vitsailla Yhdysvaltain nykyisest\u00e4 presidentist\u00e4, toista kauttaan istuvasta Donald Trumpista. -Mit\u00e4 muihin lupauksiin tulee, sota Ukrainassa ei p\u00e4\u00e4ttynyt 24:ss\u00e4 tunnissa, eik\u00e4 edes 100:ssa p\u00e4iv\u00e4ss\u00e4. (Kuvakoosteessa Yhdysvaltain nykyinen presidentti ja Ison Britannian p\u00e4\u00e4ministeri vuodelta 1939, -ja historian siipien havinaa.) Alkaneella viikolla on j\u00e4lleen rauhansopimus luvassa. Donald Trump-ilmi\u00f6n ymm\u00e4rt\u00e4miseksi t\u00e4ytyy taustoittaa viime [&hellip;]<\/p>\n","protected":false},"author":3,"featured_media":7694,"comment_status":"open","ping_status":"open","sticky":false,"template":"","format":"standard","meta":{"footnotes":""},"categories":[31,71,116,87,74,127],"tags":[],"_links":{"self":[{"href":"https:\/\/www.uutispeili.fi\/index.php\/wp-json\/wp\/v2\/posts\/7687"}],"collection":[{"href":"https:\/\/www.uutispeili.fi\/index.php\/wp-json\/wp\/v2\/posts"}],"about":[{"href":"https:\/\/www.uutispeili.fi\/index.php\/wp-json\/wp\/v2\/types\/post"}],"author":[{"embeddable":true,"href":"https:\/\/www.uutispeili.fi\/index.php\/wp-json\/wp\/v2\/users\/3"}],"replies":[{"embeddable":true,"href":"https:\/\/www.uutispeili.fi\/index.php\/wp-json\/wp\/v2\/comments?post=7687"}],"version-history":[{"count":5,"href":"https:\/\/www.uutispeili.fi\/index.php\/wp-json\/wp\/v2\/posts\/7687\/revisions"}],"predecessor-version":[{"id":7772,"href":"https:\/\/www.uutispeili.fi\/index.php\/wp-json\/wp\/v2\/posts\/7687\/revisions\/7772"}],"wp:featuredmedia":[{"embeddable":true,"href":"https:\/\/www.uutispeili.fi\/index.php\/wp-json\/wp\/v2\/media\/7694"}],"wp:attachment":[{"href":"https:\/\/www.uutispeili.fi\/index.php\/wp-json\/wp\/v2\/media?parent=7687"}],"wp:term":[{"taxonomy":"category","embeddable":true,"href":"https:\/\/www.uutispeili.fi\/index.php\/wp-json\/wp\/v2\/categories?post=7687"},{"taxonomy":"post_tag","embeddable":true,"href":"https:\/\/www.uutispeili.fi\/index.php\/wp-json\/wp\/v2\/tags?post=7687"}],"curies":[{"name":"wp","href":"https:\/\/api.w.org\/{rel}","templated":true}]}}