{"id":7680,"date":"2025-08-10T16:40:07","date_gmt":"2025-08-10T13:40:07","guid":{"rendered":"https:\/\/www.uutispeili.fi\/?p=7680"},"modified":"2025-08-10T16:46:37","modified_gmt":"2025-08-10T13:46:37","slug":"kansanedustaja-varoittaa-venaja-rakentaa-tietoliikenne-infraa-keskelle-helsinkia","status":"publish","type":"post","link":"https:\/\/www.uutispeili.fi\/index.php\/2025\/08\/10\/kansanedustaja-varoittaa-venaja-rakentaa-tietoliikenne-infraa-keskelle-helsinkia\/","title":{"rendered":"Kansanedustaja varoittaa: Ven\u00e4j\u00e4 rakentaa tietoliikenne-infraa keskelle Helsinki\u00e4"},"content":{"rendered":"<p><strong>Kansanedustaja Timo Heinonen (Kokoomus) kysyy t\u00e4n\u00e4\u00e4n viestipalvelu X:ss\u00e4 sis\u00e4ministerilt\u00e4 suhtautumista ven\u00e4l\u00e4isen teleoperaattorin maihinnousuun Helsinkiin.<\/strong><\/p>\n<p>(Kuvaan on k\u00e4ytetty mm. Eduskunnan ja er\u00e4\u00e4n ven\u00e4l\u00e4isen taitelijan aineistoa, mutta h\u00e4nen nimens\u00e4 ei just nyt muistu.)<\/p>\n<p><a href=\"https:\/\/x.com\/timoheinonen\/status\/1954425368393220601\"><img loading=\"lazy\" decoding=\"async\" class=\"aligncenter wp-image-7682 size-full\" src=\"https:\/\/www.uutispeili.fi\/wp-content\/uploads\/2025\/08\/heinen-x-1008.png\" alt=\"\" width=\"479\" height=\"301\" srcset=\"https:\/\/www.uutispeili.fi\/wp-content\/uploads\/2025\/08\/heinen-x-1008.png 479w, https:\/\/www.uutispeili.fi\/wp-content\/uploads\/2025\/08\/heinen-x-1008-300x189.png 300w\" sizes=\"(max-width: 479px) 100vw, 479px\" \/><\/a><\/p>\n<blockquote><p><strong>Timo Heinonen<\/strong> (Kok) 10.08. 2025: Nyt olisi (Liikenne-ja-viestint\u00e4-ministeri\u00f6 ja TraficomFinland) aika laittaa t\u00e4lle piste. Sis\u00e4ministeri Mari Rantanen: -Eik\u00f6 t\u00e4h\u00e4n olisi nyt syyt\u00e4 puuttua, ja est\u00e4\u00e4 toiminta <strong>Kanadan<\/strong> tapaan?<\/p><\/blockquote>\n<p>Kun tied\u00e4mme -karvaasta kokemuksesta- ett\u00e4 sotaa siell\u00e4 sun t\u00e4\u00e4ll\u00e4 k\u00e4yv\u00e4 <strong>Ven\u00e4j\u00e4<\/strong> on ollut hyvin aktiivinen <strong>tietoliikennehy\u00f6kk\u00e4ysten<\/strong> ja h\u00e4irinn\u00e4n suhteen, -my\u00f6s <strong>It\u00e4meren<\/strong> alueella ja suomalaisia virastoja ja liikelaitoksia vastaan- kansanedustajan kysymys on hyvin aiheellinen.<\/p>\n<p>Ven\u00e4l\u00e4isen <strong>Vimpelcom<\/strong>in omistama teleoperaattori <strong>Beeline<\/strong> on avannut datakeskuksen <strong>Helsinkiin &#8211;<\/strong><em>oman<\/em> <em>selityksens\u00e4 mukaan<\/em><strong>&#8211;\u00a0<\/strong> nopeuttaakseen tiedonsiirtoa, ja parantaakseen <strong>Telegram<\/strong>-palvelun saatavuutta. Datakeskus on ilmoitettu <em>internetin tiedonsiirtopisteeksi<\/em> (IXP).<\/p>\n<h2>Emoyhti\u00f6 pakotteiden kohteena Kanadassa<\/h2>\n<p>Vimpelcom ei ole (viel\u00e4) EU:n pakotelistalla, mutta ainakin <strong>Kanada<\/strong> on asettanut sen pakotteiden alaiseksi, mihin kansanedustaja jo viittasikin.\u00a0Vimpelcom on Ven\u00e4j\u00e4n 20 arvokkaimman p\u00f6rssiyhti\u00f6n joukossa.<\/p>\n<p>Palveluksenesto-hy\u00f6kk\u00e4ykset ja tietomurrot ovat Suomessakin yleistyneet Ven\u00e4j\u00e4n aloitettua sodan <strong>Ukrainassa<\/strong> helmikuussa 2022. <img loading=\"lazy\" decoding=\"async\" class=\"alignnone size-full wp-image-144\" src=\"https:\/\/www.uutispeili.fi\/wp-content\/uploads\/2023\/11\/di.gold_.gif\" alt=\"\" width=\"11\" height=\"11\" \/><\/p>\n<p>Luettavaa:<\/p>\n<ul>\n<li><a href=\"https:\/\/www.nordisch.info\/finnland\/russischer-mobilfunkriese-eroeffnet-rechenzentrum-in-helsinki\/\" target=\"_blank\" rel=\"noopener\"><strong>Nordisch Info<\/strong><\/a> 10.08. 2025,<\/li>\n<li><a href=\"https:\/\/www.iltalehti.fi\/ulkomaat\/a\/523aee9a-9e99-420a-b40c-55e2104d0155\" target=\"_blank\" rel=\"noopener\"><strong>Iltalehti<\/strong><\/a> 10.08. 2025,<\/li>\n<li><a href=\"https:\/\/tass.ru\/ekonomika\/24717637\" target=\"_blank\" rel=\"noopener\"><strong>TASS<\/strong><\/a> 06.08. 2025,<\/li>\n<\/ul>\n","protected":false},"excerpt":{"rendered":"<p>Kansanedustaja Timo Heinonen (Kokoomus) kysyy t\u00e4n\u00e4\u00e4n viestipalvelu X:ss\u00e4 sis\u00e4ministerilt\u00e4 suhtautumista ven\u00e4l\u00e4isen teleoperaattorin maihinnousuun Helsinkiin. (Kuvaan on k\u00e4ytetty mm. Eduskunnan ja er\u00e4\u00e4n ven\u00e4l\u00e4isen taitelijan aineistoa, mutta h\u00e4nen nimens\u00e4 ei just nyt muistu.) Timo Heinonen (Kok) 10.08. 2025: Nyt olisi (Liikenne-ja-viestint\u00e4-ministeri\u00f6 ja TraficomFinland) aika laittaa t\u00e4lle piste. Sis\u00e4ministeri Mari Rantanen: -Eik\u00f6 t\u00e4h\u00e4n olisi nyt syyt\u00e4 puuttua, ja [&hellip;]<\/p>\n","protected":false},"author":3,"featured_media":7684,"comment_status":"open","ping_status":"open","sticky":false,"template":"","format":"standard","meta":{"footnotes":""},"categories":[183,49,25,79,74],"tags":[],"_links":{"self":[{"href":"https:\/\/www.uutispeili.fi\/index.php\/wp-json\/wp\/v2\/posts\/7680"}],"collection":[{"href":"https:\/\/www.uutispeili.fi\/index.php\/wp-json\/wp\/v2\/posts"}],"about":[{"href":"https:\/\/www.uutispeili.fi\/index.php\/wp-json\/wp\/v2\/types\/post"}],"author":[{"embeddable":true,"href":"https:\/\/www.uutispeili.fi\/index.php\/wp-json\/wp\/v2\/users\/3"}],"replies":[{"embeddable":true,"href":"https:\/\/www.uutispeili.fi\/index.php\/wp-json\/wp\/v2\/comments?post=7680"}],"version-history":[{"count":1,"href":"https:\/\/www.uutispeili.fi\/index.php\/wp-json\/wp\/v2\/posts\/7680\/revisions"}],"predecessor-version":[{"id":7683,"href":"https:\/\/www.uutispeili.fi\/index.php\/wp-json\/wp\/v2\/posts\/7680\/revisions\/7683"}],"wp:featuredmedia":[{"embeddable":true,"href":"https:\/\/www.uutispeili.fi\/index.php\/wp-json\/wp\/v2\/media\/7684"}],"wp:attachment":[{"href":"https:\/\/www.uutispeili.fi\/index.php\/wp-json\/wp\/v2\/media?parent=7680"}],"wp:term":[{"taxonomy":"category","embeddable":true,"href":"https:\/\/www.uutispeili.fi\/index.php\/wp-json\/wp\/v2\/categories?post=7680"},{"taxonomy":"post_tag","embeddable":true,"href":"https:\/\/www.uutispeili.fi\/index.php\/wp-json\/wp\/v2\/tags?post=7680"}],"curies":[{"name":"wp","href":"https:\/\/api.w.org\/{rel}","templated":true}]}}