{"id":7642,"date":"2025-08-08T11:07:33","date_gmt":"2025-08-08T08:07:33","guid":{"rendered":"https:\/\/www.uutispeili.fi\/?p=7642"},"modified":"2025-08-08T13:51:23","modified_gmt":"2025-08-08T10:51:23","slug":"jarjestotoiminta-kasvatti-heidat-ja-veronmaksaja-elattaa","status":"publish","type":"post","link":"https:\/\/www.uutispeili.fi\/index.php\/2025\/08\/08\/jarjestotoiminta-kasvatti-heidat-ja-veronmaksaja-elattaa\/","title":{"rendered":"&#8221;J\u00e4rjest\u00f6toiminta kasvatti heid\u00e4t&#8221; -ja veronmaksaja el\u00e4tt\u00e4\u00e4"},"content":{"rendered":"<p><strong>Valtionvarainministerin avaus uusista budjettisopeutuksista hirvitt\u00e4\u00e4 osaa porukasta, -ja parku tulee kuulumaan taivaisiin. Tarkastelemme.<\/strong><\/p>\n<p>Valtionvarainministeri <strong>Riikka Purra<\/strong> (Perussuomalaiset) julkisti viikolla sek\u00e4 tarpeen uusista noin miljardin budjettileikkauksista, ett\u00e4 kohteita joista on otettava. -Muistutan, ett\u00e4 t\u00e4m\u00e4n hetken tilanne on pohjustettu usean aiemman hallituksen toimettomuudella -ja rohkeuden puuttumisella- kun Suomen valtion ja kuntien menopuolta ei ole *<strong><em>sopeutettu<\/em><\/strong>*\u00a0 v\u00e4hentyneisiin tuloihin silloin, kun se olisi voitu tehd\u00e4 kivuttomammin, -ja olisimme t\u00e4n\u00e4\u00e4n jo j\u00e4tt\u00e4neet kriisin taaksemme.<\/p>\n<blockquote><p>Talouskasvuttomassa maassa, joka on historiallisen nopeasti velkaantunut l\u00e4hes velattomaksi, ja l\u00e4helle <strong>Euroopan Unionin<\/strong> &#8217;<em>kipurajaa<\/em>&#8217;, mik\u00e4 tilanne aiheuttaa vakavaa huolta jo <strong>Brysseliss\u00e4kin<\/strong>.<\/p><\/blockquote>\n<h2>Purra puree nyt oikeaa kohdetta!<\/h2>\n<p>-Niin mist\u00e4 tied\u00e4mme, ett\u00e4 ly\u00f6nti on osunut? &#8221;<em>Se koira \u00e4l\u00e4ht\u00e4\u00e4!<\/em>&#8221;, sanoo kansankyynikko. Ja on tapansa mukaan oikeassa. Ns. <em>kolmannelle sektorille<\/em>, j\u00e4rjest\u00f6ihin ja muihin julkistalouden kontrolloimattomiin r\u00f6nsyihin on parkkeerattu leegio v\u00e4ke\u00e4, joiden tarpeellisuus on nyt syyt\u00e4 arvioida.<\/p>\n<p>T\u00e4h\u00e4n kuukausipalkkaiseen v\u00e4keen, joka py\u00f6ritt\u00e4\u00e4 &#8221;<em>projekteja<\/em>&#8221;, n\u00e4ytt\u00e4ytyy &#8221;<em>asiantuntijoina<\/em>&#8221; kuvaruudussa, ja on &#8221;<em>hyvin verkostoitunut<\/em>&#8221;,\u00a0 n\u00e4ytt\u00e4\u00e4 pikkuhiljaa iskev\u00e4n paniikki:<\/p>\n<p><img loading=\"lazy\" decoding=\"async\" class=\"aligncenter wp-image-7644 size-full\" src=\"https:\/\/www.uutispeili.fi\/wp-content\/uploads\/2025\/08\/jarjestot0000222.png\" alt=\"\" width=\"502\" height=\"419\" srcset=\"https:\/\/www.uutispeili.fi\/wp-content\/uploads\/2025\/08\/jarjestot0000222.png 502w, https:\/\/www.uutispeili.fi\/wp-content\/uploads\/2025\/08\/jarjestot0000222-300x250.png 300w\" sizes=\"(max-width: 502px) 100vw, 502px\" \/><\/p>\n<blockquote><p>&#8221;J\u00e4rjest\u00f6rahojen leikkauksissa unohtuu, ett\u00e4 niiss\u00e4 on t\u00f6iss\u00e4 valtavasti verkostoituneita korkeakoulutettuja ihmisi\u00e4. n naiivia voimafantasiointia kuvitella, ett\u00e4 he alistuvat joiksikin Wolt-kuskeiksi. Voi k\u00e4yd\u00e4 niin, ett\u00e4 \u00e4\u00e4nest\u00e4v\u00e4t vihaisina vasemmistohallituksen valtaan.&#8221; 07.08. 2025.<\/p><\/blockquote>\n<p>Kuinkas siell\u00e4 -j\u00e4rjest\u00f6iss\u00e4- on niin paljon &#8217;<strong>verkostoituneita<\/strong>&#8217;?? Koska juuri siksi he ovat siell\u00e4: Ik\u00e4\u00e4ntyneimm\u00e4t jakoivat flaiereita, junttasivat kokouksia, marssivat rauhaa\u00a0 (jyrmyin askelin), ja muistivat laittaa vapputervehdyksens\u00e4 kerran vuodessa ehdottaman oikeaoppiseen l\u00e4pysk\u00e4\u00e4n jo viime vuosituhannella. V\u00e4h\u00e4n nuoremmat osallistuivat -satoi tai paistoi- hyvien asioiden puolustamiseen ja pahojen vastustamiseen, kuin n\u00e4m\u00e4 trendi-riennot olisivat olleet osa <em>universaalia Hyv\u00e4n ja pahan v\u00e4list\u00e4<\/em> <em>taistelua<\/em> (-olihan se, mutta he v\u00e4\u00e4r\u00e4ll\u00e4 puolella!).<\/p>\n<h2>&#8221;<em>Kaikilla niill\u00e4 on virka<\/em>&#8221;<\/h2>\n<blockquote><p>Korjaan heti: Ei kaikilla, osa parkkeerattiin j\u00e4rjest\u00f6ihin, yhdistyksiin, liittoihin ja sen-sellaisiin. -Puuhailemaan jotain.<\/p><\/blockquote>\n<p>Lukija lienee ihmetellyt, miss\u00e4 ovat vuosien aikana n\u00e4hdyt median &#8217;<em>p\u00e4ivyst\u00e4v\u00e4t lausuntoautomaatit<\/em>&#8217;\u00a0 ja muut ns. <em>aktivistit<\/em>: He ovat noissa j\u00e4rjest\u00f6iss\u00e4, <em>tiedottajina, projektisihteerein\u00e4, toiminnanjohtajina<\/em>, etc. Tittelit voivat olla suoraan jostain <strong>puppusanageneraattorista<\/strong>, -kuten heid\u00e4n ulosantinsakin.<\/p>\n<p>Riikka-rouva tekee nyt hyv\u00e4\u00e4 ty\u00f6t\u00e4, mutta &#8217;<strong><em>verkosto<\/em><\/strong>&#8217; ei n\u00e4emm\u00e4 tykk\u00e4\u00e4?<\/p>\n<blockquote><p>Niin miksi n\u00e4it\u00e4 j\u00e4rjest\u00f6sektorin <strong>palkintojen jaossa<\/strong> onnekkaita ei saisi t\u00f6lvi\u00e4? Vastaan itse, kun kysyinkin: Kyse on <strong>vallank\u00e4yt\u00f6n<\/strong> v\u00e4lineest\u00e4: Tottele <em>verkostoa<\/em>, saat karkin.<\/p><\/blockquote>\n<p>Jos tarkastellaan Suomen talouden ja suomalaisen yhteiskunnan <strong><em>rakenteellisia vikoja<\/em><\/strong>, tarkastelu on pinnallinen ja hy\u00f6dyt\u00f6n, jos ei n\u00e4hd\u00e4 <strong>suljettuja verkostoja<\/strong>, ja niiden elinkeinoa: &#8217;<em>Kuormasta sy\u00f6mist\u00e4<\/em>&#8217;. Otan esimerkin, mit\u00e4 homma toimii:<\/p>\n<p>Parisen vuotta sitten suomalainen paperikonserni siirsi tuotantoaan <strong>Saksaan<\/strong>, -perusteena ty\u00f6voimakustannukset. Kas: Saksassa paperiduunarin palkan ostovoima on merkitsev\u00e4sti korkeampi, kuin Suomessa. Paradoksin ratkaisu: Suomessa ty\u00f6llist\u00e4misen kulut ovat suuremmat, vaikka duunari saa v\u00e4henn\u00e4n (reaalipalkkaa).<\/p>\n<blockquote><p>Mihin se ty\u00f6n tuottama arvonlis\u00e4 katoaa, jos ei ty\u00f6nantajalle eik\u00e4 ty\u00f6ntekij\u00e4lle?<\/p><\/blockquote>\n<h2>Joku siis vet\u00e4\u00e4 v\u00e4list\u00e4?<\/h2>\n<p>Suomessa on n\u00e4it\u00e4 rahastusautomaatteja: <strong>Kuntien<\/strong> hankinnoissa ja urakoissa &#8217;<em>Inhouse-yhti\u00f6t<\/em>&#8217; v\u00e4ltt\u00e4v\u00e4t <em><strong>kilpailutuksen<\/strong><\/em> (niiss\u00e4 on kunnallista &#8221;omistusta&#8221; jotain \u00bd%:a), hallinto saattaa olla jopa viisiportainen -sinne piilotetaan puoluekavereita papereita py\u00f6ritt\u00e4m\u00e4\u00e4n- eik\u00e4 t\u00e4m\u00e4 tapahdu ilman ett\u00e4 puolueet &#8217;<em>maksavat<\/em> <em>lunnaat<\/em>&#8217; esm. kaavoitusp\u00e4\u00e4t\u00f6ksill\u00e4.<\/p>\n<p>Toisen esimerkin kertoi pohjoissuomalaisen sairaanhoitopiirin -t\u00e4m\u00e4 oli ennen <strong>Sote<\/strong>a- johtava hallintol\u00e4\u00e4k\u00e4ri: Kun h\u00e4n aloitti virassaan, h\u00e4nell\u00e4 oli viisi (5) alaista. Kun h\u00e4n oli el\u00e4k\u00f6itym\u00e4ss\u00e4, h\u00e4nell\u00e4 oli 400 alaista, -siis hallinnoimassa terveyspalveluja tuottavaa henkil\u00f6st\u00f6\u00e4.<\/p>\n<blockquote><p>Kysytt\u00e4ess\u00e4 johtajal\u00e4\u00e4k\u00e4rilt\u00e4, ket\u00e4 n\u00e4m\u00e4 nelj\u00e4sataa ovat, ja mit\u00e4 t\u00e4m\u00e4 joukko tekee, h\u00e4n vastasi: He ovat poliitikkojen ja virkamiesten perheenj\u00e4seni\u00e4, koulukavereita ja ryyppykavereita, -ja puoluekavereita.<\/p><\/blockquote>\n<p>Hallintol\u00e4\u00e4k\u00e4rin mukaan t\u00e4m\u00e4 joukko teki ty\u00f6kseen haittaa sille henkil\u00f6st\u00f6lle, joka tuotti terveyspalvelut. -L\u00e4hetti A4-saastetta viem\u00e4\u00e4n tarpeellista ty\u00f6aikaa, ja keksi kaikenlaisia hankaluuksia.<\/p>\n<blockquote><p>Kun julkishallinto, kulttuuri ja media oli t\u00e4yteen-buukattu n\u00e4it\u00e4 hyvin-verkostoituneita, huomio k\u00e4\u00e4ntyi yhdistyksiin: -SINNE!<\/p><\/blockquote>\n<p>Er\u00e4\u00e4ll\u00e4 keskusj\u00e4rjest\u00f6jen keskusj\u00e4rjest\u00f6ll\u00e4 on keskell\u00e4 <strong>Helsinki\u00e4<\/strong> toimisto n. 20:ll\u00e4 ty\u00f6huoneella, joissa istuu kussakin kuukausipalkkainen henkil\u00f6 tietsikkaa n\u00e4pyttelem\u00e4ss\u00e4, eik\u00e4 n\u00e4ill\u00e4 johtajilla ole lainkaan alaisia. -Vain yhden esimerkin mainitakseni.<\/p>\n<p>Monen vuosikymmenen viivyttelyn j\u00e4lkeen yhdistys-aluskasvillisuuteen tartutaan. &#8211;<em>T\u00e4t\u00e4 ilon p\u00e4iv\u00e4\u00e4!<\/em><\/p>\n<p>Mutta &#8217;<em>j\u00e4rjest\u00f6-imperiumin<\/em>&#8217; vastaisku on jo luvattu: Puolueiden suosikin tekev\u00e4t viimeisen palveluksensa suojelijoilleen: \u00c4\u00e4nest\u00e4v\u00e4t hyv\u00e4t ajat takaisin itselleen.\u00a0 <img loading=\"lazy\" decoding=\"async\" class=\"alignnone size-full wp-image-144\" src=\"https:\/\/www.uutispeili.fi\/wp-content\/uploads\/2023\/11\/di.gold_.gif\" alt=\"\" width=\"11\" height=\"11\" \/><\/p>\n<p>Aihetta sivuten:<\/p>\n<blockquote class=\"wp-embedded-content\" data-secret=\"jiGKJhRmvQ\"><p><a href=\"https:\/\/www.uutispeili.fi\/index.php\/2025\/07\/18\/sopimus-paholaisen-kanssa-myy-sielusi-sitten-menestyt\/\">Sopimus Paholaisen kanssa: Myy sielusi, sitten menestyt!<\/a><\/p><\/blockquote>\n<p><iframe class=\"wp-embedded-content\" sandbox=\"allow-scripts\" security=\"restricted\" style=\"position: absolute; clip: rect(1px, 1px, 1px, 1px);\" title=\"&#8221;Sopimus Paholaisen kanssa: Myy sielusi, sitten menestyt!&#8221; &#8212; \" src=\"https:\/\/www.uutispeili.fi\/index.php\/2025\/07\/18\/sopimus-paholaisen-kanssa-myy-sielusi-sitten-menestyt\/embed\/#?secret=msqyTqibjG#?secret=jiGKJhRmvQ\" data-secret=\"jiGKJhRmvQ\" width=\"600\" height=\"338\" frameborder=\"0\" marginwidth=\"0\" marginheight=\"0\" scrolling=\"no\"><\/iframe><\/p>\n<blockquote class=\"wp-embedded-content\" data-secret=\"qXaA8md2uw\"><p><a href=\"https:\/\/www.uutispeili.fi\/index.php\/2024\/08\/08\/julkisen-sektorin-vakimaara-ylitti-viime-vuonna-ensimmaista-kertaa-historiassa-700-000n-henkilon-rajan\/\">Julkisen sektorin v\u00e4kim\u00e4\u00e4r\u00e4 ylitti viime vuonna -ensimm\u00e4ist\u00e4 kertaa historiassa- 700 000:n henkil\u00f6n rajan<\/a><\/p><\/blockquote>\n<p><iframe class=\"wp-embedded-content\" sandbox=\"allow-scripts\" security=\"restricted\" style=\"position: absolute; clip: rect(1px, 1px, 1px, 1px);\" title=\"&#8221;Julkisen sektorin v\u00e4kim\u00e4\u00e4r\u00e4 ylitti viime vuonna -ensimm\u00e4ist\u00e4 kertaa historiassa- 700 000:n henkil\u00f6n rajan&#8221; &#8212; \" src=\"https:\/\/www.uutispeili.fi\/index.php\/2024\/08\/08\/julkisen-sektorin-vakimaara-ylitti-viime-vuonna-ensimmaista-kertaa-historiassa-700-000n-henkilon-rajan\/embed\/#?secret=KtSMlgvTbY#?secret=qXaA8md2uw\" data-secret=\"qXaA8md2uw\" width=\"600\" height=\"338\" frameborder=\"0\" marginwidth=\"0\" marginheight=\"0\" scrolling=\"no\"><\/iframe><\/p>\n<blockquote class=\"wp-embedded-content\" data-secret=\"GRRI0X3VQs\"><p><a href=\"https:\/\/www.uutispeili.fi\/index.php\/2024\/03\/27\/kun-hallinto-tuplaantui-niin-ketka-sinne-asettuivat\/\">Kun hallinto tuplaantui, -niin ketk\u00e4 sinne asettuivat?<\/a><\/p><\/blockquote>\n<p><iframe class=\"wp-embedded-content\" sandbox=\"allow-scripts\" security=\"restricted\" style=\"position: absolute; clip: rect(1px, 1px, 1px, 1px);\" title=\"&#8221;Kun hallinto tuplaantui, -niin ketk\u00e4 sinne asettuivat?&#8221; &#8212; \" src=\"https:\/\/www.uutispeili.fi\/index.php\/2024\/03\/27\/kun-hallinto-tuplaantui-niin-ketka-sinne-asettuivat\/embed\/#?secret=ZK0IrxGygS#?secret=GRRI0X3VQs\" data-secret=\"GRRI0X3VQs\" width=\"600\" height=\"338\" frameborder=\"0\" marginwidth=\"0\" marginheight=\"0\" scrolling=\"no\"><\/iframe><\/p>\n<blockquote class=\"wp-embedded-content\" data-secret=\"lNVFP4Rhge\"><p><a href=\"https:\/\/www.uutispeili.fi\/index.php\/2025\/07\/26\/julkinen-velkaantuminen-puree-purraa\/\">Julkinen velkaantuminen puree Purraa<\/a><\/p><\/blockquote>\n<p><iframe class=\"wp-embedded-content\" sandbox=\"allow-scripts\" security=\"restricted\" style=\"position: absolute; clip: rect(1px, 1px, 1px, 1px);\" title=\"&#8221;Julkinen velkaantuminen puree Purraa&#8221; &#8212; \" src=\"https:\/\/www.uutispeili.fi\/index.php\/2025\/07\/26\/julkinen-velkaantuminen-puree-purraa\/embed\/#?secret=JIDSgCEUVd#?secret=lNVFP4Rhge\" data-secret=\"lNVFP4Rhge\" width=\"600\" height=\"338\" frameborder=\"0\" marginwidth=\"0\" marginheight=\"0\" scrolling=\"no\"><\/iframe><\/p>\n<blockquote class=\"wp-embedded-content\" data-secret=\"tUu6WjZHns\"><p><a href=\"https:\/\/www.uutispeili.fi\/index.php\/2024\/01\/16\/suomalaisen-virkapohon-syyt-ja-luonne\/\">Suomalaisen virkap\u00f6h\u00f6n syyt ja luonne<\/a><\/p><\/blockquote>\n<p><iframe class=\"wp-embedded-content\" sandbox=\"allow-scripts\" security=\"restricted\" style=\"position: absolute; clip: rect(1px, 1px, 1px, 1px);\" title=\"&#8221;Suomalaisen virkap\u00f6h\u00f6n syyt ja luonne&#8221; &#8212; \" src=\"https:\/\/www.uutispeili.fi\/index.php\/2024\/01\/16\/suomalaisen-virkapohon-syyt-ja-luonne\/embed\/#?secret=xJI9xkFR1r#?secret=tUu6WjZHns\" data-secret=\"tUu6WjZHns\" width=\"600\" height=\"338\" frameborder=\"0\" marginwidth=\"0\" marginheight=\"0\" scrolling=\"no\"><\/iframe><\/p>\n<blockquote class=\"wp-embedded-content\" data-secret=\"aDp9IRvP3B\"><p><a href=\"https:\/\/www.uutispeili.fi\/index.php\/2024\/04\/15\/samat-vapaamatkustajat-vaalikaudesta-toiseen-riihessa-ei-puida-virkaralssia\/\">Samat vapaamatkustajat vaalikaudesta toiseen: Riihess\u00e4 ei puida virkar\u00e4lssi\u00e4<\/a><\/p><\/blockquote>\n<p><iframe class=\"wp-embedded-content\" sandbox=\"allow-scripts\" security=\"restricted\" style=\"position: absolute; clip: rect(1px, 1px, 1px, 1px);\" title=\"&#8221;Samat vapaamatkustajat vaalikaudesta toiseen: Riihess\u00e4 ei puida virkar\u00e4lssi\u00e4&#8221; &#8212; \" src=\"https:\/\/www.uutispeili.fi\/index.php\/2024\/04\/15\/samat-vapaamatkustajat-vaalikaudesta-toiseen-riihessa-ei-puida-virkaralssia\/embed\/#?secret=wlZOYnOFOS#?secret=aDp9IRvP3B\" data-secret=\"aDp9IRvP3B\" width=\"600\" height=\"338\" frameborder=\"0\" marginwidth=\"0\" marginheight=\"0\" scrolling=\"no\"><\/iframe><\/p>\n<blockquote class=\"wp-embedded-content\" data-secret=\"WX4dg0POzV\"><p><a href=\"https:\/\/www.uutispeili.fi\/index.php\/2024\/05\/04\/niin-miten-suomessa-voi-yhdistya-korkea-veroaste-rapautuvat-palvelut-ja-julkinen-velkaantuminen-paradoksin-avaus\/\">Niin miten Suomessa voi &#8221;yhdisty\u00e4 korkea veroaste, rapautuvat palvelut ja julkinen velkaantuminen&#8221;, -paradoksin avaus\u00a0<\/a><\/p><\/blockquote>\n<p><iframe class=\"wp-embedded-content\" sandbox=\"allow-scripts\" security=\"restricted\" style=\"position: absolute; clip: rect(1px, 1px, 1px, 1px);\" title=\"&#8221;Niin miten Suomessa voi &#8221;yhdisty\u00e4 korkea veroaste, rapautuvat palvelut ja julkinen velkaantuminen&#8221;, -paradoksin avaus\u00a0&#8221; &#8212; \" src=\"https:\/\/www.uutispeili.fi\/index.php\/2024\/05\/04\/niin-miten-suomessa-voi-yhdistya-korkea-veroaste-rapautuvat-palvelut-ja-julkinen-velkaantuminen-paradoksin-avaus\/embed\/#?secret=l0ldD7aXDY#?secret=WX4dg0POzV\" data-secret=\"WX4dg0POzV\" width=\"600\" height=\"338\" frameborder=\"0\" marginwidth=\"0\" marginheight=\"0\" scrolling=\"no\"><\/iframe><\/p>\n<blockquote class=\"wp-embedded-content\" data-secret=\"goSHKr4nYO\"><p><a href=\"https:\/\/www.uutispeili.fi\/index.php\/2024\/01\/13\/turhien-byrokraattien-heimopaallikko-haluaa-sailaksen-tapaan-uhrata-julkiset-palvelut-hallintohimmelien-sailyttamiseksi\/\">Turhien byrokraattien heimop\u00e4\u00e4llikk\u00f6 haluaa -Sailaksen tapaan- uhrata julkiset palvelut hallintohimmelien s\u00e4ilytt\u00e4miseksi.<\/a><\/p><\/blockquote>\n<p><iframe class=\"wp-embedded-content\" sandbox=\"allow-scripts\" security=\"restricted\" style=\"position: absolute; clip: rect(1px, 1px, 1px, 1px);\" title=\"&#8221;Turhien byrokraattien heimop\u00e4\u00e4llikk\u00f6 haluaa -Sailaksen tapaan- uhrata julkiset palvelut hallintohimmelien s\u00e4ilytt\u00e4miseksi.&#8221; &#8212; \" src=\"https:\/\/www.uutispeili.fi\/index.php\/2024\/01\/13\/turhien-byrokraattien-heimopaallikko-haluaa-sailaksen-tapaan-uhrata-julkiset-palvelut-hallintohimmelien-sailyttamiseksi\/embed\/#?secret=XqYfHEt7Lj#?secret=goSHKr4nYO\" data-secret=\"goSHKr4nYO\" width=\"600\" height=\"338\" frameborder=\"0\" marginwidth=\"0\" marginheight=\"0\" scrolling=\"no\"><\/iframe><\/p>\n","protected":false},"excerpt":{"rendered":"<p>Valtionvarainministerin avaus uusista budjettisopeutuksista hirvitt\u00e4\u00e4 osaa porukasta, -ja parku tulee kuulumaan taivaisiin. Tarkastelemme. Valtionvarainministeri Riikka Purra (Perussuomalaiset) julkisti viikolla sek\u00e4 tarpeen uusista noin miljardin budjettileikkauksista, ett\u00e4 kohteita joista on otettava. -Muistutan, ett\u00e4 t\u00e4m\u00e4n hetken tilanne on pohjustettu usean aiemman hallituksen toimettomuudella -ja rohkeuden puuttumisella- kun Suomen valtion ja kuntien menopuolta ei ole *sopeutettu*\u00a0 v\u00e4hentyneisiin tuloihin [&hellip;]<\/p>\n","protected":false},"author":3,"featured_media":7643,"comment_status":"open","ping_status":"open","sticky":false,"template":"","format":"standard","meta":{"footnotes":""},"categories":[31,25,22],"tags":[],"_links":{"self":[{"href":"https:\/\/www.uutispeili.fi\/index.php\/wp-json\/wp\/v2\/posts\/7642"}],"collection":[{"href":"https:\/\/www.uutispeili.fi\/index.php\/wp-json\/wp\/v2\/posts"}],"about":[{"href":"https:\/\/www.uutispeili.fi\/index.php\/wp-json\/wp\/v2\/types\/post"}],"author":[{"embeddable":true,"href":"https:\/\/www.uutispeili.fi\/index.php\/wp-json\/wp\/v2\/users\/3"}],"replies":[{"embeddable":true,"href":"https:\/\/www.uutispeili.fi\/index.php\/wp-json\/wp\/v2\/comments?post=7642"}],"version-history":[{"count":5,"href":"https:\/\/www.uutispeili.fi\/index.php\/wp-json\/wp\/v2\/posts\/7642\/revisions"}],"predecessor-version":[{"id":7655,"href":"https:\/\/www.uutispeili.fi\/index.php\/wp-json\/wp\/v2\/posts\/7642\/revisions\/7655"}],"wp:featuredmedia":[{"embeddable":true,"href":"https:\/\/www.uutispeili.fi\/index.php\/wp-json\/wp\/v2\/media\/7643"}],"wp:attachment":[{"href":"https:\/\/www.uutispeili.fi\/index.php\/wp-json\/wp\/v2\/media?parent=7642"}],"wp:term":[{"taxonomy":"category","embeddable":true,"href":"https:\/\/www.uutispeili.fi\/index.php\/wp-json\/wp\/v2\/categories?post=7642"},{"taxonomy":"post_tag","embeddable":true,"href":"https:\/\/www.uutispeili.fi\/index.php\/wp-json\/wp\/v2\/tags?post=7642"}],"curies":[{"name":"wp","href":"https:\/\/api.w.org\/{rel}","templated":true}]}}