{"id":7613,"date":"2025-08-06T14:49:57","date_gmt":"2025-08-06T11:49:57","guid":{"rendered":"https:\/\/www.uutispeili.fi\/?p=7613"},"modified":"2025-08-06T14:49:57","modified_gmt":"2025-08-06T11:49:57","slug":"aarivenalaiset-hairitsivat-stalinin-uhrien-muiston-kunnioittamista-suomen-suurlahettilas-paikalla","status":"publish","type":"post","link":"https:\/\/www.uutispeili.fi\/index.php\/2025\/08\/06\/aarivenalaiset-hairitsivat-stalinin-uhrien-muiston-kunnioittamista-suomen-suurlahettilas-paikalla\/","title":{"rendered":"\u00c4\u00e4riven\u00e4l\u00e4iset h\u00e4iritsiv\u00e4t Stalinin uhrien muiston kunnioittamista, -Suomen suurl\u00e4hettil\u00e4s paikalla"},"content":{"rendered":"<p><strong>Ven\u00e4j\u00e4, joka ei koskaan ole tunnustanut historian synkki\u00e4 sivuja, harrastaa omanlaistaan &#8217;<em>menneisyyden<\/em> <em>hallintaa<\/em>&#8217;: T\u00e4n\u00e4\u00e4n vallitsevaa &#8221;totuutta&#8221; rikkovia asioita kiellet\u00e4\u00e4n muistamasta.-Kielto koskee erityisesti <em>bolshevismin<\/em> (=kommunismin junttiversio) aikaisia joukkomurhia.<\/strong><\/p>\n<p>(Arkistokuva, mm. neuvostoaikainen asiakirja kuolemantuomiosta.)<\/p>\n<p>Tiistaina (05.08.) Karjalan tasavallan <strong>Sandarmoh<\/strong>iin kokoontuneet <strong>Stalin<\/strong>in valtakauden joukkomurhien uhrien muistelijat jutuivat naamioituneiden, maastopokuisten &#8221;<em>vihreiden miesten<\/em>&#8221; h\u00e4irinn\u00e4n kohteeksi. H\u00e4ir\u00f6iden on p\u00e4\u00e4telty kuuluneen \u00e4\u00e4rioikeistolaiseen <em>Russkaya Obshchina<\/em> -j\u00e4rjest\u00f6\u00f6n. pukeutumisessaan he j\u00e4ljittelev\u00e4t kasakoita, tai yritt\u00e4v\u00e4t muuten vaikuttaa sotilaallisilta. (Kuva n\u00e4ytt\u00e4\u00e4, miten onnistuivat.)<\/p>\n<p>Sandarmohin mets\u00e4 oli teloituspaikka, jossa murhattiin arviolta 6000 bolshevikkien harmillisiksi kokemaa ihmist\u00e4, -joukossa suomalaisia, ven\u00e4l\u00e4isi\u00e4 ja mm. ukrainalaisia.<\/p>\n<p><strong>Suomen<\/strong> Moskovan-l\u00e4hettil\u00e4\u00e4n <strong>Marja Liivala<\/strong>n lis\u00e4ksi tilaisuutta Sandarmohissa seurasi useita diplomaatteja.<\/p>\n<p>Putinistinen raivo kohdistuu my\u00f6s <strong>sotamuistomerkkeihin<\/strong>, joita h\u00e4vitet\u00e4\u00e4n ja h\u00e4p\u00e4ist\u00e4\u00e4n, -elleiv\u00e4t sovi nykyiseen Historian doktriiniin. <strong>Hautausmaat<\/strong> ja kalmistotkaan eiv\u00e4t j\u00e4\u00e4 rauhaan &#8221;<em>Z<\/em>&#8221;-tunnusta kantavilta huligaaneilta. Muistot paikallisesta ei-ven\u00e4l\u00e4isest\u00e4 menneisyydest\u00e4 pyrit\u00e4\u00e4n ylip\u00e4\u00e4t\u00e4\u00e4n h\u00e4vitt\u00e4m\u00e4\u00e4n. <strong>Karjalan Kannaksella<\/strong> -entisell\u00e4 sukunsa kotipaikalla- vieraillut karjalainen kertoikin -kaiken n\u00e4hty\u00e4\u00e4n:<\/p>\n<blockquote><p>&#8221;Hautausmailla t\u00e4m\u00e4 muuten laiska v\u00e4ki on ahkeroinut,&#8221;<\/p><\/blockquote>\n<p>T\u00e4h\u00e4n ei ole lis\u00e4tt\u00e4v\u00e4\u00e4. <img loading=\"lazy\" decoding=\"async\" class=\"alignnone size-full wp-image-144\" src=\"https:\/\/www.uutispeili.fi\/wp-content\/uploads\/2023\/11\/di.gold_.gif\" alt=\"\" width=\"11\" height=\"11\" \/><\/p>\n<p>Luettavaa:<\/p>\n<ul>\n<li><a href=\"https:\/\/meduza.io\/\" target=\"_blank\" rel=\"noopener\"><strong>Meduza<\/strong><\/a>,<\/li>\n<li><a href=\"https:\/\/www.thebarentsobserver.com\/news\/militant-extremists-staged-provocation-on-remembrance-day-for-victims-of-the-great-terror-in-sandarmokh\/434456\" target=\"_blank\" rel=\"noopener\"><strong>Barents Observer<\/strong><\/a> 05.08. 2025.<\/li>\n<li><a href=\"https:\/\/www.iltalehti.fi\/ulkomaat\/a\/95144dab-2d48-48c8-b3f0-1ddd1eb962a4\" target=\"_blank\" rel=\"noopener\"><strong>Iltalehti<\/strong><\/a> 06.08. 2025,<\/li>\n<\/ul>\n","protected":false},"excerpt":{"rendered":"<p>Ven\u00e4j\u00e4, joka ei koskaan ole tunnustanut historian synkki\u00e4 sivuja, harrastaa omanlaistaan &#8217;menneisyyden hallintaa&#8217;: T\u00e4n\u00e4\u00e4n vallitsevaa &#8221;totuutta&#8221; rikkovia asioita kiellet\u00e4\u00e4n muistamasta.-Kielto koskee erityisesti bolshevismin (=kommunismin junttiversio) aikaisia joukkomurhia. (Arkistokuva, mm. neuvostoaikainen asiakirja kuolemantuomiosta.) Tiistaina (05.08.) Karjalan tasavallan Sandarmohiin kokoontuneet Stalinin valtakauden joukkomurhien uhrien muistelijat jutuivat naamioituneiden, maastopokuisten &#8221;vihreiden miesten&#8221; h\u00e4irinn\u00e4n kohteeksi. H\u00e4ir\u00f6iden on p\u00e4\u00e4telty kuuluneen \u00e4\u00e4rioikeistolaiseen [&hellip;]<\/p>\n","protected":false},"author":3,"featured_media":7614,"comment_status":"open","ping_status":"open","sticky":false,"template":"","format":"standard","meta":{"footnotes":""},"categories":[80,74],"tags":[],"_links":{"self":[{"href":"https:\/\/www.uutispeili.fi\/index.php\/wp-json\/wp\/v2\/posts\/7613"}],"collection":[{"href":"https:\/\/www.uutispeili.fi\/index.php\/wp-json\/wp\/v2\/posts"}],"about":[{"href":"https:\/\/www.uutispeili.fi\/index.php\/wp-json\/wp\/v2\/types\/post"}],"author":[{"embeddable":true,"href":"https:\/\/www.uutispeili.fi\/index.php\/wp-json\/wp\/v2\/users\/3"}],"replies":[{"embeddable":true,"href":"https:\/\/www.uutispeili.fi\/index.php\/wp-json\/wp\/v2\/comments?post=7613"}],"version-history":[{"count":2,"href":"https:\/\/www.uutispeili.fi\/index.php\/wp-json\/wp\/v2\/posts\/7613\/revisions"}],"predecessor-version":[{"id":7617,"href":"https:\/\/www.uutispeili.fi\/index.php\/wp-json\/wp\/v2\/posts\/7613\/revisions\/7617"}],"wp:featuredmedia":[{"embeddable":true,"href":"https:\/\/www.uutispeili.fi\/index.php\/wp-json\/wp\/v2\/media\/7614"}],"wp:attachment":[{"href":"https:\/\/www.uutispeili.fi\/index.php\/wp-json\/wp\/v2\/media?parent=7613"}],"wp:term":[{"taxonomy":"category","embeddable":true,"href":"https:\/\/www.uutispeili.fi\/index.php\/wp-json\/wp\/v2\/categories?post=7613"},{"taxonomy":"post_tag","embeddable":true,"href":"https:\/\/www.uutispeili.fi\/index.php\/wp-json\/wp\/v2\/tags?post=7613"}],"curies":[{"name":"wp","href":"https:\/\/api.w.org\/{rel}","templated":true}]}}