{"id":7600,"date":"2025-08-05T13:31:36","date_gmt":"2025-08-05T10:31:36","guid":{"rendered":"https:\/\/www.uutispeili.fi\/?p=7600"},"modified":"2025-08-05T13:31:37","modified_gmt":"2025-08-05T10:31:37","slug":"ilman-israelia-ja-yhdysvaltoja-kahden-valtion-malli-on-vain-tuulen-suhinaa-ruohikossa","status":"publish","type":"post","link":"https:\/\/www.uutispeili.fi\/index.php\/2025\/08\/05\/ilman-israelia-ja-yhdysvaltoja-kahden-valtion-malli-on-vain-tuulen-suhinaa-ruohikossa\/","title":{"rendered":"Ilman Israelia ja Yhdysvaltoja: &#8217;Kahden valtion malli&#8217; on vain tuulen suhinaa ruohikossa"},"content":{"rendered":"<p><strong>Punavihernatsit ovat vaarallista porukkaa, vaikka muka &#8221;vannovat&#8221; demokratian ja rauhan nimeen. Ja on herttasen yhdentekev\u00e4\u00e4 vaikka kaikki muut maat &#8221;tunnustaisivat&#8221; Palestiinan(siis mielikuvitusvaltion) jos\/kun USA ja Israel eiv\u00e4t sit\u00e4 tee.<\/strong><\/p>\n<p>T\u00e4h\u00e4n jatkoksi: &#8221;<em>Kahden valtion malli<\/em>&#8221;, -mill\u00e4h\u00e4n se toteutetaan, jos\/kun <strong>Israel<\/strong> panee <strong>USA<\/strong>:n kanssa hanttiin. Europan vihervassutko muka menev\u00e4t asein pakottamaan ja paaluttamaan palestiinalaisvaltiolle rajat.<\/p>\n<p>Niin kaun kuin <strong>Hamas<\/strong>in sakki yms. ja <strong>Iran<\/strong> h\u00e4sl\u00e4\u00e4v\u00e4t alueella, niin kauan on aivan se ja sama kuka &#8221;<em>tunnustaa<\/em>&#8221; mielikuvitusvaltion. Onhan t\u00e4\u00e4 keskustelu aivan absurdia, kun suuri osa alueen arabeista ei halua kahden valtion mallia, eik\u00e4 my\u00f6sk\u00e4\u00e4n Israel, niin puheet sellaisesta ovat v\u00e4h\u00e4mielist\u00e4 horinaa.<\/p>\n<h2>Vihreet <em>kympin tyt\u00f6tk<\/em>\u00f6 sinne menisiv\u00e4t?<\/h2>\n<p>Ainoa keino vihervasemmistolla, ja muilla salaa tai julkisesti Hamasia kannattavilla, on menn\u00e4 tuonne sotimaan <strong>Israelia<\/strong> ja sit\u00e4 siin\u00e4 tapauksessa raskaasti tukevaa Yhdysvaltoja vastaan, -joilla on aseet ja sotilaat, mutta niit\u00e4 ei vihervassuilla ja terroristeilla, eik\u00e4 heid\u00e4n tukijoillaan ole. Ei ainakaan tarpeeksi. Ja viel\u00e4: vihreet kympin tyt\u00f6tk\u00f6 sinne menisiv\u00e4t, -ja isiksen Eurooppaan my\u00f6s Suomeen piiloutuneet &#8221;solut&#8221;.<\/p>\n<p>Saksako l\u00e4hett\u00e4isi sotilaita taistelemaan juutalaisia vastaan? Suomeen ei tule koskaan sellaista valtiojohtoa, joka m\u00e4\u00e4r\u00e4isi meid\u00e4n armeijan Israelia vastaan terroristien puolustamiseksi. On oikeasti hyv\u00e4 mietti\u00e4 itse kunkin, mit\u00e4 tuo &#8221;<em>kahden valtion malliin<\/em>&#8221; pakottaminen tosiasiassa tarkoittaisi.<\/p>\n<p>On nimitt\u00e4in jumalaton ero noilla ns. diplomaateilla jauhaa tyhj\u00e4\u00e4 jossakin <strong>EU<\/strong>:n palatseissa tai <strong>YK<\/strong>:n k\u00e4yt\u00e4vill\u00e4, ja neuvotella yht\u00e4\u00e4lt\u00e4 terroristien ja toisaalta Israelin ja USA:n p\u00e4iden yli.\u00a0 Ja, vaikka esim. osa suomalaisista vihervassupolitiikoista haluaa kuvitella, ett\u00e4 meid\u00e4n kansalaisiamme kovasti kiinnostaa <strong>Gaza<\/strong> tai kahden valtion synnytt\u00e4minen Israelin alueelle, niin se ei ole totta.<\/p>\n<h2>Kansalaisia ei koko L\u00e4hi-id\u00e4n tilanne kiinnosta<\/h2>\n<p>Tunnen valtavan joukon ihmisi\u00e4 niin tuonkin vuoksi kuin my\u00f6s muutoin ja oma kokemukseni on, ett\u00e4 kansalaisia ei koko L\u00e4hi-id\u00e4n tilanne kiinnosta. Me t\u00e4\u00e4ll\u00e4 haluamme el\u00e4\u00e4 rauhassa, -ainoastaan tuo it\u00e4naapuri huolettaa-ja syyst\u00e4. On todellakin turha kuvitella, ett\u00e4 suomalaisista suuri joukko intoilisi jonkun Hamasin, muiden terroristien tai ylip\u00e4\u00e4ns\u00e4 L\u00e4hi-id\u00e4n arabien vuoksi.<\/p>\n<p>Ja, kun n\u00e4in on, niin ei voi kuin ihmetell\u00e4 kuinka <strong>Yle<\/strong>, <strong>Maikkari<\/strong> ja <strong>Hesari<\/strong> jaksavat p\u00e4iv\u00e4st\u00e4 toiseen vaahdota asiasta. P\u00f6ljyyden kruunaa noissa TV-l\u00e4hetyksiss\u00e4 se, ett\u00e4 esim. Ylen k\u00e4ytt\u00e4m\u00e4t &#8221;<em>asiantuntijat<\/em>&#8221; ovat jo vuosia sitten itsens\u00e4 vasemmistolaisiksi paljastaneet professoorit, jotka toistavat omaa mantraansa l\u00e4hetyksest\u00e4\/haastattelusta toiseen.<\/p>\n<h2>Miksi Haavistoa kyydit\u00e4\u00e4n jatkuvasti haastateltavaksi?<\/h2>\n<p>Tai sitten &#8221;vaihteeksi&#8221; on tongittu <strong>Pekka Haavisto<\/strong>, joka on noissa asioissa itsens\u00e4 kompromenttoinut-<em>isiksien<\/em> maahantuojana.\u00a0 Sit\u00e4 paitsi Haaviston ulkoministeriajoista on aikaa jo yli kaksi vuotta.<\/p>\n<p>Vihreill\u00e4 on 13 kansanedustajaa, joilla se on vasta kolmanneksi &#8221;suurin&#8221; oppositiopuolue, ja sen kannatus on galluppien mukaan laskemassa.\u00a0 Siis puolue on menossa viiden prosentin tasolle, ei nousemassa kymmeneen prosenttiin.<\/p>\n<p>Maailma on muuttunut rajusti vuodesta 2023, eli ex-ulkoministerill\u00e4 ei ole nykytilanteesta sellaista tietoa, ett\u00e4 h\u00e4n voisi -niin kuin itse er\u00e4\u00e4ss\u00e4 Ylen haastattelussa my\u00f6nsi- sanoa muuta kuin kansanedustajan asemasta voi. On siis mahdotonta ymm\u00e4rt\u00e4\u00e4 -asiaperustein- miksi Haavistoa kyydit\u00e4\u00e4n jatkuvasti p\u00e4\u00e4medioiden haastateltavaksi, ja muuten yht\u00e4\u00e4n kriittist\u00e4 kysymyst\u00e4 en ole kuullut toimittajien h\u00e4nelle esitt\u00e4v\u00e4n.<\/p>\n<p>En tied\u00e4, onko sitten kysymyksess\u00e4 Haaviston presidenttikampanja vuodelle 2030 vai 2036. Ilmeisesti j\u00e4lkimm\u00e4inen, koska hyvin todenn\u00e4k\u00f6ist\u00e4 on, ett\u00e4 Alxander Stubb istuu kaksi kautta. Vuonna-36 Pekka Haavisto on 79 vuotias, -toki h\u00e4n varmaan innostaa nykyisi\u00e4 vihreit\u00e4 nuoria- jotka tuolloin ovat 50 v.<\/p>\n<p>Mutta mit\u00e4p\u00e4 t\u00e4ss\u00e4 me tavalliset suomalaiset ihmiset: me teemme ty\u00f6t\u00e4, kasvatamme lapsiamme, toivomme pysyv\u00e4mme tervein\u00e4, ja ett\u00e4 vanhuksemme saavat s\u00e4\u00e4llist\u00e4 hoivaa, ja tietysti haluamme ett\u00e4 rauha vallitsee, -eli siin\u00e4h\u00e4n hohkaatte vihervasemmiston intomielet,<\/p>\n<p>El\u00e4m\u00e4 soljuu omaa tahtiaan, me emme perusta teid\u00e4n canseloinneistanne, teid\u00e4n agendoistanne. T\u00e4m\u00e4 vastapainoksi sille, ett\u00e4 te ette perusta meid\u00e4n asioistamme.<\/p>\n<p>Seppo Huhta<\/p>\n","protected":false},"excerpt":{"rendered":"<p>Punavihernatsit ovat vaarallista porukkaa, vaikka muka &#8221;vannovat&#8221; demokratian ja rauhan nimeen. Ja on herttasen yhdentekev\u00e4\u00e4 vaikka kaikki muut maat &#8221;tunnustaisivat&#8221; Palestiinan(siis mielikuvitusvaltion) jos\/kun USA ja Israel eiv\u00e4t sit\u00e4 tee. T\u00e4h\u00e4n jatkoksi: &#8221;Kahden valtion malli&#8221;, -mill\u00e4h\u00e4n se toteutetaan, jos\/kun Israel panee USA:n kanssa hanttiin. Europan vihervassutko muka menev\u00e4t asein pakottamaan ja paaluttamaan palestiinalaisvaltiolle rajat. Niin kaun [&hellip;]<\/p>\n","protected":false},"author":5,"featured_media":7601,"comment_status":"open","ping_status":"open","sticky":false,"template":"","format":"standard","meta":{"footnotes":""},"categories":[21],"tags":[],"_links":{"self":[{"href":"https:\/\/www.uutispeili.fi\/index.php\/wp-json\/wp\/v2\/posts\/7600"}],"collection":[{"href":"https:\/\/www.uutispeili.fi\/index.php\/wp-json\/wp\/v2\/posts"}],"about":[{"href":"https:\/\/www.uutispeili.fi\/index.php\/wp-json\/wp\/v2\/types\/post"}],"author":[{"embeddable":true,"href":"https:\/\/www.uutispeili.fi\/index.php\/wp-json\/wp\/v2\/users\/5"}],"replies":[{"embeddable":true,"href":"https:\/\/www.uutispeili.fi\/index.php\/wp-json\/wp\/v2\/comments?post=7600"}],"version-history":[{"count":1,"href":"https:\/\/www.uutispeili.fi\/index.php\/wp-json\/wp\/v2\/posts\/7600\/revisions"}],"predecessor-version":[{"id":7602,"href":"https:\/\/www.uutispeili.fi\/index.php\/wp-json\/wp\/v2\/posts\/7600\/revisions\/7602"}],"wp:featuredmedia":[{"embeddable":true,"href":"https:\/\/www.uutispeili.fi\/index.php\/wp-json\/wp\/v2\/media\/7601"}],"wp:attachment":[{"href":"https:\/\/www.uutispeili.fi\/index.php\/wp-json\/wp\/v2\/media?parent=7600"}],"wp:term":[{"taxonomy":"category","embeddable":true,"href":"https:\/\/www.uutispeili.fi\/index.php\/wp-json\/wp\/v2\/categories?post=7600"},{"taxonomy":"post_tag","embeddable":true,"href":"https:\/\/www.uutispeili.fi\/index.php\/wp-json\/wp\/v2\/tags?post=7600"}],"curies":[{"name":"wp","href":"https:\/\/api.w.org\/{rel}","templated":true}]}}