{"id":7545,"date":"2025-08-01T19:00:52","date_gmt":"2025-08-01T16:00:52","guid":{"rendered":"https:\/\/www.uutispeili.fi\/?p=7545"},"modified":"2025-08-01T19:19:31","modified_gmt":"2025-08-01T16:19:31","slug":"diplomaattisesti-tunnustettu-palestiinan-valtio-tulee-olemaan-tarpeellinen-gazan-rauhoittamisessa-stubb-ja-valtonen-oikealla-asialla","status":"publish","type":"post","link":"https:\/\/www.uutispeili.fi\/index.php\/2025\/08\/01\/diplomaattisesti-tunnustettu-palestiinan-valtio-tulee-olemaan-tarpeellinen-gazan-rauhoittamisessa-stubb-ja-valtonen-oikealla-asialla\/","title":{"rendered":"Diplomaattisesti tunnustettu Palestiinan valtio tulee olemaan tarpeellinen Gazan rauhoittamisessa: Stubb ja Valtonen oikealla asialla"},"content":{"rendered":"<p><strong>Presidentti Aleksander Stubbin ja ulkoministeri Elina Valtosen avauksia Palestiinan valtion diplomaattisen tunnustamisen suhteen on arvosteltu vahvoin sanoin. Tarkastelemme.<\/strong><\/p>\n<p>Sota, joka alkoi terroristij\u00e4rjest\u00f6 <strong>Hamas<\/strong>in yll\u00e4tyshy\u00f6kk\u00e4yksell\u00e4 <strong>Israel<\/strong>iin 7. lokakuuta 2023 on edelleen ratkaisua vailla. Neuvotteluja on k\u00e4yty <strong>Qatar<\/strong>in emiirikunnan p\u00e4\u00e4kaupungissa <strong>Doha<\/strong>ssa ja <strong>Kairo<\/strong>ssa <strong>Egypti<\/strong>ss\u00e4, -heikoin tuloksin. P\u00f6yd\u00e4ll\u00e4 on ollut aselepo ja Hamasin ottamien panttivankien vapauttaminen.<\/p>\n<p>Yhdysvallat esitti 31. toukokuuta 2024 kolmen kohdan rauhansuunnitelman, joka mediassa tunnetaan &#8217;<em>Bidenin suunnitelmana<\/em>&#8217;. Neuvotteluissa kiistana on ollut Israelin vet\u00e4ytyminen, -miss\u00e4 suunnitelman vaiheessa? Israel haluaa pit\u00e4\u00e4 kontrollin Gazan Egyptin-vastaisesta rajasta, -est\u00e4\u00e4kseen Hamasin uudelleen-aseistamisen aselevon j\u00e4lkeen. -Vaatimus on hyvin ymm\u00e4rrett\u00e4v\u00e4.<\/p>\n<p>Israel on jo ehtinyt suostumaan vet\u00e4ytymiseen, mutta suunnitelman toisessa vaiheessa, kun ase-salakuljetus estet\u00e4\u00e4n toisin keinoin. T\u00e4m\u00e4 on antanut Hamasin joillekin tahoille keinon jarruttaa: Hamas ei toteutakaan 1. vaiheen ehtoja, -ellei Israel ole vet\u00e4ytynyt. Tavallista neuvotteluv\u00e4\u00e4nt\u00f6\u00e4, -ei pit\u00e4is olla vaikeaa ohittaa.<\/p>\n<p>Ilmeisesti rauhanhieronnassa ollaan oltu sittenkin etenem\u00e4ss\u00e4, koska Israelin hallituksen suunnasta on kuulunut kummallisia ajatuksia: Gazasta irrotetaan alueita Israeliin liitett\u00e4viksi, ja v.2006 evakuoituja juutalais-siirtokuntia perustetaan uudelleen. <strong>Benjamin Netanyahu<\/strong>n hallituksen apupuolueista n\u00e4it\u00e4 ehdotuksia on kuulunut.<\/p>\n<blockquote>\n<p>Mik\u00e4li alueliitos-ehdotukset nousevat Israelin politiikaksi, koko aselepo ja panttivankien vapautus -prosessi on kuollut. J\u00e4ljelle j\u00e4\u00e4 v\u00e4est\u00f6nvaihto?<\/p>\n<\/blockquote>\n<p><strong>YK:n turvallisuusneuvoston<\/strong> pysyv\u00e4t eurooppalaiset j\u00e4senet, <strong>Englanti<\/strong>, <strong>Ranska<\/strong> ja <strong>Saksa<\/strong>, ovat jo ehtineet reagoimaan siihen ep\u00e4vakauden rakenteleen, jota on kes\u00e4n aikana tullut <strong>Washington<\/strong>in ja <strong>Jerusalem<\/strong>in suunnilta. Maanataina toteutui viiv\u00e4stynyt YK:n koollekutsuma kokous <strong>New York<\/strong>issa, -keskittyen &#8221;<strong><em>kahden<\/em><\/strong> <strong><em>valtion malliin<\/em><\/strong>&#8221;, jonka <strong>YK<\/strong> asetti v.1947 p\u00e4\u00e4t\u00f6slauselmallaan, jossa entinen <em>Palestiinan dominio<\/em> jaettiin juutalais- ja arabi-valtioiksi.<\/p>\n<blockquote>\n<p>Eih\u00e4n kukaan usko, ett\u00e4 terroristij\u00e4rjest\u00f6 Hamas l\u00e4hti 07.10.-hy\u00f6kk\u00e4ykseens\u00e4 uskossa ett\u00e4 voittaa sotilaallisesti Israelin armeijan?<\/p>\n<\/blockquote>\n<h2>-Niin mit\u00e4 Hamasille luvattiin?<\/h2>\n<p>Ajatuskin on t\u00e4ysin mahdoton, edes fanaattisille jihadisteille. 07.10.-hy\u00f6kk\u00e4yksen on t\u00e4ytynyt liitty\u00e4 johonkin laajempaan suunnitelmaan. Niin mit\u00e4 Hamasille luvattiin? En n\u00e4e muuta mahdollisuutta, kuin ett\u00e4 Hamasin johtajien on t\u00e4ytynyt olla vuorenvarmoja siit\u00e4, ett\u00e4 he eiv\u00e4t j\u00e4\u00e4 sotimaan yksin &#8221;<em>sionisteja<\/em>&#8221; vastaan:<\/p>\n<p>Muu porukka tulee pian mukaan. -Mutta ket\u00e4\u00e4n muita ei n\u00e4kynyt, kuin <strong>Jemen<\/strong>in <strong><em>huthi-<\/em><\/strong><em>kapinoitsijat<\/em>. <strong>Iran<\/strong>in raketti-iskuissa Israeliin oli v\u00e4h\u00e4n sillai ik\u00e4v\u00e4n velvollisuuden maku. Se luvattu <em>suursota<\/em> j\u00e4i sitten tulematta?<\/p>\n<blockquote>\n<p>Vai oliko 0710-hy\u00f6kk\u00e4yksen todellinen maali &#8217;<strong><em>kahden valtion malli<\/em><\/strong>&#8217;: -Tehd\u00e4 mahdottomaksi Israelin ja arabimaiden l\u00e4hentyminen?<\/p>\n<\/blockquote>\n<p>Fossiilisella energialla py\u00f6riv\u00e4 teollistunut maailma tarvitsee tarvitsee kohtuullista harmoniaa teollistuneen l\u00e4nnen ja \u00f6ljyntuottaja-arabien v\u00e4lill\u00e4. Ensimm\u00e4isell\u00e4 kaudellaan <strong>Yhdysvaltain<\/strong> presidenttin\u00e4 <strong>Donald Trump<\/strong> saikin sit\u00e4 edistetty\u00e4. -Mutta t\u00e4n\u00e4\u00e4n joku taho ajaa Israelia tukevia Yhdysvaltoja ja Eurooppaa t\u00f6rm\u00e4yskurssille arabimaailman kanssa.<\/p>\n<p>Mainitsin jo &#8217;<em>Bidenin suunnitelman<\/em>&#8217;: Se j\u00e4tt\u00e4isi sodanj\u00e4lkeisen Gazan-kaistan -kaikkine kaistap\u00e4ineen-\u00a0 nyt <strong>Ramallah<\/strong>issa, L\u00e4nsirannalla, istuvan palestiinalaishallituksen alaiseksi, -Hamasin aseistariisumisen j\u00e4lkeen.<\/p>\n<p>T\u00e4m\u00e4 sopii Euroopalle, sopii saudeille, ja antaa Israelille tauhalliset rajat. Edell\u00e4 mainitsemani synergia \u00f6ljyntuottaja-arabimaiden ja teollisuusmaiden v\u00e4lill\u00e4 s\u00e4ilyy, maailmantalous kiitt\u00e4\u00e4, eik\u00e4 s\u00e4\u00e4nt\u00f6perustaiseen maailmanj\u00e4rjestykseen kohdistu uhkaa, -ihan heti.<\/p>\n<p>N\u00e4ist\u00e4 syist\u00e4 &#8217;<em>Palestiinan valtiota<\/em>&#8217; on vahvistettava diplomaattisesti. Heinoa, ett\u00e4 Suomen ulkopoliittinen johto on kaukon\u00e4k\u00f6ist\u00e4. <img loading=\"lazy\" decoding=\"async\" class=\"alignnone size-full wp-image-144\" src=\"https:\/\/www.uutispeili.fi\/wp-content\/uploads\/2023\/11\/di.gold_.gif\" alt=\"\" width=\"11\" height=\"11\" \/><\/p>\n<p><a href=\"https:\/\/x.com\/alexstubb\/status\/1950925640552656928\"><img loading=\"lazy\" decoding=\"async\" class=\"aligncenter wp-image-7546 size-full\" src=\"https:\/\/www.uutispeili.fi\/wp-content\/uploads\/2025\/08\/srubb-pale000x31072025.png\" alt=\"\" width=\"296\" height=\"618\" srcset=\"https:\/\/www.uutispeili.fi\/wp-content\/uploads\/2025\/08\/srubb-pale000x31072025.png 296w, https:\/\/www.uutispeili.fi\/wp-content\/uploads\/2025\/08\/srubb-pale000x31072025-144x300.png 144w\" sizes=\"(max-width: 296px) 100vw, 296px\" \/><\/a><\/p>\n<p><strong>Alexander Stubb<\/strong>, Jul 31: Annoin t\u00e4n\u00e4\u00e4n haastattelun STT:lle. Sek\u00e4 israelilaiset ett\u00e4 palestiinalaiset ovat k\u00e4rsineet liikaa, liian kauan.<\/p>\n<p>V\u00e4kivallan uhka Israelissa on todellinen. Hamas, monet muut terroristij\u00e4rjest\u00f6t ja useat valtiot eiv\u00e4t edelleenk\u00e4\u00e4n hyv\u00e4ksy Israelin olemassaoloa. Samalla tilanne Gazassa on ep\u00e4inhimillinen. Lapsia kuolee n\u00e4lk\u00e4\u00e4n, koska ruoka-apu ei p\u00e4\u00e4se perille. Ruokaa hakevia siviilej\u00e4 on ammuttu.<\/p>\n<p>Tarvitaan pitk\u00e4n aikav\u00e4lin ratkaisu, rauha kahden valtion mallin pohjalta.<\/p>\n<p>Ranskan, Britannian ja Kanadan ilmoitukset vahvistavat liikett\u00e4 Palestiinan tunnustamiseksi osana pyrkimyksi\u00e4 elvytt\u00e4\u00e4 rauhanprosessi. Jos Suomi tunnustaa Palestiinan osana t\u00e4t\u00e4 kansainv\u00e4list\u00e4 joukkoa, edist\u00e4mme omilla toimillamme rauhaa.<\/p>\n<p>Samalla on t\u00e4rke\u00e4\u00e4, ett\u00e4 ne arabimaat, jotka eiv\u00e4t viel\u00e4 ole tunnustaneet Israelia, tekev\u00e4t sen. Palestiinalaishallinto on Israelin tunnustamisen jo tehnyt. Hamas ei edusta Palestiinaa.<\/p>\n<blockquote>\n<p>Valtion tunnustaminen on tasavallan presidentin p\u00e4\u00e4t\u00f6s, mutta sen on perustuttava valtioneuvoston esitykseen. Jos saan esityksen Palestiinan valtion tunnustamisesta, olen sen valmis hyv\u00e4ksym\u00e4\u00e4n. On hallituksen asia arvioida, antavatko he esityksen.<\/p>\n<\/blockquote>\n<p>Ymm\u00e4rr\u00e4n, ett\u00e4 suomalaisilla on erilaisia n\u00e4kemyksi\u00e4 Palestiinan tunnustamisesta, huoliakin. Haluan kannustaa avoimeen, rehelliseen ja asialliseen keskusteluun ulkopolitiikasta, my\u00f6s Palestiinan osalta. <img loading=\"lazy\" decoding=\"async\" class=\"alignnone size-full wp-image-144\" src=\"https:\/\/www.uutispeili.fi\/wp-content\/uploads\/2023\/11\/di.gold_.gif\" alt=\"\" width=\"11\" height=\"11\" \/><\/p>\n<p>Luettavaa:<\/p>\n<ul>\n<li><a href=\"https:\/\/www.suomenmaa.fi\/uutiset\/valtonen-palestiina-vetoomus-on-suomen-ulko-ja-turvallisuuspolitiikan-kirjausten-piirissa-2\/\" target=\"_blank\" rel=\"noopener\"><strong>Suomenmaa<\/strong><\/a> 31.07. 2025:<\/li>\n<li><a href=\"https:\/\/www.suomenmaa.fi\/uutiset\/valtonen-palestiina-vetoomus-on-suomen-ulko-ja-turvallisuuspolitiikan-kirjausten-piirissa-2\/\"><img loading=\"lazy\" decoding=\"async\" class=\"aligncenter wp-image-7547 size-full\" src=\"https:\/\/www.uutispeili.fi\/wp-content\/uploads\/2025\/08\/valtonen.pale-suomenmaa0000.png\" alt=\"\" width=\"578\" height=\"599\" srcset=\"https:\/\/www.uutispeili.fi\/wp-content\/uploads\/2025\/08\/valtonen.pale-suomenmaa0000.png 578w, https:\/\/www.uutispeili.fi\/wp-content\/uploads\/2025\/08\/valtonen.pale-suomenmaa0000-289x300.png 289w\" sizes=\"(max-width: 578px) 100vw, 578px\" \/><\/a><\/li>\n<\/ul>\n<blockquote class=\"wp-embedded-content\" data-secret=\"7J4X9SzQJT\"><p><a href=\"https:\/\/www.uutispeili.fi\/index.php\/2025\/07\/30\/israelin-suunnitelmat-liittaa-osa-gazasta-alueisiinsa-kiistetaan\/\">Israelin suunnitelmat liitt\u00e4\u00e4 osa Gazasta alueisiinsa kiistet\u00e4\u00e4n<\/a><\/p><\/blockquote>\n<p><iframe class=\"wp-embedded-content\" sandbox=\"allow-scripts\" security=\"restricted\" style=\"position: absolute; clip: rect(1px, 1px, 1px, 1px);\" title=\"&#8221;Israelin suunnitelmat liitt\u00e4\u00e4 osa Gazasta alueisiinsa kiistet\u00e4\u00e4n&#8221; &#8212; \" src=\"https:\/\/www.uutispeili.fi\/index.php\/2025\/07\/30\/israelin-suunnitelmat-liittaa-osa-gazasta-alueisiinsa-kiistetaan\/embed\/#?secret=jI9PVmiyqy#?secret=7J4X9SzQJT\" data-secret=\"7J4X9SzQJT\" width=\"600\" height=\"338\" frameborder=\"0\" marginwidth=\"0\" marginheight=\"0\" scrolling=\"no\"><\/iframe><\/p>\n<blockquote class=\"wp-embedded-content\" data-secret=\"DmLYIbsqY7\"><p><a href=\"https:\/\/www.uutispeili.fi\/index.php\/2025\/07\/29\/ykn-konferenssi-palestiinan-kysymyksesta-ranskan-ja-saudien-johdolla-yhdysvallat-ja-israel-poissa\/\">YK:n konferenssi Palestiinan kysymyksest\u00e4 Ranskan ja saudien johdolla, Yhdysvallat ja Israel poissa<\/a><\/p><\/blockquote>\n<p><iframe class=\"wp-embedded-content\" sandbox=\"allow-scripts\" security=\"restricted\" style=\"position: absolute; clip: rect(1px, 1px, 1px, 1px);\" title=\"&#8221;YK:n konferenssi Palestiinan kysymyksest\u00e4 Ranskan ja saudien johdolla, Yhdysvallat ja Israel poissa&#8221; &#8212; \" src=\"https:\/\/www.uutispeili.fi\/index.php\/2025\/07\/29\/ykn-konferenssi-palestiinan-kysymyksesta-ranskan-ja-saudien-johdolla-yhdysvallat-ja-israel-poissa\/embed\/#?secret=ztS9SprRJp#?secret=DmLYIbsqY7\" data-secret=\"DmLYIbsqY7\" width=\"600\" height=\"338\" frameborder=\"0\" marginwidth=\"0\" marginheight=\"0\" scrolling=\"no\"><\/iframe><\/p>\n<blockquote class=\"wp-embedded-content\" data-secret=\"NRbOuGFQNj\"><p><a href=\"https:\/\/www.uutispeili.fi\/index.php\/2025\/07\/29\/britannia-tunnustaa-palestiinan-valtion-syyskuussa-ellei-sita-ennen-tulitaukoa-kahden-valtion-malli-mainittu\/\">Britannia tunnustaa Palestiinan valtion syyskuussa, ellei sit\u00e4 ennen tulitaukoa, -kahden valtion malli mainittu<\/a><\/p><\/blockquote>\n<p><iframe class=\"wp-embedded-content\" sandbox=\"allow-scripts\" security=\"restricted\" style=\"position: absolute; clip: rect(1px, 1px, 1px, 1px);\" title=\"&#8221;Britannia tunnustaa Palestiinan valtion syyskuussa, ellei sit\u00e4 ennen tulitaukoa, -kahden valtion malli mainittu&#8221; &#8212; \" src=\"https:\/\/www.uutispeili.fi\/index.php\/2025\/07\/29\/britannia-tunnustaa-palestiinan-valtion-syyskuussa-ellei-sita-ennen-tulitaukoa-kahden-valtion-malli-mainittu\/embed\/#?secret=TUSf6uEHkn#?secret=NRbOuGFQNj\" data-secret=\"NRbOuGFQNj\" width=\"600\" height=\"338\" frameborder=\"0\" marginwidth=\"0\" marginheight=\"0\" scrolling=\"no\"><\/iframe><\/p>\n<blockquote class=\"wp-embedded-content\" data-secret=\"JMjVlNzAV7\"><p><a href=\"https:\/\/www.uutispeili.fi\/index.php\/2025\/07\/28\/ovaska-hallituksen-syyta-edeta-palestiinan-tunnustamisessa\/\">Ovaska: Hallituksen syyt\u00e4 edet\u00e4 Palestiinan tunnustamisessa<\/a><\/p><\/blockquote>\n<p><iframe class=\"wp-embedded-content\" sandbox=\"allow-scripts\" security=\"restricted\" style=\"position: absolute; clip: rect(1px, 1px, 1px, 1px);\" title=\"&#8221;Ovaska: Hallituksen syyt\u00e4 edet\u00e4 Palestiinan tunnustamisessa&#8221; &#8212; \" src=\"https:\/\/www.uutispeili.fi\/index.php\/2025\/07\/28\/ovaska-hallituksen-syyta-edeta-palestiinan-tunnustamisessa\/embed\/#?secret=WpeSvMxO1f#?secret=JMjVlNzAV7\" data-secret=\"JMjVlNzAV7\" width=\"600\" height=\"338\" frameborder=\"0\" marginwidth=\"0\" marginheight=\"0\" scrolling=\"no\"><\/iframe><\/p>\n<blockquote class=\"wp-embedded-content\" data-secret=\"NRbOuGFQNj\"><p><a href=\"https:\/\/www.uutispeili.fi\/index.php\/2025\/07\/29\/britannia-tunnustaa-palestiinan-valtion-syyskuussa-ellei-sita-ennen-tulitaukoa-kahden-valtion-malli-mainittu\/\">Britannia tunnustaa Palestiinan valtion syyskuussa, ellei sit\u00e4 ennen tulitaukoa, -kahden valtion malli mainittu<\/a><\/p><\/blockquote>\n<p><iframe class=\"wp-embedded-content\" sandbox=\"allow-scripts\" security=\"restricted\" style=\"position: absolute; clip: rect(1px, 1px, 1px, 1px);\" title=\"&#8221;Britannia tunnustaa Palestiinan valtion syyskuussa, ellei sit\u00e4 ennen tulitaukoa, -kahden valtion malli mainittu&#8221; &#8212; \" src=\"https:\/\/www.uutispeili.fi\/index.php\/2025\/07\/29\/britannia-tunnustaa-palestiinan-valtion-syyskuussa-ellei-sita-ennen-tulitaukoa-kahden-valtion-malli-mainittu\/embed\/#?secret=TUSf6uEHkn#?secret=NRbOuGFQNj\" data-secret=\"NRbOuGFQNj\" width=\"600\" height=\"338\" frameborder=\"0\" marginwidth=\"0\" marginheight=\"0\" scrolling=\"no\"><\/iframe><\/p>\n<blockquote class=\"wp-embedded-content\" data-secret=\"70dXZsNPmc\"><p><a href=\"https:\/\/www.uutispeili.fi\/index.php\/2025\/07\/25\/hamas-ei-kannata-kahden-valtion-mallia\/\">Hamas ei kannata &#8217;kahden valtion mallia&#8217;<\/a><\/p><\/blockquote>\n<p><iframe class=\"wp-embedded-content\" sandbox=\"allow-scripts\" security=\"restricted\" style=\"position: absolute; clip: rect(1px, 1px, 1px, 1px);\" title=\"&#8221;Hamas ei kannata &#8217;kahden valtion mallia&#8217;&#8221; &#8212; \" src=\"https:\/\/www.uutispeili.fi\/index.php\/2025\/07\/25\/hamas-ei-kannata-kahden-valtion-mallia\/embed\/#?secret=ondJM2EGRa#?secret=70dXZsNPmc\" data-secret=\"70dXZsNPmc\" width=\"600\" height=\"338\" frameborder=\"0\" marginwidth=\"0\" marginheight=\"0\" scrolling=\"no\"><\/iframe><\/p>\n<blockquote class=\"wp-embedded-content\" data-secret=\"IARCeanF23\"><p><a href=\"https:\/\/www.uutispeili.fi\/index.php\/2025\/07\/06\/7194\/\">Israelin hallituksen oikeisto: Netanyahu ei saa allekirjoittaa. Gazaan ei ruoka-apua<\/a><\/p><\/blockquote>\n<p><iframe class=\"wp-embedded-content\" sandbox=\"allow-scripts\" security=\"restricted\" style=\"position: absolute; clip: rect(1px, 1px, 1px, 1px);\" title=\"&#8221;Israelin hallituksen oikeisto: Netanyahu ei saa allekirjoittaa. Gazaan ei ruoka-apua&#8221; &#8212; \" src=\"https:\/\/www.uutispeili.fi\/index.php\/2025\/07\/06\/7194\/embed\/#?secret=y2chQu2LxI#?secret=IARCeanF23\" data-secret=\"IARCeanF23\" width=\"600\" height=\"338\" frameborder=\"0\" marginwidth=\"0\" marginheight=\"0\" scrolling=\"no\"><\/iframe><\/p>\n","protected":false},"excerpt":{"rendered":"<p>Presidentti Aleksander Stubbin ja ulkoministeri Elina Valtosen avauksia Palestiinan valtion diplomaattisen tunnustamisen suhteen on arvosteltu vahvoin sanoin. Tarkastelemme. Sota, joka alkoi terroristij\u00e4rjest\u00f6 Hamasin yll\u00e4tyshy\u00f6kk\u00e4yksell\u00e4 Israeliin 7. lokakuuta 2023 on edelleen ratkaisua vailla. Neuvotteluja on k\u00e4yty Qatarin emiirikunnan p\u00e4\u00e4kaupungissa Dohassa ja Kairossa Egyptiss\u00e4, -heikoin tuloksin. P\u00f6yd\u00e4ll\u00e4 on ollut aselepo ja Hamasin ottamien panttivankien vapauttaminen. Yhdysvallat esitti [&hellip;]<\/p>\n","protected":false},"author":3,"featured_media":7552,"comment_status":"open","ping_status":"open","sticky":false,"template":"","format":"standard","meta":{"footnotes":""},"categories":[21],"tags":[],"_links":{"self":[{"href":"https:\/\/www.uutispeili.fi\/index.php\/wp-json\/wp\/v2\/posts\/7545"}],"collection":[{"href":"https:\/\/www.uutispeili.fi\/index.php\/wp-json\/wp\/v2\/posts"}],"about":[{"href":"https:\/\/www.uutispeili.fi\/index.php\/wp-json\/wp\/v2\/types\/post"}],"author":[{"embeddable":true,"href":"https:\/\/www.uutispeili.fi\/index.php\/wp-json\/wp\/v2\/users\/3"}],"replies":[{"embeddable":true,"href":"https:\/\/www.uutispeili.fi\/index.php\/wp-json\/wp\/v2\/comments?post=7545"}],"version-history":[{"count":5,"href":"https:\/\/www.uutispeili.fi\/index.php\/wp-json\/wp\/v2\/posts\/7545\/revisions"}],"predecessor-version":[{"id":7557,"href":"https:\/\/www.uutispeili.fi\/index.php\/wp-json\/wp\/v2\/posts\/7545\/revisions\/7557"}],"wp:featuredmedia":[{"embeddable":true,"href":"https:\/\/www.uutispeili.fi\/index.php\/wp-json\/wp\/v2\/media\/7552"}],"wp:attachment":[{"href":"https:\/\/www.uutispeili.fi\/index.php\/wp-json\/wp\/v2\/media?parent=7545"}],"wp:term":[{"taxonomy":"category","embeddable":true,"href":"https:\/\/www.uutispeili.fi\/index.php\/wp-json\/wp\/v2\/categories?post=7545"},{"taxonomy":"post_tag","embeddable":true,"href":"https:\/\/www.uutispeili.fi\/index.php\/wp-json\/wp\/v2\/tags?post=7545"}],"curies":[{"name":"wp","href":"https:\/\/api.w.org\/{rel}","templated":true}]}}