{"id":7492,"date":"2025-07-29T18:20:08","date_gmt":"2025-07-29T15:20:08","guid":{"rendered":"https:\/\/www.uutispeili.fi\/?p=7492"},"modified":"2025-07-29T18:20:09","modified_gmt":"2025-07-29T15:20:09","slug":"saksan-vihreat-haluavat-sisallissodan","status":"publish","type":"post","link":"https:\/\/www.uutispeili.fi\/index.php\/2025\/07\/29\/saksan-vihreat-haluavat-sisallissodan\/","title":{"rendered":"Saksan vihre\u00e4t haluavat sis\u00e4llissodan"},"content":{"rendered":"<p><strong>Kuten olen sanonut ja kirjoittanut jo viime vuosikymmenell\u00e4, Vihre\u00e4t pyrkii Saksassa sis\u00e4llissotaan ja my\u00f6s tavoite on sama t\u00e4\u00e4ll\u00e4.<\/strong><\/p>\n<p><strong>Vihreiden<\/strong> puheet demokratiasta ja rauhasta ovat pelkk\u00e4\u00e4 silm\u00e4nlumetta. Saksalainen liittop\u00e4ivin j\u00e4sen ja Vihreiden nuorten johtaja vaatii, ett\u00e4 <strong>AfD<\/strong>:n hallitukseen p\u00e4\u00e4stess\u00e4 t\u00e4ytyy aloittaa aseellinen kapina. Tuon ilmeisen sekop\u00e4\u00e4n &#8211;<strong>Jette Nietzard<\/strong> 26 v- koohotuksen tekee vakavaksi se, ett\u00e4 ko. nainen on kansanedustaja,\u00a0 eli on selv\u00e4\u00e4 ett\u00e4 my\u00f6s puolueen johto on tietoinen lausumasta, ja my\u00f6s hyv\u00e4ksynyt sen.<\/p>\n<p>Saksan Vihreist\u00e4 ei tietenk\u00e4\u00e4n ole sotimaan, mutta ilmeisesti maassa olevat <em>isikset<\/em> on rekrytty mukaan, ja totta kai <em>Antifan<\/em> saasta. Ehk\u00e4 Suomessa <strong>Supo<\/strong>n olisi syyt\u00e4 ottaa s\u00e4il\u00f6\u00f6n Vihreiden puoluejohto ja eduskuntaryhm\u00e4n johto, ja selvitt\u00e4\u00e4 josko kyseisell\u00e4 puolueella on pyrkimys laillisen yhteiskuntaj\u00e4rjestyksemme kaatamiseen ja kapinaan.<\/p>\n<p>Meill\u00e4 on my\u00f6s jo Supon mukaan isiksi\u00e4 ja <strong>Pekka Haavisto<\/strong>han toi niit\u00e4 maahan puoli tusinaa aivan julkisesti.<\/p>\n<p>Seppo Huhta<\/p>\n","protected":false},"excerpt":{"rendered":"<p>Kuten olen sanonut ja kirjoittanut jo viime vuosikymmenell\u00e4, Vihre\u00e4t pyrkii Saksassa sis\u00e4llissotaan ja my\u00f6s tavoite on sama t\u00e4\u00e4ll\u00e4. Vihreiden puheet demokratiasta ja rauhasta ovat pelkk\u00e4\u00e4 silm\u00e4nlumetta. Saksalainen liittop\u00e4ivin j\u00e4sen ja Vihreiden nuorten johtaja vaatii, ett\u00e4 AfD:n hallitukseen p\u00e4\u00e4stess\u00e4 t\u00e4ytyy aloittaa aseellinen kapina. Tuon ilmeisen sekop\u00e4\u00e4n &#8211;Jette Nietzard 26 v- koohotuksen tekee vakavaksi se, ett\u00e4 ko. [&hellip;]<\/p>\n","protected":false},"author":5,"featured_media":7493,"comment_status":"open","ping_status":"open","sticky":false,"template":"","format":"standard","meta":{"footnotes":""},"categories":[21],"tags":[],"_links":{"self":[{"href":"https:\/\/www.uutispeili.fi\/index.php\/wp-json\/wp\/v2\/posts\/7492"}],"collection":[{"href":"https:\/\/www.uutispeili.fi\/index.php\/wp-json\/wp\/v2\/posts"}],"about":[{"href":"https:\/\/www.uutispeili.fi\/index.php\/wp-json\/wp\/v2\/types\/post"}],"author":[{"embeddable":true,"href":"https:\/\/www.uutispeili.fi\/index.php\/wp-json\/wp\/v2\/users\/5"}],"replies":[{"embeddable":true,"href":"https:\/\/www.uutispeili.fi\/index.php\/wp-json\/wp\/v2\/comments?post=7492"}],"version-history":[{"count":1,"href":"https:\/\/www.uutispeili.fi\/index.php\/wp-json\/wp\/v2\/posts\/7492\/revisions"}],"predecessor-version":[{"id":7494,"href":"https:\/\/www.uutispeili.fi\/index.php\/wp-json\/wp\/v2\/posts\/7492\/revisions\/7494"}],"wp:featuredmedia":[{"embeddable":true,"href":"https:\/\/www.uutispeili.fi\/index.php\/wp-json\/wp\/v2\/media\/7493"}],"wp:attachment":[{"href":"https:\/\/www.uutispeili.fi\/index.php\/wp-json\/wp\/v2\/media?parent=7492"}],"wp:term":[{"taxonomy":"category","embeddable":true,"href":"https:\/\/www.uutispeili.fi\/index.php\/wp-json\/wp\/v2\/categories?post=7492"},{"taxonomy":"post_tag","embeddable":true,"href":"https:\/\/www.uutispeili.fi\/index.php\/wp-json\/wp\/v2\/tags?post=7492"}],"curies":[{"name":"wp","href":"https:\/\/api.w.org\/{rel}","templated":true}]}}