{"id":7470,"date":"2025-07-26T17:41:19","date_gmt":"2025-07-26T14:41:19","guid":{"rendered":"https:\/\/www.uutispeili.fi\/?p=7470"},"modified":"2025-07-26T17:41:20","modified_gmt":"2025-07-26T14:41:20","slug":"haluaako-opetusministeri-ottaa-taka-askelia-naisten-oikeuksissa","status":"publish","type":"post","link":"https:\/\/www.uutispeili.fi\/index.php\/2025\/07\/26\/haluaako-opetusministeri-ottaa-taka-askelia-naisten-oikeuksissa\/","title":{"rendered":"&#8221;Haluaako opetusministeri ottaa taka-askelia naisten oikeuksissa?&#8221;"},"content":{"rendered":"<p><strong>Perussuomalaisten kansanedustaja Ari Koponen kritisoi opetusministerin kommentteja koulujen huntukieltoon.<\/strong><\/p>\n<p>Opetusministeri <strong>Anders Adlercreutz<\/strong>in (rkp) mukaan (HS 26.7.) kasvot peitt\u00e4v\u00e4\u00e4 vaatetusta ei tule lains\u00e4\u00e4d\u00e4nn\u00f6ll\u00e4 kielt\u00e4\u00e4, koska se rajoittaa ihmisten vapauksia, ja ilmi\u00f6 on marginaalinen. Sivistysvaliokunnan varapuheenjohtaja ja kansanedustaja <strong>Ari Koponen<\/strong> (ps) tyrm\u00e4\u00e4 opetusministerin n\u00e4kemyksen.<\/p>\n<blockquote><p>Se, ett\u00e4 ilmi\u00f6 ei viel\u00e4 ole valtava, ei poista sit\u00e4 tosiasiaa, ett\u00e4 se on ongelma. Juuri nyt asiaan tulee puuttua, jotta siit\u00e4 ei kasva suurempaa ongelmaa kouluissa, Koponen kommentoi.<\/p><\/blockquote>\n<p>Koponen pit\u00e4\u00e4 eritt\u00e4in huolestuttava, kuinka Suomessa on yleistynyt kasvot peitt\u00e4vien huntujen k\u00e4ytt\u00f6 erityisesti p\u00e4\u00e4kaupunkiseudulla. H\u00e4nen mukaansa kyse on tasa-arvosta, naisten oikeuksista ja suomalaisen kulttuurin puolustamisesta.<\/p>\n<blockquote><p>Haluaako opetusministeri ottaa taka-askelia naisten oikeuksissa, kun on valmis sallimaan tytt\u00f6j\u00e4 alistavaa toimintaa suomalaisessa peruskoulussa? Koponen kysyy.<\/p><\/blockquote>\n<p>Koponen j\u00e4tti eduskunnassa kasvojen peitt\u00e4mist\u00e4 koskevan toimenpidealoitteen 12.11.2024. Koposen mukaan Suomen pit\u00e4\u00e4 ottaa mallia useasta Euroopan maasta, jossa kielto on otettu jo k\u00e4ytt\u00f6\u00f6n. <img loading=\"lazy\" decoding=\"async\" class=\"alignnone size-full wp-image-144\" src=\"https:\/\/www.uutispeili.fi\/wp-content\/uploads\/2023\/11\/di.gold_.gif\" alt=\"\" width=\"11\" height=\"11\" \/><\/p>\n<p>(Uutispeili ei ole\u00a0 muokannut artikkelin sis\u00e4lt\u00f6\u00e4.)<\/p>\n","protected":false},"excerpt":{"rendered":"<p>Perussuomalaisten kansanedustaja Ari Koponen kritisoi opetusministerin kommentteja koulujen huntukieltoon. Opetusministeri Anders Adlercreutzin (rkp) mukaan (HS 26.7.) kasvot peitt\u00e4v\u00e4\u00e4 vaatetusta ei tule lains\u00e4\u00e4d\u00e4nn\u00f6ll\u00e4 kielt\u00e4\u00e4, koska se rajoittaa ihmisten vapauksia, ja ilmi\u00f6 on marginaalinen. Sivistysvaliokunnan varapuheenjohtaja ja kansanedustaja Ari Koponen (ps) tyrm\u00e4\u00e4 opetusministerin n\u00e4kemyksen. Se, ett\u00e4 ilmi\u00f6 ei viel\u00e4 ole valtava, ei poista sit\u00e4 tosiasiaa, ett\u00e4 se [&hellip;]<\/p>\n","protected":false},"author":3,"featured_media":3762,"comment_status":"open","ping_status":"open","sticky":false,"template":"","format":"standard","meta":{"footnotes":""},"categories":[49],"tags":[],"_links":{"self":[{"href":"https:\/\/www.uutispeili.fi\/index.php\/wp-json\/wp\/v2\/posts\/7470"}],"collection":[{"href":"https:\/\/www.uutispeili.fi\/index.php\/wp-json\/wp\/v2\/posts"}],"about":[{"href":"https:\/\/www.uutispeili.fi\/index.php\/wp-json\/wp\/v2\/types\/post"}],"author":[{"embeddable":true,"href":"https:\/\/www.uutispeili.fi\/index.php\/wp-json\/wp\/v2\/users\/3"}],"replies":[{"embeddable":true,"href":"https:\/\/www.uutispeili.fi\/index.php\/wp-json\/wp\/v2\/comments?post=7470"}],"version-history":[{"count":1,"href":"https:\/\/www.uutispeili.fi\/index.php\/wp-json\/wp\/v2\/posts\/7470\/revisions"}],"predecessor-version":[{"id":7471,"href":"https:\/\/www.uutispeili.fi\/index.php\/wp-json\/wp\/v2\/posts\/7470\/revisions\/7471"}],"wp:featuredmedia":[{"embeddable":true,"href":"https:\/\/www.uutispeili.fi\/index.php\/wp-json\/wp\/v2\/media\/3762"}],"wp:attachment":[{"href":"https:\/\/www.uutispeili.fi\/index.php\/wp-json\/wp\/v2\/media?parent=7470"}],"wp:term":[{"taxonomy":"category","embeddable":true,"href":"https:\/\/www.uutispeili.fi\/index.php\/wp-json\/wp\/v2\/categories?post=7470"},{"taxonomy":"post_tag","embeddable":true,"href":"https:\/\/www.uutispeili.fi\/index.php\/wp-json\/wp\/v2\/tags?post=7470"}],"curies":[{"name":"wp","href":"https:\/\/api.w.org\/{rel}","templated":true}]}}