{"id":746,"date":"2024-01-02T17:11:04","date_gmt":"2024-01-02T17:11:04","guid":{"rendered":"https:\/\/www.uutispeili.fi\/?p=746"},"modified":"2024-01-02T21:37:03","modified_gmt":"2024-01-02T21:37:03","slug":"hamas-johtaja-kuoli-beirutissa","status":"publish","type":"post","link":"https:\/\/www.uutispeili.fi\/index.php\/2024\/01\/02\/hamas-johtaja-kuoli-beirutissa\/","title":{"rendered":"Hamas-johtaja kuoli Beirutissa"},"content":{"rendered":"<p><strong>Israel toteutti t\u00e4n\u00e4\u00e4n lennokki-iskun Libanonin p\u00e4\u00e4kaupungissa Beirutissa. Paikallisen median mukaan iskussa menehtyi nelj\u00e4 henkil\u00f6\u00e4, mm. t\u00e4rke\u00e4 Hamasin johtaja.<\/strong><\/p>\n<p>Libanonilainen media, <em>National News Agency<\/em> ja <strong>Hizbollah<\/strong>ia l\u00e4hell\u00e4 oleva <em>Manaar-TV, <\/em>vahvistavat ett\u00e4 surmansa saaneiden joukossa on Hamasin. poliittisen toimiston apulaisjohtaja <strong>Saleh Al-Arouri<\/strong>. Tuoreen tiedon mukaan menehtyneit\u00e4 voi olla kuusi.<\/p>\n<blockquote><p><span class=\"css-1qaijid r-bcqeeo r-qvutc0 r-poiln3\">Journalist Ibrahim Rayhan: Two explosions were heard at <\/span><span class=\"r-18u37iz\">#\u0627\u0644\u0636\u0627\u062d\u064a\u0629_\u0627\u0644\u062c\u0646\u0648\u0628\u064a\u0629<\/span><span class=\"css-1qaijid r-bcqeeo r-qvutc0 r-poiln3\"> and <\/span><span class=\"r-18u37iz\">#\u0628\u064a\u0631\u0648\u062a<\/span><span class=\"css-1qaijid r-bcqeeo r-qvutc0 r-poiln3\"> amid conflicting reports about whether it was an Israeli strike or an accidental explosion. <\/span><span class=\"r-18u37iz\">#\u0627\u0644\u062d\u062f\u062b<\/span><\/p><\/blockquote>\n<blockquote class=\"twitter-tweet\" data-width=\"550\" data-dnt=\"true\">\n<p lang=\"ar\" dir=\"rtl\">\u0627\u0644\u0643\u0627\u062a\u0628 \u0627\u0644\u0635\u062d\u0641\u064a \u0625\u0628\u0631\u0627\u0647\u064a\u0645 \u0631\u064a\u062d\u0627\u0646: \u0633\u0645\u0627\u0639 \u062f\u0648\u064a \u0627\u0646\u0641\u062c\u0627\u0631\u064a\u0646 \u0641\u064a <a href=\"https:\/\/twitter.com\/hashtag\/%D8%A7%D9%84%D8%B6%D8%A7%D8%AD%D9%8A%D8%A9_%D8%A7%D9%84%D8%AC%D9%86%D9%88%D8%A8%D9%8A%D8%A9?src=hash&amp;ref_src=twsrc%5Etfw\">#\u0627\u0644\u0636\u0627\u062d\u064a\u0629_\u0627\u0644\u062c\u0646\u0648\u0628\u064a\u0629<\/a> \u0628\u0640 <a href=\"https:\/\/twitter.com\/hashtag\/%D8%A8%D9%8A%D8%B1%D9%88%D8%AA?src=hash&amp;ref_src=twsrc%5Etfw\">#\u0628\u064a\u0631\u0648\u062a<\/a> \u0648\u0633\u0637 \u0623\u0646\u0628\u0627\u0621 \u0645\u064f\u062a\u0636\u0627\u0631\u0628\u0629 \u0639\u0645\u0627 \u0625\u0630\u0627 \u0643\u0627\u0646 \u0636\u0631\u0628\u0629 \u0625\u0633\u0631\u0627\u0626\u064a\u0644\u064a\u0629 \u0623\u0648 \u0627\u0646\u0641\u062c\u0627\u0631\u064b\u0627 \u0639\u0631\u0636\u064a\u064b\u0651\u0627 <a href=\"https:\/\/twitter.com\/hashtag\/%D8%A7%D9%84%D8%AD%D8%AF%D8%AB?src=hash&amp;ref_src=twsrc%5Etfw\">#\u0627\u0644\u062d\u062f\u062b<\/a> <a href=\"https:\/\/t.co\/fYieNtvjiL\">pic.twitter.com\/fYieNtvjiL<\/a><\/p>\n<p>&mdash; \u0627 \u0644\u0640\u062d\u0640\u062f\u062b (@AlHadath) <a href=\"https:\/\/twitter.com\/AlHadath\/status\/1742223618749104531?ref_src=twsrc%5Etfw\">January 2, 2024<\/a><\/p><\/blockquote>\n<p><script async src=\"https:\/\/platform.twitter.com\/widgets.js\" charset=\"utf-8\"><\/script><\/p>\n<p>Libanonilainen turvallisuusl\u00e4hde vahvistaa useamman ohjuksen (raketin) osuneen\u00a0kohteeseen <strong>Beirut<\/strong>in etel\u00e4isess\u00e4 kaupunginosassa.<\/p>\n<blockquote class=\"twitter-tweet\" data-width=\"550\" data-dnt=\"true\">\n<p lang=\"en\" dir=\"ltr\">Unfortunately Saleh al-Arouri, the deputy head of Hamas&#39;s political office, was martyred along with his companions in Beirut explosion <a href=\"https:\/\/t.co\/jz43cEITXI\">pic.twitter.com\/jz43cEITXI<\/a><\/p>\n<p>&mdash; S p r i n t e r (@Sprinter99800) <a href=\"https:\/\/twitter.com\/Sprinter99800\/status\/1742222909966336166?ref_src=twsrc%5Etfw\">January 2, 2024<\/a><\/p><\/blockquote>\n<p><script async src=\"https:\/\/platform.twitter.com\/widgets.js\" charset=\"utf-8\"><\/script><\/p>\n<p>Israelilaisen <em>Channel 13<\/em> mukaan \u200b murhatun terroristijohtaja Al-Arourin oli tarkoitus tavata huomenna Hizbollahin p\u00e4\u00e4sihteeri <strong>Hassan Nasrallah<\/strong>. Keskustelun aihe ei liene ollut Israelille edullinen.<\/p>\n<h3>&#8221;Israel ei ota vastuuta&#8221;<\/h3>\n<p>&#8221;<em>Israel ei ole ottanut vastuuta t\u00e4st\u00e4 hy\u00f6kk\u00e4yksest\u00e4. Mutta kuka tahansa teki, on oltava selv\u00e4\u00e4, ett\u00e4 t\u00e4m\u00e4 ei ollut hy\u00f6kk\u00e4ys Libanonin valtiota vastaan. Se ei ollut hy\u00f6kk\u00e4ys edes Hizbollahia vastaan<\/em>&#8221;, Israelin p\u00e4\u00e4ministerin <strong>Benjamin Netanyahu<\/strong>n\u00a0 neuvonantaja <strong>Mark Regev<\/strong>\u00a0 kommentoi medialle. &#8221;<em>Joka teki t\u00e4m\u00e4n, teki kirurgisen iskun Hamasin johtoa vastaan.<\/em>&#8221; <img loading=\"lazy\" decoding=\"async\" class=\"alignnone size-full wp-image-144\" src=\"https:\/\/www.uutispeili.fi\/wp-content\/uploads\/2023\/11\/di.gold_.gif\" alt=\"\" width=\"11\" height=\"11\" \/><\/p>\n<p>Luettavaa:<\/p>\n<ul>\n<li><a href=\"https:\/\/www.alarabiya.net\/arab-and-world\/2024\/01\/02\/%D8%A7%D9%86%D9%81%D8%AC%D8%A7%D8%B1-%D8%A8%D8%B6%D8%A7%D8%AD%D9%8A%D8%A9-%D8%A8%D9%8A%D8%B1%D9%88%D8%AA-%D8%A7%D9%84%D8%AC%D9%86%D9%88%D8%A8%D9%8A%D8%A9-%D9%88%D8%AA%D8%B6%D8%A7%D8%B1%D8%A8-%D9%85%D8%B9%D9%84%D9%88%D9%85%D8%A7%D8%AA-%D8%A8%D9%8A%D9%86-%D8%AA%D9%81%D8%AE%D9%8A%D8%AE-%D8%A7%D9%88-%D9%85%D8%B3%D9%8A%D8%B1%D8%A9\" target=\"_blank\" rel=\"noopener\">Al-Arabiya<\/a> 02.01. 2024,<\/li>\n<li><a href=\"https:\/\/www.timesofisrael.com\/liveblog-january-2-2024\/#liveblog-entry-3191769\" target=\"_blank\" rel=\"noopener\">The Times of Israel<\/a> 02.01. 2024,<\/li>\n<li><a href=\"https:\/\/www.washingtonexaminer.com\/policy\/defense-national-security\/hamas-deputy-leader-saleh-al-arouri-killed-israeli-strike-lebanon\" target=\"_blank\" rel=\"noopener\">Washington Examiner<\/a> 02.01. 2024,<\/li>\n<\/ul>\n","protected":false},"excerpt":{"rendered":"<p>Israel toteutti t\u00e4n\u00e4\u00e4n lennokki-iskun Libanonin p\u00e4\u00e4kaupungissa Beirutissa. Paikallisen median mukaan iskussa menehtyi nelj\u00e4 henkil\u00f6\u00e4, mm. t\u00e4rke\u00e4 Hamasin johtaja. Libanonilainen media, National News Agency ja Hizbollahia l\u00e4hell\u00e4 oleva Manaar-TV, vahvistavat ett\u00e4 surmansa saaneiden joukossa on Hamasin. poliittisen toimiston apulaisjohtaja Saleh Al-Arouri. Tuoreen tiedon mukaan menehtyneit\u00e4 voi olla kuusi. Journalist Ibrahim Rayhan: Two explosions were heard at [&hellip;]<\/p>\n","protected":false},"author":3,"featured_media":755,"comment_status":"open","ping_status":"open","sticky":false,"template":"","format":"standard","meta":{"footnotes":""},"categories":[7],"tags":[],"_links":{"self":[{"href":"https:\/\/www.uutispeili.fi\/index.php\/wp-json\/wp\/v2\/posts\/746"}],"collection":[{"href":"https:\/\/www.uutispeili.fi\/index.php\/wp-json\/wp\/v2\/posts"}],"about":[{"href":"https:\/\/www.uutispeili.fi\/index.php\/wp-json\/wp\/v2\/types\/post"}],"author":[{"embeddable":true,"href":"https:\/\/www.uutispeili.fi\/index.php\/wp-json\/wp\/v2\/users\/3"}],"replies":[{"embeddable":true,"href":"https:\/\/www.uutispeili.fi\/index.php\/wp-json\/wp\/v2\/comments?post=746"}],"version-history":[{"count":8,"href":"https:\/\/www.uutispeili.fi\/index.php\/wp-json\/wp\/v2\/posts\/746\/revisions"}],"predecessor-version":[{"id":768,"href":"https:\/\/www.uutispeili.fi\/index.php\/wp-json\/wp\/v2\/posts\/746\/revisions\/768"}],"wp:featuredmedia":[{"embeddable":true,"href":"https:\/\/www.uutispeili.fi\/index.php\/wp-json\/wp\/v2\/media\/755"}],"wp:attachment":[{"href":"https:\/\/www.uutispeili.fi\/index.php\/wp-json\/wp\/v2\/media?parent=746"}],"wp:term":[{"taxonomy":"category","embeddable":true,"href":"https:\/\/www.uutispeili.fi\/index.php\/wp-json\/wp\/v2\/categories?post=746"},{"taxonomy":"post_tag","embeddable":true,"href":"https:\/\/www.uutispeili.fi\/index.php\/wp-json\/wp\/v2\/tags?post=746"}],"curies":[{"name":"wp","href":"https:\/\/api.w.org\/{rel}","templated":true}]}}