{"id":7378,"date":"2025-07-19T15:28:06","date_gmt":"2025-07-19T12:28:06","guid":{"rendered":"https:\/\/www.uutispeili.fi\/?p=7378"},"modified":"2025-07-19T15:28:07","modified_gmt":"2025-07-19T12:28:07","slug":"toteutuuko-australian-ja-yhdysvaltain-puolustushanke-aussi-suurlahettilas-kommentoi-byrokraattista-jarrutusta-washingtonissa","status":"publish","type":"post","link":"https:\/\/www.uutispeili.fi\/index.php\/2025\/07\/19\/toteutuuko-australian-ja-yhdysvaltain-puolustushanke-aussi-suurlahettilas-kommentoi-byrokraattista-jarrutusta-washingtonissa\/","title":{"rendered":"Toteutuuko Australian ja Yhdysvaltain puolustushanke, aussi-suurl\u00e4hettil\u00e4s kommentoi byrokraattista jarrutusta Washingtonissa"},"content":{"rendered":"<p class=\"title-article\"><strong>Australian suurl\u00e4hettil\u00e4s vakuutti optimismiaan AUKUS-hankkeen kohdattua hallinnllista k\u00e4rh\u00e4m\u00e4\u00e4 Washingtonissa.<\/strong><\/p>\n<p><strong>Australia<\/strong>n Washingtonin-suurl\u00e4hettil\u00e4s <strong>Kevin Rudd<\/strong> kommentoi perjantaina (18.07.) <strong>Colorado<\/strong>ssa Yhdysvalloissa, &#8211;<strong><em>Aspenin turvallisuusfoorumissa<\/em><\/strong>&#8211; ett\u00e4 h\u00e4nen maansa ty\u00f6skentelee <strong>Pentagon<\/strong>in kanssa Yhdysvaltain puolustusministeri\u00f6n <strong>AUKUS-sukellusveneprojekti<\/strong>n arvioinnissa, ja on luottavainen, ett\u00e4 kaikki esiin nostetut kysymykset ratkaistaan.<\/p>\n<blockquote><p>&#8221;Ty\u00f6skentelemme <a href=\"https:\/\/en.wikipedia.org\/wiki\/Elbridge_Colby\" target=\"_blank\" rel=\"noopener\"><strong>Elbridge Colby<\/strong><\/a>n ja tiimin kanssa AUKUS-selvityksen parissa&#8230; ja olemme luottavaisia, ett\u00e4 saamme k\u00e4yty\u00e4 l\u00e4pi jokaisen kysymyksen, jonka h\u00e4n on nostanut esiin t\u00e4m\u00e4n (Yhdysvaltain) puolustusministeri\u00f6n sis\u00e4isen selvityksen yhteydess\u00e4&#8221;, Rudd sanoi viitaten Yhdysvaltain puolustusministerin poliittiseen alivaltiosihteeriin Colbyyn, joka oli aloittanut AUKUS-tarkastelun.<\/p><\/blockquote>\n<p>Australian entinen p\u00e4\u00e4ministeri Rudd sanoi, ett\u00e4 Yhdysvaltojen ja Australian liitto on kest\u00e4nyt 15 presidentin ja 15 p\u00e4\u00e4ministerin ajan, -eri puolueista.<\/p>\n<h2>AUKUS: Vastatoimi Kiinan tavoitteilla Intian valtameren ja Tyynenmeren alueella<\/h2>\n<p>Yhdysvallat, Australia ja Britannia julkistivat vuonna 2023 AUKUS-suunnitelman, jossa toimitetaan Australialle <strong>ydink\u00e4ytt\u00f6isi\u00e4 sukellusveneit\u00e4<\/strong> 2030-luvun alkupuolelta l\u00e4htien, osana pyrkimyksi\u00e4 vastustaa Kiinan tavoitteita Intian valtameren ja Tyynenmeren alueella. AUKUS on Australian kaikkien aikojen suurin puolustusprojekti.<\/p>\n<h2>&#8221;<em>Amerikka ensin..<\/em>.&#8221;<\/h2>\n<blockquote><p>Pentagon ilmoitti kes\u00e4kuussa tarkastelevansa AUKUS-ohjelmaa varmistaakseen, ett\u00e4 se on <strong>&#8221;presidentin Amerikka ensin -ohjelman mukainen<\/strong>&#8221;. -Huoli oli her\u00e4nnyt Yhdysvaltain kyvyst\u00e4 tyydytt\u00e4\u00e4 omat sukellusvenetarpeensa.<\/p><\/blockquote>\n<p>Yhdysvaltain paljon puhuttu aie &#8221;<em>siirt\u00e4\u00e4 puolustuksen painopistett\u00e4 pasifiselle alueelle<\/em>&#8221; ei n\u00e4yt\u00e4 olleen mukana tarkastelussa.<\/p>\n<p>Australian puolustusteollisuusministeri <strong>Pat Conroy<\/strong> reagoi t\u00e4n\u00e4\u00e4n sunnuntaina v\u00e4itteeseen, jonka mukaan &#8217;<em>Colby olisi painostanut Australiaa ja Japania selvent\u00e4m\u00e4\u00e4n, mik\u00e4 olisi niiden rooli, jos Yhdysvallat ja <strong>Kiina<\/strong> sotisivat <strong>Taiwan<\/strong>in taki<\/em>a&#8217;, sanomalla, ettei Australia l\u00e4hett\u00e4isi joukkojaan etuk\u00e4teen mihink\u00e4\u00e4n konfliktiin.<\/p>\n<p>Australian p\u00e4\u00e4ministeri <strong>Anthony Albanese<\/strong> on my\u00f6s torjunut Yhdysvaltojen pyynn\u00f6t sitoutua nostamaan puolustusmenoja kahdesta prosentista 3,5 prosenttiin bruttokansantuotteestaan, ja sanonut sen sijaan, ett\u00e4 Australia budjetoisi puolustukseensa &#8217;<em>tarpeen mukaan<\/em>&#8217;.<\/p>\n<p>Colbyn Australialle esitt\u00e4m\u00e4 kehotus selvent\u00e4\u00e4 rooliaan Taiwanin suhteen on ristiriidassa Washingtonin itsens\u00e4 noudattaman &#8221;<em>strategisen ep\u00e4selvyyden<\/em>&#8221; politiikan kanssa:<\/p>\n<blockquote><p>Washingtonista ei ole ilmaistu suoraan, miten Yhdysvallat vastaisi mahdolliseen Kiinan hy\u00f6kk\u00e4ykseen Taiwaniin.<\/p><\/blockquote>\n<p>Rudd k\u00e4ytti sanontaan, ett\u00e4 Yhdysvaltain presidentin <strong>Donald Trump<\/strong> pit\u00e4\u00e4 arvaamattomuutta yhten\u00e4 vahvuuksistaan johtajana.<\/p>\n<blockquote><p>&#8221;Arvaamattomuus ei ole huono asia siin\u00e4 mieless\u00e4, miten kiinalaiset n\u00e4kev\u00e4t strategisen tulevaisuutensa kriittisess\u00e4 kysymyksess\u00e4&#8230; (Raiwanin) tulevaisuudesta&#8221;, Rudd sanoi.<\/p><\/blockquote>\n<p>Rudd muistutti Kiinan &#8221;<em>kapasiteettin ja kyvykkyyden vapautuisivan laajemmin<\/em>&#8221;, jos Taiwan kukistuisi, .<\/p>\n<blockquote><p>&#8221;Uskon, ett\u00e4 tuo logiikka on s\u00e4hk\u00f6istym\u00e4ss\u00e4 t\u00e4\u00e4ll\u00e4 Yhdysvalloissa ja liittolaisten keskuudessa&#8221;, lis\u00e4si Australian suurl\u00e4hettil\u00e4s.<\/p><\/blockquote>\n<p>Luettavaa:<\/p>\n<ul>\n<li><a href=\"https:\/\/www.japantimes.co.jp\/news\/2025\/07\/19\/asia-pacific\/politics\/australia-us-aukus-review\/?utm_source=pianodnu&amp;utm_medium=email&amp;utm_campaign=72&amp;tpcc=dnu&amp;pnespid=.radiixe7kyeok7vohj3ouaw.kaarytqgawydxtr6bevysyytvgzix3zsgwc2nowmrideg4_\" target=\"_blank\" rel=\"noopener\"><strong>The Japan Times<\/strong><\/a> 19.07. 2025,<\/li>\n<li><a href=\"https:\/\/www.japantimes.co.jp\/news\/2025\/06\/12\/asia-pacific\/politics\/australia-aukus-us-trump-review\/?utm_source=pianodnu&amp;utm_medium=email&amp;utm_campaign=72&amp;tpcc=dnu&amp;pnespid=9besniej5aiz47w9rxp.vfhovrpj_nfkxwp4t0ii7kyvoxcing9qqhegtcj7lwxcpbnhsqen\" target=\"_blank\" rel=\"noopener\"><strong>The Japan Times<\/strong><\/a>\u00a012.06. 2025,<\/li>\n<li><a href=\"https:\/\/news.usni.org\/2025\/06\/11\/defense-department-conducting-review-of-aukus-security-pact\" target=\"_blank\" rel=\"noopener\"><strong>USNI News<\/strong><\/a>\u00a011.06. 2025,<\/li>\n<li><a href=\"https:\/\/www.ft.com\/content\/4a9355d9-4aff-49ec-bf7e-ea21de97917b\" target=\"_blank\" rel=\"noopener\"><strong>Financial Times<\/strong><\/a>\u00a011.06. 2025: Pentagon aloittaa Aukus-ydinsukellusvenesopimuksen tarkastelun,<\/li>\n<\/ul>\n<blockquote class=\"wp-embedded-content\" data-secret=\"kGQMXsVI4u\"><p><a href=\"https:\/\/www.uutispeili.fi\/index.php\/2025\/06\/12\/se-siita-puolustusyhteistyosta-aukus-sopimuksen-yhteensopivuutta-amerikka-ensin-politiikkaan-tarkastellaan\/\">Se siit\u00e4 puolustusyhteisty\u00f6st\u00e4: AUKUS-sopimuksen &#8221;yhteensopivuutta Amerikka-ensin -politiikkaan tarkastellaan&#8221;<\/a><\/p><\/blockquote>\n<p><iframe class=\"wp-embedded-content\" sandbox=\"allow-scripts\" security=\"restricted\" style=\"position: absolute; clip: rect(1px, 1px, 1px, 1px);\" title=\"&#8221;Se siit\u00e4 puolustusyhteisty\u00f6st\u00e4: AUKUS-sopimuksen &#8221;yhteensopivuutta Amerikka-ensin -politiikkaan tarkastellaan&#8221;&#8221; &#8212; \" src=\"https:\/\/www.uutispeili.fi\/index.php\/2025\/06\/12\/se-siita-puolustusyhteistyosta-aukus-sopimuksen-yhteensopivuutta-amerikka-ensin-politiikkaan-tarkastellaan\/embed\/#?secret=nslncounQ5#?secret=kGQMXsVI4u\" data-secret=\"kGQMXsVI4u\" width=\"600\" height=\"338\" frameborder=\"0\" marginwidth=\"0\" marginheight=\"0\" scrolling=\"no\"><\/iframe><\/p>\n<blockquote class=\"wp-embedded-content\" data-secret=\"Gtp6Pvtwml\"><p><a href=\"https:\/\/www.uutispeili.fi\/index.php\/2025\/04\/30\/kiina-vapautti-filippiinien-aluetta-eiko-manilassa-olla-kiitollisia\/\">Kiina &#8221;vapautti&#8221; Filippiinien aluetta: -Eik\u00f6 Manilassa olla &#8217;kiitollisia&#8217;?<\/a><\/p><\/blockquote>\n<p><iframe class=\"wp-embedded-content\" sandbox=\"allow-scripts\" security=\"restricted\" style=\"position: absolute; clip: rect(1px, 1px, 1px, 1px);\" title=\"&#8221;Kiina &#8221;vapautti&#8221; Filippiinien aluetta: -Eik\u00f6 Manilassa olla &#8217;kiitollisia&#8217;?&#8221; &#8212; \" src=\"https:\/\/www.uutispeili.fi\/index.php\/2025\/04\/30\/kiina-vapautti-filippiinien-aluetta-eiko-manilassa-olla-kiitollisia\/embed\/#?secret=r6jgGfg1xc#?secret=Gtp6Pvtwml\" data-secret=\"Gtp6Pvtwml\" width=\"600\" height=\"338\" frameborder=\"0\" marginwidth=\"0\" marginheight=\"0\" scrolling=\"no\"><\/iframe><\/p>\n<blockquote class=\"wp-embedded-content\" data-secret=\"Ov7pXZaXcV\"><p><a href=\"https:\/\/www.uutispeili.fi\/index.php\/2025\/06\/17\/kommunistisen-kiinan-kaksi-lentotukialusryhmaa-merella\/\">Kommunistisen Kiinan kaksi lentotukialusryhm\u00e4\u00e4 merell\u00e4<\/a><\/p><\/blockquote>\n<p><iframe class=\"wp-embedded-content\" sandbox=\"allow-scripts\" security=\"restricted\" style=\"position: absolute; clip: rect(1px, 1px, 1px, 1px);\" title=\"&#8221;Kommunistisen Kiinan kaksi lentotukialusryhm\u00e4\u00e4 merell\u00e4&#8221; &#8212; \" src=\"https:\/\/www.uutispeili.fi\/index.php\/2025\/06\/17\/kommunistisen-kiinan-kaksi-lentotukialusryhmaa-merella\/embed\/#?secret=i84s0reFom#?secret=Ov7pXZaXcV\" data-secret=\"Ov7pXZaXcV\" width=\"600\" height=\"338\" frameborder=\"0\" marginwidth=\"0\" marginheight=\"0\" scrolling=\"no\"><\/iframe><\/p>\n<blockquote class=\"wp-embedded-content\" data-secret=\"oJLbGOnwgB\"><p><a href=\"https:\/\/www.uutispeili.fi\/index.php\/2024\/12\/01\/kiinan-kommunisteilla-oli-merikaapelin-katkaisu-patentti-jo-v-2011\/\">Kiinan kommunisteilla oli merikaapelin-katkaisu patentti jo v.2011<\/a><\/p><\/blockquote>\n<p><iframe class=\"wp-embedded-content\" sandbox=\"allow-scripts\" security=\"restricted\" style=\"position: absolute; clip: rect(1px, 1px, 1px, 1px);\" title=\"&#8221;Kiinan kommunisteilla oli merikaapelin-katkaisu patentti jo v.2011&#8221; &#8212; \" src=\"https:\/\/www.uutispeili.fi\/index.php\/2024\/12\/01\/kiinan-kommunisteilla-oli-merikaapelin-katkaisu-patentti-jo-v-2011\/embed\/#?secret=hS9G6vI3f5#?secret=oJLbGOnwgB\" data-secret=\"oJLbGOnwgB\" width=\"600\" height=\"338\" frameborder=\"0\" marginwidth=\"0\" marginheight=\"0\" scrolling=\"no\"><\/iframe><\/p>\n<blockquote class=\"wp-embedded-content\" data-secret=\"UZt0nZzzVA\"><p><a href=\"https:\/\/www.uutispeili.fi\/index.php\/2025\/03\/02\/suhtautuminen-yhdysvaltoihin-on-muuttumassa-ja-kiina-esitti-avoimen-uhkauksen-taiwanille\/\">Suhtautuminen Yhdysvaltoihin on muuttumassa, ja Kiina esitti avoimen uhkauksen Taiwanille<\/a><\/p><\/blockquote>\n<p><iframe class=\"wp-embedded-content\" sandbox=\"allow-scripts\" security=\"restricted\" style=\"position: absolute; clip: rect(1px, 1px, 1px, 1px);\" title=\"&#8221;Suhtautuminen Yhdysvaltoihin on muuttumassa, ja Kiina esitti avoimen uhkauksen Taiwanille&#8221; &#8212; \" src=\"https:\/\/www.uutispeili.fi\/index.php\/2025\/03\/02\/suhtautuminen-yhdysvaltoihin-on-muuttumassa-ja-kiina-esitti-avoimen-uhkauksen-taiwanille\/embed\/#?secret=XDaMwdaxm0#?secret=UZt0nZzzVA\" data-secret=\"UZt0nZzzVA\" width=\"600\" height=\"338\" frameborder=\"0\" marginwidth=\"0\" marginheight=\"0\" scrolling=\"no\"><\/iframe><\/p>\n<blockquote class=\"wp-embedded-content\" data-secret=\"P9vOazTRYn\"><p><a href=\"https:\/\/www.uutispeili.fi\/index.php\/2025\/02\/28\/kiina-testaa-yhdysvaltojen-sitoutumista-liittolaistena-puolustamiseen-kaapelivahinkoja-taiwanin-ymparilla-sotalaivoja-tasmanianmerella\/\">Kiina testaa Yhdysvaltojen sitoutumista liittolaistensa puolustamiseen: Kaapeli&#8221;vahinkoja&#8221; Taiwanin ymp\u00e4rill\u00e4, sotalaivoja  Tasmanianmerell\u00e4<\/a><\/p><\/blockquote>\n<p><iframe class=\"wp-embedded-content\" sandbox=\"allow-scripts\" security=\"restricted\" style=\"position: absolute; clip: rect(1px, 1px, 1px, 1px);\" title=\"&#8221;Kiina testaa Yhdysvaltojen sitoutumista liittolaistensa puolustamiseen: Kaapeli&#8221;vahinkoja&#8221; Taiwanin ymp\u00e4rill\u00e4, sotalaivoja  Tasmanianmerell\u00e4&#8221; &#8212; \" src=\"https:\/\/www.uutispeili.fi\/index.php\/2025\/02\/28\/kiina-testaa-yhdysvaltojen-sitoutumista-liittolaistena-puolustamiseen-kaapelivahinkoja-taiwanin-ymparilla-sotalaivoja-tasmanianmerella\/embed\/#?secret=PSuWH27rlM#?secret=P9vOazTRYn\" data-secret=\"P9vOazTRYn\" width=\"600\" height=\"338\" frameborder=\"0\" marginwidth=\"0\" marginheight=\"0\" scrolling=\"no\"><\/iframe><\/p>\n","protected":false},"excerpt":{"rendered":"<p>Australian suurl\u00e4hettil\u00e4s vakuutti optimismiaan AUKUS-hankkeen kohdattua hallinnllista k\u00e4rh\u00e4m\u00e4\u00e4 Washingtonissa. Australian Washingtonin-suurl\u00e4hettil\u00e4s Kevin Rudd kommentoi perjantaina (18.07.) Coloradossa Yhdysvalloissa, &#8211;Aspenin turvallisuusfoorumissa&#8211; ett\u00e4 h\u00e4nen maansa ty\u00f6skentelee Pentagonin kanssa Yhdysvaltain puolustusministeri\u00f6n AUKUS-sukellusveneprojektin arvioinnissa, ja on luottavainen, ett\u00e4 kaikki esiin nostetut kysymykset ratkaistaan. &#8221;Ty\u00f6skentelemme Elbridge Colbyn ja tiimin kanssa AUKUS-selvityksen parissa&#8230; ja olemme luottavaisia, ett\u00e4 saamme k\u00e4yty\u00e4 l\u00e4pi jokaisen [&hellip;]<\/p>\n","protected":false},"author":3,"featured_media":6870,"comment_status":"open","ping_status":"open","sticky":false,"template":"","format":"standard","meta":{"footnotes":""},"categories":[198,124,127],"tags":[],"_links":{"self":[{"href":"https:\/\/www.uutispeili.fi\/index.php\/wp-json\/wp\/v2\/posts\/7378"}],"collection":[{"href":"https:\/\/www.uutispeili.fi\/index.php\/wp-json\/wp\/v2\/posts"}],"about":[{"href":"https:\/\/www.uutispeili.fi\/index.php\/wp-json\/wp\/v2\/types\/post"}],"author":[{"embeddable":true,"href":"https:\/\/www.uutispeili.fi\/index.php\/wp-json\/wp\/v2\/users\/3"}],"replies":[{"embeddable":true,"href":"https:\/\/www.uutispeili.fi\/index.php\/wp-json\/wp\/v2\/comments?post=7378"}],"version-history":[{"count":2,"href":"https:\/\/www.uutispeili.fi\/index.php\/wp-json\/wp\/v2\/posts\/7378\/revisions"}],"predecessor-version":[{"id":7381,"href":"https:\/\/www.uutispeili.fi\/index.php\/wp-json\/wp\/v2\/posts\/7378\/revisions\/7381"}],"wp:featuredmedia":[{"embeddable":true,"href":"https:\/\/www.uutispeili.fi\/index.php\/wp-json\/wp\/v2\/media\/6870"}],"wp:attachment":[{"href":"https:\/\/www.uutispeili.fi\/index.php\/wp-json\/wp\/v2\/media?parent=7378"}],"wp:term":[{"taxonomy":"category","embeddable":true,"href":"https:\/\/www.uutispeili.fi\/index.php\/wp-json\/wp\/v2\/categories?post=7378"},{"taxonomy":"post_tag","embeddable":true,"href":"https:\/\/www.uutispeili.fi\/index.php\/wp-json\/wp\/v2\/tags?post=7378"}],"curies":[{"name":"wp","href":"https:\/\/api.w.org\/{rel}","templated":true}]}}