{"id":7279,"date":"2025-07-11T22:52:05","date_gmt":"2025-07-11T19:52:05","guid":{"rendered":"https:\/\/www.uutispeili.fi\/?p=7279"},"modified":"2025-07-11T22:52:05","modified_gmt":"2025-07-11T19:52:05","slug":"yhdysvaltain-syyrian-erityislahettilas-syyrian-demokraattiset-joukot-sdf-edelleen-yhdysvaltojen-tarkea-kumppani","status":"publish","type":"post","link":"https:\/\/www.uutispeili.fi\/index.php\/2025\/07\/11\/yhdysvaltain-syyrian-erityislahettilas-syyrian-demokraattiset-joukot-sdf-edelleen-yhdysvaltojen-tarkea-kumppani\/","title":{"rendered":"Yhdysvaltain Syyrian-erityisl\u00e4hettil\u00e4s: Syyrian demokraattiset joukot (SDF) edelleen Yhdysvaltojen t\u00e4rke\u00e4 kumppani"},"content":{"rendered":"<p><strong>Yhdysvaltain Syyrian-erityisl\u00e4hettil\u00e4s antoi torstaina (10.07.) syyrialais-medialle lausunnon, vahvistaen Yhdysvaltain kumppanuuden jatkumisen Syyrian kurdijoukkojen kanssa.<\/strong><\/p>\n<p>(Kuvakoosteessa Global Coalitionin sotilaita Syyriassa.)<\/p>\n<p><strong>Syyrian v\u00e4liaikainen hallitu<\/strong>s, jota johtaa presidentin pallilla entinen HTS-terroristi <strong>Muhammed al-Sharaa<\/strong> (al-Jolani) on p\u00e4\u00e4sem\u00e4ss\u00e4 eroon lopuistakin Syyriaan <strong>Bashar al-Assad<\/strong>in hallinnon aikana kohdistetuista pakotteista. T\u00e4m\u00e4 tekee kiinnostavaksi sotilaallisen yhteisty\u00f6n jatkumisen Eufratin-takaista Syyriaa hallitsevan &#8217;<em>kurdihallinnon<\/em>&#8217; kanssa.<\/p>\n<p><strong>Syrian Democratic Forces<\/strong> (SDF) oli Yhdysvaltain p\u00e4\u00e4liittolainen Syyriassa <strong>&#8217;islamilaisen valtion&#8217; IS<\/strong>:n (&#8221;ISIS:n&#8221;) eliminoimisessa, osana Yhdysvaltain johtamaa &#8217;<strong>globaalia koalitioita terrorismia vastaan<\/strong>&#8217;. Koalition amerikkalaisjoukot ovat yh\u00e4 l\u00e4sn\u00e4 Koillis-Syyriassa.<\/p>\n<p>Yhdysvaltain Syyrian-erityisl\u00e4hettil\u00e4s <strong>Thomas Barrack<\/strong> vahvisti\u00a0torstaina, ett\u00e4<em> Syyrian demokraattiset joukot (SDF) ovat edelleen Yhdysvaltojen t\u00e4rke\u00e4 kumppani<\/em>. H\u00e4n ylisti heid\u00e4n rooliaan taistelussa Islamilaista valtiota (ISIS) vastaan \u200b\u200bja heid\u00e4n potentiaaliaan toimia yhdess\u00e4 sen tosiasian kanssa, ett\u00e4 Syyria on yksi maa ja sill\u00e4 on yksi armeija.<\/p>\n<blockquote><p>\u201dSDF:n, joka on ollut Amerikan arvostettu kumppani taistelussa ISISi\u00e4 vastaan, arvostettu, \u00e4lyk\u00e4s ja sanavalmis, on tultava siihen johtop\u00e4\u00e4t\u00f6kseen, ett\u00e4 (Syyria) on yksi maa, yksi kansakunta, yksi kansa ja yksi armeija\u201d, Thomas Barrack sanoi North Pressin yksinoikeudella antamassaan haastattelussa torstaina (10.07.).<\/p><\/blockquote>\n<p>Barak korosti Syyrian yhten\u00e4isyyden t\u00e4rkeytt\u00e4:<\/p>\n<blockquote><p>\u201dSDF:n on nopeammin sopeuduttava siihen tosiasiaan, ett\u00e4 on yksi maa, yksi kansakunta, yksi kansa ja yksi armeija. Joten keskusteluja k\u00e4yd\u00e4\u00e4n. Niiden on tapahduttava nopeammin.\u201d<\/p><\/blockquote>\n<p>&#8221;ISIS:n&#8221; kukistuttua v.2018 menness\u00e4, ja Syyrian ollessa p\u00e4\u00e4osin rauhanomaisessa tilassa -terroristi-iskuja tapahtui toki kuten Euroopassakin- Turkin islamistipresidentti <strong>Recep Tayyip<\/strong> Erdogan hy\u00f6kk\u00e4si lokakuussa 2019 yll\u00e4tt\u00e4en Syyriaan, -ja sy\u00f6ksi Syyrian pohjoiset osat uudelleen sodan jalkoihin.<\/p>\n<p>Silloin ensimm\u00e4ist\u00e4 kauttaan &#8217;ovaalissa&#8217; istuva <strong>Donald Trump<\/strong> katkaisi Yhdysvaltain tuen SDF:lle. Saman piruetin toistuminen onkin ollut mukana spekulaatioissa tammikuusta -25 alkaen. Erdogan perusteli hy\u00f6kk\u00e4yst\u00e4\u00e4n Syyriaan &#8221;<em><strong>PKK<\/strong>:n torjumisella<\/em>&#8221;. Katsotaankin, mit\u00e4 Barrack sanoi eilen PKK:sta:<\/p>\n<blockquote><p>\u201dT\u00e4m\u00e4 on askel, joka olisi pit\u00e4nyt ottaa jo kauan sitten\u201d, h\u00e4n totesi. \u201dAina kun voimme korvata kaaoksen rauhalla, Amerikka on t\u00e4ysin sen kannalla. Joten olen ylpe\u00e4 kaikista osapuolista, Turkista, PKK:sta, \u00d6calanista.\u201d<\/p><\/blockquote>\n<p>Barak ilmaisi optimismiaan ja jatkoi: \u201d<em>Toivon, ett\u00e4 t\u00e4m\u00e4 on joko alun loppu tai lopun alku. Se vaikuttaa siihen, mit\u00e4 t\u00e4\u00e4ll\u00e4 tapahtuu. Koska n\u00e4emme koko alueen muuttuvan.<\/em>\u201d <img loading=\"lazy\" decoding=\"async\" class=\"alignnone size-full wp-image-144\" src=\"https:\/\/www.uutispeili.fi\/wp-content\/uploads\/2023\/11\/di.gold_.gif\" alt=\"\" width=\"11\" height=\"11\" \/><\/p>\n<p>Luettavaa:<\/p>\n<ul>\n<li><a href=\"https:\/\/npasyria.com\/en\/127124\/\" target=\"_blank\" rel=\"noopener\"><strong>North Press Agency<\/strong><\/a> 10.07. 2025,<\/li>\n<\/ul>\n<p>Video: North Press Agency 10.07. 2025.<br \/>\n<iframe loading=\"lazy\" title=\"U.S. envoy says SDF is valued partner in the fight against ISIS \u2013 North Press\" src=\"https:\/\/www.youtube.com\/embed\/ETul2kA50jo\" width=\"901\" height=\"480\" frameborder=\"0\" allowfullscreen=\"allowfullscreen\"><\/iframe><\/p>\n<blockquote class=\"wp-embedded-content\" data-secret=\"Sj1eipLYXp\"><p><a href=\"https:\/\/www.uutispeili.fi\/index.php\/2025\/07\/07\/syyriassa-vaaditaan-mielivaltaisten-pidatysten-lopettamistas\/\">Syyriassa vaaditaan mielivaltaisten pid\u00e4tysten lopettamista<\/a><\/p><\/blockquote>\n<p><iframe class=\"wp-embedded-content\" sandbox=\"allow-scripts\" security=\"restricted\" style=\"position: absolute; clip: rect(1px, 1px, 1px, 1px);\" title=\"&#8221;Syyriassa vaaditaan mielivaltaisten pid\u00e4tysten lopettamista&#8221; &#8212; \" src=\"https:\/\/www.uutispeili.fi\/index.php\/2025\/07\/07\/syyriassa-vaaditaan-mielivaltaisten-pidatysten-lopettamistas\/embed\/#?secret=bTKeHodtHN#?secret=Sj1eipLYXp\" data-secret=\"Sj1eipLYXp\" width=\"600\" height=\"338\" frameborder=\"0\" marginwidth=\"0\" marginheight=\"0\" scrolling=\"no\"><\/iframe><\/p>\n<blockquote class=\"wp-embedded-content\" data-secret=\"ynzd50H17M\"><p><a href=\"https:\/\/www.uutispeili.fi\/index.php\/2025\/02\/26\/britannian-erikoislahettilas-keskusteli-sdfn-johdon-kanssa-syyrian-tulevaisuudesta\/\">Britannian erikoisl\u00e4hettil\u00e4s keskusteli SDF:n johdon kanssa Syyrian tulevaisuudesta<\/a><\/p><\/blockquote>\n<p><iframe class=\"wp-embedded-content\" sandbox=\"allow-scripts\" security=\"restricted\" style=\"position: absolute; clip: rect(1px, 1px, 1px, 1px);\" title=\"&#8221;Britannian erikoisl\u00e4hettil\u00e4s keskusteli SDF:n johdon kanssa Syyrian tulevaisuudesta&#8221; &#8212; \" src=\"https:\/\/www.uutispeili.fi\/index.php\/2025\/02\/26\/britannian-erikoislahettilas-keskusteli-sdfn-johdon-kanssa-syyrian-tulevaisuudesta\/embed\/#?secret=3AWtzvnYle#?secret=ynzd50H17M\" data-secret=\"ynzd50H17M\" width=\"600\" height=\"338\" frameborder=\"0\" marginwidth=\"0\" marginheight=\"0\" scrolling=\"no\"><\/iframe><\/p>\n<blockquote class=\"wp-embedded-content\" data-secret=\"CLPciELm4Q\"><p><a href=\"https:\/\/www.uutispeili.fi\/index.php\/2024\/12\/27\/syyria-sdf-pyrkii-yhtenaisyyteen-damaskoksen-hallinnon-kanssa\/\">Syyria: SDF pyrkii yhten\u00e4isyyteen Damaskoksen hallinnon kanssa<\/a><\/p><\/blockquote>\n<p><iframe class=\"wp-embedded-content\" sandbox=\"allow-scripts\" security=\"restricted\" style=\"position: absolute; clip: rect(1px, 1px, 1px, 1px);\" title=\"&#8221;Syyria: SDF pyrkii yhten\u00e4isyyteen Damaskoksen hallinnon kanssa&#8221; &#8212; \" src=\"https:\/\/www.uutispeili.fi\/index.php\/2024\/12\/27\/syyria-sdf-pyrkii-yhtenaisyyteen-damaskoksen-hallinnon-kanssa\/embed\/#?secret=ea2alC0nzd#?secret=CLPciELm4Q\" data-secret=\"CLPciELm4Q\" width=\"600\" height=\"338\" frameborder=\"0\" marginwidth=\"0\" marginheight=\"0\" scrolling=\"no\"><\/iframe><\/p>\n<blockquote class=\"wp-embedded-content\" data-secret=\"uWXU7vreGD\"><p><a href=\"https:\/\/www.uutispeili.fi\/index.php\/2024\/12\/24\/syyria-sdf-valmis-liittymaan-syyrian-hallituksen-alaiseen-armeijaan\/\">Syyria: SDF valmis liittym\u00e4\u00e4n Syyrian hallituksen alaiseen armeijaan<\/a><\/p><\/blockquote>\n<p><iframe class=\"wp-embedded-content\" sandbox=\"allow-scripts\" security=\"restricted\" style=\"position: absolute; clip: rect(1px, 1px, 1px, 1px);\" title=\"&#8221;Syyria: SDF valmis liittym\u00e4\u00e4n Syyrian hallituksen alaiseen armeijaan&#8221; &#8212; \" src=\"https:\/\/www.uutispeili.fi\/index.php\/2024\/12\/24\/syyria-sdf-valmis-liittymaan-syyrian-hallituksen-alaiseen-armeijaan\/embed\/#?secret=4GlQx20Qyl#?secret=uWXU7vreGD\" data-secret=\"uWXU7vreGD\" width=\"600\" height=\"338\" frameborder=\"0\" marginwidth=\"0\" marginheight=\"0\" scrolling=\"no\"><\/iframe><\/p>\n<blockquote class=\"wp-embedded-content\" data-secret=\"m57mirLlRr\"><p><a href=\"https:\/\/www.uutispeili.fi\/index.php\/2024\/12\/20\/erdogan-julisti-sodan-syyrian-sdflle\/\">Erdogan julisti sodan Syyrian SDF:lle<\/a><\/p><\/blockquote>\n<p><iframe class=\"wp-embedded-content\" sandbox=\"allow-scripts\" security=\"restricted\" style=\"position: absolute; clip: rect(1px, 1px, 1px, 1px);\" title=\"&#8221;Erdogan julisti sodan Syyrian SDF:lle&#8221; &#8212; \" src=\"https:\/\/www.uutispeili.fi\/index.php\/2024\/12\/20\/erdogan-julisti-sodan-syyrian-sdflle\/embed\/#?secret=9vrRSiKJYb#?secret=m57mirLlRr\" data-secret=\"m57mirLlRr\" width=\"600\" height=\"338\" frameborder=\"0\" marginwidth=\"0\" marginheight=\"0\" scrolling=\"no\"><\/iframe><\/p>\n<blockquote class=\"wp-embedded-content\" data-secret=\"Zn8n1vNYtF\"><p><a href=\"https:\/\/www.uutispeili.fi\/index.php\/2024\/12\/19\/huono-uutinen-erdolle-ranska-vaatii-sdfn-ottamista-mukaan-syyrian-poliittiseen-siirtymavaiheeseen-senaattori-john-kennedy-vaati-turkkia-lopettamaan-eskaloimisen-syyriassa\/\">Huono uutinen Erdolle: Ranska vaatii SDF:n ottamista mukaan Syyrian poliittiseen siirtym\u00e4vaiheeseen, senaattori John Kennedy vaati Turkkia lopettamaan eskaloimisen Syyriassa<\/a><\/p><\/blockquote>\n<p><iframe class=\"wp-embedded-content\" sandbox=\"allow-scripts\" security=\"restricted\" style=\"position: absolute; clip: rect(1px, 1px, 1px, 1px);\" title=\"&#8221;Huono uutinen Erdolle: Ranska vaatii SDF:n ottamista mukaan Syyrian poliittiseen siirtym\u00e4vaiheeseen, senaattori John Kennedy vaati Turkkia lopettamaan eskaloimisen Syyriassa&#8221; &#8212; \" src=\"https:\/\/www.uutispeili.fi\/index.php\/2024\/12\/19\/huono-uutinen-erdolle-ranska-vaatii-sdfn-ottamista-mukaan-syyrian-poliittiseen-siirtymavaiheeseen-senaattori-john-kennedy-vaati-turkkia-lopettamaan-eskaloimisen-syyriassa\/embed\/#?secret=2yNF3tuBld#?secret=Zn8n1vNYtF\" data-secret=\"Zn8n1vNYtF\" width=\"600\" height=\"338\" frameborder=\"0\" marginwidth=\"0\" marginheight=\"0\" scrolling=\"no\"><\/iframe><\/p>\n<blockquote class=\"wp-embedded-content\" data-secret=\"8sbafErewF\"><p><a href=\"https:\/\/www.uutispeili.fi\/index.php\/2025\/04\/16\/yhdysvallat-puolittaa-joukkonsa-syyriassa-israelissa-ollaan-huolissaan-turkin-takia\/\">Yhdysvallat puolittaa joukkonsa Syyriassa, Israelissa ollaan huolissaan, -Turkin takia<\/a><\/p><\/blockquote>\n<p><iframe class=\"wp-embedded-content\" sandbox=\"allow-scripts\" security=\"restricted\" style=\"position: absolute; clip: rect(1px, 1px, 1px, 1px);\" title=\"&#8221;Yhdysvallat puolittaa joukkonsa Syyriassa, Israelissa ollaan huolissaan, -Turkin takia&#8221; &#8212; \" src=\"https:\/\/www.uutispeili.fi\/index.php\/2025\/04\/16\/yhdysvallat-puolittaa-joukkonsa-syyriassa-israelissa-ollaan-huolissaan-turkin-takia\/embed\/#?secret=f40TADgTGY#?secret=8sbafErewF\" data-secret=\"8sbafErewF\" width=\"600\" height=\"338\" frameborder=\"0\" marginwidth=\"0\" marginheight=\"0\" scrolling=\"no\"><\/iframe><\/p>\n<blockquote class=\"wp-embedded-content\" data-secret=\"cqQqBVOTbW\"><p><a href=\"https:\/\/www.uutispeili.fi\/index.php\/2025\/03\/11\/ilham-ahmad-sdfn-ja-hallituksen-sopimuksen-tavoitteena-on-pysayttaa-vakivalta-syyrian-rannikko-maakunnissa\/\">Ilhan Ahmad: SDF:n ja hallituksen sopimuksen tavoitteena on pys\u00e4ytt\u00e4\u00e4 v\u00e4kivalta Syyrian rannikko-maakunnissa<\/a><\/p><\/blockquote>\n<p><iframe class=\"wp-embedded-content\" sandbox=\"allow-scripts\" security=\"restricted\" style=\"position: absolute; clip: rect(1px, 1px, 1px, 1px);\" title=\"&#8221;Ilhan Ahmad: SDF:n ja hallituksen sopimuksen tavoitteena on pys\u00e4ytt\u00e4\u00e4 v\u00e4kivalta Syyrian rannikko-maakunnissa&#8221; &#8212; \" src=\"https:\/\/www.uutispeili.fi\/index.php\/2025\/03\/11\/ilham-ahmad-sdfn-ja-hallituksen-sopimuksen-tavoitteena-on-pysayttaa-vakivalta-syyrian-rannikko-maakunnissa\/embed\/#?secret=jchVVvXyPe#?secret=cqQqBVOTbW\" data-secret=\"cqQqBVOTbW\" width=\"600\" height=\"338\" frameborder=\"0\" marginwidth=\"0\" marginheight=\"0\" scrolling=\"no\"><\/iframe><\/p>\n<blockquote class=\"wp-embedded-content\" data-secret=\"4HZEk52Llq\"><p><a href=\"https:\/\/www.uutispeili.fi\/index.php\/2025\/03\/15\/5610\/\">Syyriaan rauha, -tai sitten ei<\/a><\/p><\/blockquote>\n<p><iframe class=\"wp-embedded-content\" sandbox=\"allow-scripts\" security=\"restricted\" style=\"position: absolute; clip: rect(1px, 1px, 1px, 1px);\" title=\"&#8221;Syyriaan rauha, -tai sitten ei&#8221; &#8212; \" src=\"https:\/\/www.uutispeili.fi\/index.php\/2025\/03\/15\/5610\/embed\/#?secret=LE8gGfr5SM#?secret=4HZEk52Llq\" data-secret=\"4HZEk52Llq\" width=\"600\" height=\"338\" frameborder=\"0\" marginwidth=\"0\" marginheight=\"0\" scrolling=\"no\"><\/iframe><\/p>\n","protected":false},"excerpt":{"rendered":"<p>Yhdysvaltain Syyrian-erityisl\u00e4hettil\u00e4s antoi torstaina (10.07.) syyrialais-medialle lausunnon, vahvistaen Yhdysvaltain kumppanuuden jatkumisen Syyrian kurdijoukkojen kanssa. (Kuvakoosteessa Global Coalitionin sotilaita Syyriassa.) Syyrian v\u00e4liaikainen hallitus, jota johtaa presidentin pallilla entinen HTS-terroristi Muhammed al-Sharaa (al-Jolani) on p\u00e4\u00e4sem\u00e4ss\u00e4 eroon lopuistakin Syyriaan Bashar al-Assadin hallinnon aikana kohdistetuista pakotteista. T\u00e4m\u00e4 tekee kiinnostavaksi sotilaallisen yhteisty\u00f6n jatkumisen Eufratin-takaista Syyriaa hallitsevan &#8217;kurdihallinnon&#8217; kanssa. Syrian Democratic [&hellip;]<\/p>\n","protected":false},"author":3,"featured_media":7284,"comment_status":"open","ping_status":"open","sticky":false,"template":"","format":"standard","meta":{"footnotes":""},"categories":[71,122,123,127],"tags":[],"_links":{"self":[{"href":"https:\/\/www.uutispeili.fi\/index.php\/wp-json\/wp\/v2\/posts\/7279"}],"collection":[{"href":"https:\/\/www.uutispeili.fi\/index.php\/wp-json\/wp\/v2\/posts"}],"about":[{"href":"https:\/\/www.uutispeili.fi\/index.php\/wp-json\/wp\/v2\/types\/post"}],"author":[{"embeddable":true,"href":"https:\/\/www.uutispeili.fi\/index.php\/wp-json\/wp\/v2\/users\/3"}],"replies":[{"embeddable":true,"href":"https:\/\/www.uutispeili.fi\/index.php\/wp-json\/wp\/v2\/comments?post=7279"}],"version-history":[{"count":3,"href":"https:\/\/www.uutispeili.fi\/index.php\/wp-json\/wp\/v2\/posts\/7279\/revisions"}],"predecessor-version":[{"id":7285,"href":"https:\/\/www.uutispeili.fi\/index.php\/wp-json\/wp\/v2\/posts\/7279\/revisions\/7285"}],"wp:featuredmedia":[{"embeddable":true,"href":"https:\/\/www.uutispeili.fi\/index.php\/wp-json\/wp\/v2\/media\/7284"}],"wp:attachment":[{"href":"https:\/\/www.uutispeili.fi\/index.php\/wp-json\/wp\/v2\/media?parent=7279"}],"wp:term":[{"taxonomy":"category","embeddable":true,"href":"https:\/\/www.uutispeili.fi\/index.php\/wp-json\/wp\/v2\/categories?post=7279"},{"taxonomy":"post_tag","embeddable":true,"href":"https:\/\/www.uutispeili.fi\/index.php\/wp-json\/wp\/v2\/tags?post=7279"}],"curies":[{"name":"wp","href":"https:\/\/api.w.org\/{rel}","templated":true}]}}