{"id":7229,"date":"2025-07-08T14:34:17","date_gmt":"2025-07-08T11:34:17","guid":{"rendered":"https:\/\/www.uutispeili.fi\/?p=7229"},"modified":"2025-07-08T14:56:27","modified_gmt":"2025-07-08T11:56:27","slug":"saksa-syyttaa-kiinaa-laserin-kohdistamisesta-lebtokoneeseen","status":"publish","type":"post","link":"https:\/\/www.uutispeili.fi\/index.php\/2025\/07\/08\/saksa-syyttaa-kiinaa-laserin-kohdistamisesta-lebtokoneeseen\/","title":{"rendered":"Saksa syytt\u00e4\u00e4 Kiinaa laserin kohdistamisesta lentokoneeseen"},"content":{"rendered":"<p><strong>Saksa on t\u00e4n\u00e4\u00e4n protestoinut Kiinan sotilaallisista toimista Punaisellamerell\u00e4.<\/strong><\/p>\n<blockquote><p><strong>Kiinan armeija<\/strong> kohdisti (hein\u00e4kuun alussa Jemenin rannikolla) laserin saksalaiseen lentokoneeseen, joka osallistui <strong>EU<\/strong>:n <strong>Jemen<\/strong>in <strong><em>huthi<\/em><\/strong>-kapinoitsijoiden merenkululle aiheuttamaan uhkaan liittyv\u00e4\u00e4n <strong>Aspides<\/strong>-operaatioon <strong>Punaisellamerell\u00e4<\/strong>, Saksan ulkoministeri\u00f6 sanoi lausunnossaan t\u00e4n\u00e4\u00e4n. (linkki alempana.)<\/p><\/blockquote>\n<p>Huthit &#8211;<em>Ansar Allah<\/em>&#8211; ovat Jemenin hallitusta vastaan taistelevia islamisteja, joilla on hallussaan Jemenin t\u00e4rke\u00e4\u00e4n <strong>Bab-al-Mandab<\/strong>in salmeen rajoittuva l\u00e4ntinen osa. Huthit ovat lokakuusta 2023 alkaen h\u00e4irinneet <strong>Suez<\/strong>ille suuntautuvaa meriliikennett\u00e4.<\/p>\n<p>Huthien uhkauksiin on vastattu mm. kansainv\u00e4lisell\u00e4 operaatiolla, jossa EU-maiden ja <strong>Yhdysvaltain<\/strong> laivastot turvaavat kaupallista meriliikennett\u00e4<\/p>\n<p><a href=\"https:\/\/x.com\/AuswaertigesAmt\/status\/1942491893218029977\"><img loading=\"lazy\" decoding=\"async\" class=\"aligncenter wp-image-7230 size-full\" src=\"https:\/\/www.uutispeili.fi\/wp-content\/uploads\/2025\/07\/saksa-kiina-laser000x.png\" alt=\"\" width=\"451\" height=\"249\" srcset=\"https:\/\/www.uutispeili.fi\/wp-content\/uploads\/2025\/07\/saksa-kiina-laser000x.png 451w, https:\/\/www.uutispeili.fi\/wp-content\/uploads\/2025\/07\/saksa-kiina-laser000x-300x166.png 300w\" sizes=\"(max-width: 451px) 100vw, 451px\" \/><\/a><\/p>\n<blockquote><p>&#8221;Saksalaisen henkil\u00f6st\u00f6n uhkaaminen ja operaation est\u00e4minen on t\u00e4ysin mahdotonta hyv\u00e4ksy\u00e4&#8221;, totesi Saksan ulkoministeri\u00f6.<\/p><\/blockquote>\n<p>Saksan ulkoministeri\u00f6 on kutsunut Kiinan suurl\u00e4hettil\u00e4\u00e4n kuultavaksi tapauksen johdosta.<\/p>\n<p>Saksan mukaan saksalainen tiedustelukone sokaistiin kiinalaisesta sotalaivasta l\u00e4sin lentokoneen &#8217;visiiriin&#8217; (ohjaamon tuulilasiin) kohdistetulla lasers\u00e4teell\u00e4 lennon aikana.<\/p>\n<p>Kommunistinen Kiina on sotilaallisesti l\u00e4sn\u00e4 <strong>Ukrainassa<\/strong> -aktiivisessa sodassa- ja kiinalaisia sotilaita on ollut ainakin <strong>Syyriassa<\/strong> ja <strong>Venezuelassa<\/strong>. Kiinan laivaston toimintaa <strong>Filippiinien<\/strong> ymp\u00e4rill\u00e4 pidet\u00e4\u00e4n uhkaavana, ja Kiina ker\u00e4\u00e4 itselleen laivastotukikohtia ja satamaoikeuksia Tyynell\u00e4merell\u00e4 ja Intianvaltamerell\u00e4.\u00a0 <img loading=\"lazy\" decoding=\"async\" class=\"alignnone size-full wp-image-144\" src=\"https:\/\/www.uutispeili.fi\/wp-content\/uploads\/2023\/11\/di.gold_.gif\" alt=\"\" width=\"11\" height=\"11\" \/><\/p>\n<p>Luettavaa:<\/p>\n<ul>\n<li><a href=\"https:\/\/x.com\/AuswaertigesAmt\/status\/1942491893218029977\" target=\"_blank\" rel=\"noopener\"><strong>Ausw\u00e4rtiges Amt<\/strong><\/a> 08.07. 2025 (X-viesti),<\/li>\n<\/ul>\n","protected":false},"excerpt":{"rendered":"<p>Saksa on t\u00e4n\u00e4\u00e4n protestoinut Kiinan sotilaallisista toimista Punaisellamerell\u00e4. Kiinan armeija kohdisti (hein\u00e4kuun alussa Jemenin rannikolla) laserin saksalaiseen lentokoneeseen, joka osallistui EU:n Jemenin huthi-kapinoitsijoiden merenkululle aiheuttamaan uhkaan liittyv\u00e4\u00e4n Aspides-operaatioon Punaisellamerell\u00e4, Saksan ulkoministeri\u00f6 sanoi lausunnossaan t\u00e4n\u00e4\u00e4n. (linkki alempana.) Huthit &#8211;Ansar Allah&#8211; ovat Jemenin hallitusta vastaan taistelevia islamisteja, joilla on hallussaan Jemenin t\u00e4rke\u00e4\u00e4n Bab-al-Mandabin salmeen rajoittuva l\u00e4ntinen osa. [&hellip;]<\/p>\n","protected":false},"author":3,"featured_media":7235,"comment_status":"open","ping_status":"open","sticky":false,"template":"","format":"standard","meta":{"footnotes":""},"categories":[124,134,71],"tags":[],"_links":{"self":[{"href":"https:\/\/www.uutispeili.fi\/index.php\/wp-json\/wp\/v2\/posts\/7229"}],"collection":[{"href":"https:\/\/www.uutispeili.fi\/index.php\/wp-json\/wp\/v2\/posts"}],"about":[{"href":"https:\/\/www.uutispeili.fi\/index.php\/wp-json\/wp\/v2\/types\/post"}],"author":[{"embeddable":true,"href":"https:\/\/www.uutispeili.fi\/index.php\/wp-json\/wp\/v2\/users\/3"}],"replies":[{"embeddable":true,"href":"https:\/\/www.uutispeili.fi\/index.php\/wp-json\/wp\/v2\/comments?post=7229"}],"version-history":[{"count":2,"href":"https:\/\/www.uutispeili.fi\/index.php\/wp-json\/wp\/v2\/posts\/7229\/revisions"}],"predecessor-version":[{"id":7233,"href":"https:\/\/www.uutispeili.fi\/index.php\/wp-json\/wp\/v2\/posts\/7229\/revisions\/7233"}],"wp:featuredmedia":[{"embeddable":true,"href":"https:\/\/www.uutispeili.fi\/index.php\/wp-json\/wp\/v2\/media\/7235"}],"wp:attachment":[{"href":"https:\/\/www.uutispeili.fi\/index.php\/wp-json\/wp\/v2\/media?parent=7229"}],"wp:term":[{"taxonomy":"category","embeddable":true,"href":"https:\/\/www.uutispeili.fi\/index.php\/wp-json\/wp\/v2\/categories?post=7229"},{"taxonomy":"post_tag","embeddable":true,"href":"https:\/\/www.uutispeili.fi\/index.php\/wp-json\/wp\/v2\/tags?post=7229"}],"curies":[{"name":"wp","href":"https:\/\/api.w.org\/{rel}","templated":true}]}}