{"id":7155,"date":"2025-07-03T17:57:39","date_gmt":"2025-07-03T14:57:39","guid":{"rendered":"https:\/\/www.uutispeili.fi\/?p=7155"},"modified":"2025-08-16T11:42:59","modified_gmt":"2025-08-16T08:42:59","slug":"ovaalissa-on-parahtanyt-ennenkin-star-and-stripes-over-helsinki-06-february-1944","status":"publish","type":"post","link":"https:\/\/www.uutispeili.fi\/index.php\/2025\/07\/03\/ovaalissa-on-parahtanyt-ennenkin-star-and-stripes-over-helsinki-06-february-1944\/","title":{"rendered":"Helsingin pommittajat tulivat Alaskan kautta: &#8217;Star and stripes&#8217; over Helsinki 06. February 1944"},"content":{"rendered":"<p><strong>Keskiviikkona euroedustaja Pekka Toveri kysyi, milloin &#8221;<em>Trump alkaa antamaan Patrioteja Putinille?<\/em>&#8221;. Tappavan aseistuksen jakelusta Yhdysvalloista Ven\u00e4j\u00e4lle onkin ennakkotapauksia, jotka vanhemman polven helsinkil\u00e4iset, ja it\u00e4rajan kylien asukkaat Kuusamossa ja Lapissa tiesiv\u00e4t tuskallisen hyvin.<\/strong><\/p>\n<p>(Kuvakoosteen aineisto mm. Pekka Toveri. P\u00e4ivitetty 16.08..)<\/p>\n<p><a href=\"https:\/\/x.com\/PToveri\/status\/1940291674489725230\"><img loading=\"lazy\" decoding=\"async\" class=\"aligncenter wp-image-7157 size-full\" src=\"https:\/\/www.uutispeili.fi\/wp-content\/uploads\/2025\/07\/toveri-trump-patriot0000x.png\" alt=\"\" width=\"445\" height=\"518\" srcset=\"https:\/\/www.uutispeili.fi\/wp-content\/uploads\/2025\/07\/toveri-trump-patriot0000x.png 445w, https:\/\/www.uutispeili.fi\/wp-content\/uploads\/2025\/07\/toveri-trump-patriot0000x-258x300.png 258w\" sizes=\"(max-width: 445px) 100vw, 445px\" \/><\/a><\/p>\n<p>Euroedustaja <strong>Pekka Toveri<\/strong>n kirjoitukseen antoi aiheen <strong>Yhdysvaltain<\/strong> sotilaallisen tuen jumittuminen <strong>Ven\u00e4j\u00e4n<\/strong> kiihdytt\u00e4ess\u00e4 hy\u00f6kk\u00e4yksi\u00e4 <strong>Ukrainan<\/strong> asutuskeskuksiin.<\/p>\n<blockquote><p>&#8221;T\u00e4m\u00e4 kun jatkuu v\u00e4h\u00e4n aikaa, Trump alkaa antamaan Patriotteja Putinille&#8230;&#8221; kirjoittaa <a href=\"https:\/\/x.com\/PToveri\/status\/1940291674489725230\" target=\"_blank\" rel=\"noopener\">P.Toveri<\/a> 02.07.<\/p><\/blockquote>\n<p>Aiheen otsikkokuvaan antoi Ven\u00e4j\u00e4n suurin asutuskeskuspommitus Suomessa: Helmikuun 1944 kolme iskua Helsinkiin, 6.-7., 16.-17. ja 26.-27. helmikuuta. Tapaukset muistetaan &#8217;<em>Helsingin suurpommituksena<\/em>&#8217;.<\/p>\n<p>Ajoituksen ven\u00e4l\u00e4isten iskuun antoivat <strong>Suomen eduskunnan<\/strong> ns. <em>kuutoset<\/em>. Mist\u00e4 niit\u00e4 aina pukkaa? (NATO-\u00e4\u00e4nestykseenkin!.) N\u00e4m\u00e4 1944-kuutoset sabotoivat Suomen hallituksen ja presidentin viimeist\u00e4\u00e4n vuodesta 1943 jatkuneita rauhantunnusteluja Ven\u00e4j\u00e4n kanssa, -sek\u00e4 suoraan ett\u00e4 v\u00e4lillisesti- luomalla vaikutelmaa, ett\u00e4 suomalaisen kotirintaman yhten\u00e4isyys on murtumassa.<\/p>\n<blockquote><p><strong>Kremliss\u00e4<\/strong> kuviteltiin liikoja, ja p\u00e4\u00e4tettiin katsoa, mit\u00e4 terroripommituksilla saadaan aikaan. Sama erehdys Moskovassa tehtiin helmikuussa 2022, -ukrainalaisten puolustustahdon suhteen. -silloinkin v\u00e4\u00e4rien tiedustelutietojen tai &#8221;yst\u00e4vien&#8221; harhaanjohtamina.<\/p><\/blockquote>\n<p>Ven\u00e4l\u00e4isten keskeinen osa sotakalustoa tuli <strong>Yhdysvalloista<\/strong>. Kolmenkymmenenkahden suomalaisen rajakyl\u00e4n asukkaista yli sadalle kohtaaminen ven\u00e4l\u00e4isten partisaanien &#8217;<em>Lend and Lease<\/em>&#8217; -aseiden kanssa oli kuolettavaa: <strong>Thompson<\/strong>-konepistoolit, amerikkalaiset maastopuvut ja maihinnousukeng\u00e4t olivat partisaanien k\u00e4yt\u00f6ss\u00e4, -kuten amerikkalainen radiokalusto, jolla v\u00e4littyi murhak\u00e4skyj\u00e4 <strong>Murmansk<\/strong>ista Suomen saloille.<\/p>\n<p><img loading=\"lazy\" decoding=\"async\" class=\"aligncenter wp-image-7158 size-full\" src=\"https:\/\/www.uutispeili.fi\/wp-content\/uploads\/2025\/07\/b-25-transparent00000.png\" alt=\"\" width=\"1050\" height=\"348\" srcset=\"https:\/\/www.uutispeili.fi\/wp-content\/uploads\/2025\/07\/b-25-transparent00000.png 1050w, https:\/\/www.uutispeili.fi\/wp-content\/uploads\/2025\/07\/b-25-transparent00000-300x99.png 300w, https:\/\/www.uutispeili.fi\/wp-content\/uploads\/2025\/07\/b-25-transparent00000-1024x339.png 1024w, https:\/\/www.uutispeili.fi\/wp-content\/uploads\/2025\/07\/b-25-transparent00000-768x255.png 768w\" sizes=\"(max-width: 1050px) 100vw, 1050px\" \/><\/p>\n<p>V\u00e4hemm\u00e4n tunnettua on, mill\u00e4 kalustolla piti pommittaa Suomen p\u00e4\u00e4kaupunki soral\u00e4j\u00e4ksi. -Ett\u00e4 Neuvostoliiton strategisilla ilmavoimilla <strong>Pihkova<\/strong>ssa oli t\u00e4m\u00e4 tavoite, se selvisi viimeist\u00e4\u00e4n v\u00e4lirauhan alkaessa Suomen ja Neuvostoliiton v\u00e4lill\u00e4 syyskuussa 1944: Helsingin ilmatorjuntaa johtanut eversti <strong>Jokipaltio<\/strong> l\u00e4hetettiin vastaanottamaan <strong>Malmi<\/strong>lle &#8221;<em>liittoutuneiden valvontakomission<\/em>&#8221; er\u00e4st\u00e4 ven\u00e4l\u00e4isupseeria. Upseeri oli ilmavoimien miehi\u00e4, -ja ollut helmikuussa -44 Jokipaltion vastapuolella.<\/p>\n<p>Valvontakomissio oli majoitettu <strong>Hotelli Torniin<\/strong>, ja Jokipaltio vieraineen l\u00e4hestyiv\u00e4t kohdetta henkil\u00f6autolla, <strong>Mannerheimintiet\u00e4<\/strong>. Ven\u00e4l\u00e4inen kysyikin, heti manskulle tultaessa, &#8221;<em>miss\u00e4 ovat<\/em> <em>pommitusvauriot?<\/em>&#8221;, H\u00e4n oli kuikuillut auton ikkunasta, etsien katseellaan jotakin, mit\u00e4 ei ollut.<\/p>\n<p>Eversti kertoikin vieraalleen, kuinka Helsingin ilmatorjunta oli onnistunut: Pommikone-lauttojen eteen ammuttiin sulkuja, ja seurattiin kartalla niiden kulkua. Ne pommittajat, jotka -ensi\u00a0 tervehdyksen saatuaan- pudottivat pommit jo ennen kaupungin keskustaa, -ne koneet j\u00e4tettiin rauhaan, ja saivat lent\u00e4\u00e4 rauhassa yli kaupungin, ja takaisin kotiinsa.<\/p>\n<p>T\u00e4m\u00e4n kuultuaan ven\u00e4l\u00e4isupseeri paljasti sotasalaisuuden (-kuten oli tehnyt Jokipaltiokin): &#8221;<em>He lensiv\u00e4t<\/em> <em>ilman kontrollia.<\/em>&#8221; Pommikonelaivueiden mukana ei lent\u00e4nyt <strong>poliittisia komissaareja<\/strong>. -Lent\u00e4j\u00e4t ja miehist\u00f6t olivat nuoria, <em>komsomoleja<\/em>, poikia ja tytt\u00f6j\u00e4. Heid\u00e4t oli pikakoulutettu \u00e4skett\u00e4in saatuihin amerikkalaiskoneisiin, -ja l\u00e4hetetty Helsingin ylle, -tykinruuaksi.<\/p>\n<p>Helsingin keskustan arkkitehtooninen yhten\u00e4inen ilme siis s\u00e4\u00e4styi Stalin pojilta ja tyt\u00f6ilt\u00e4, mutta 60-70 -lukujen gryndereit\u00e4 vastaan ei ollut aseita. (surullista!)<\/p>\n<p>Helsingin tuhoamisen yrityksiin osallistui mm. <strong>Michell B-25<\/strong>:a (kuvassa), joista osa oli aivan v\u00e4h\u00e4\u00e4 aiemmin lennetty Ven\u00e4j\u00e4lle <strong>Alaska<\/strong>n kautta. Neuvostolent\u00e4jien ottaessa koneita vastaan <strong>Fairbanks<\/strong>issa Alaskassa, niiss\u00e4 olivat viel\u00e4 <strong>USAF<\/strong>:n &#8217;<em>Star and Stripes<\/em>&#8217; -tunnukset. Kertoman mukaan tunnusten valkoiset t\u00e4hdet oli h\u00e4t\u00e4isesti ylimaalattu <strong>punaisiksi<\/strong>, -&#8217;<em>stripes<\/em>&#8217; olivat yh\u00e4 siiviss\u00e4 entisill\u00e4 paikoillaan.<\/p>\n<p>Niinp\u00e4 on mahdollista, ett\u00e4 Helsingin yll\u00e4 -joko kuolettavan lastin kanssa tai ilman- oli lennellyt &#8221;<em>(Red)Star&amp;Stripes&#8221;<\/em>-hybridi-embleemeill\u00e4 merkittyj\u00e4 vihollisia.<\/p>\n<blockquote><p>Nyt lukija kysyy, mit\u00e4 k\u00e4vi niille pommikone-miehist\u00f6ille, jotka -fanaattisina puti- eikun <em>stalinisteina<\/em>&#8211; lensiv\u00e4t Helsingin ylle murhaavan lastinsa kanssa? Jokipaltio on senkin kertonut: Kaikki tykit suunnattiin heit\u00e4 kohti: Heid\u00e4t ammuttiin alas. Kukaan heist\u00e4 ei selvinnyt.<\/p><\/blockquote>\n<p>Hyv\u00e4 niin.<\/p>\n<p>Trumpin venkoilu Ven\u00e4j\u00e4n hy\u00f6kk\u00e4yssodan suhteen ei siis ole vailla historiallista ennakkotapausta.<\/p>\n<p>Pekka Kemppainen<\/p>\n<p><img loading=\"lazy\" decoding=\"async\" class=\"aligncenter wp-image-144 size-full\" src=\"https:\/\/www.uutispeili.fi\/wp-content\/uploads\/2023\/11\/di.gold_.gif\" alt=\"\" width=\"11\" height=\"11\" \/><\/p>\n<p>Luettavaa:<\/p>\n<ul>\n<li><a href=\"https:\/\/alaskapublic.org\/news\/2015-07-08\/historic-wwii-bomber-recovered-in-nome-offers-russian-twist-to-iconic-american-plane\" target=\"_blank\" rel=\"noopener\"><strong>Alaska Public<\/strong><\/a> 07.07. 2025: Nomesta l\u00f6ydetty historiallinen toisen maailmansodan pommikone tuo ven\u00e4l\u00e4isen vivahteen ikoniseen amerikkalaiskoneeseen,<\/li>\n<li><a href=\"https:\/\/lend-lease.net\/articles-en\/the-b-25-mitchell-in-the-ussr\/\" target=\"_blank\" rel=\"noopener\"><strong>Lend and Lease<\/strong><\/a> 08.06. 2019: B-25 Mitchell Neuvostoliitossa,<\/li>\n<li><a href=\"https:\/\/lend-lease.net\/articles-en\/b-25-mitchel-in-14-gvbad\/\" target=\"_blank\" rel=\"noopener\"><strong>Lend and Lease<\/strong><\/a>: 08.06. 2019: \u00a0B-25 Mitchel 14 GvBAD:ssa,<\/li>\n<li><a href=\"https:\/\/airpages.ru\/eng\/uk\/b25rus.shtml\" target=\"_blank\" rel=\"noopener\"><strong>Airpages.ru<\/strong><\/a>,<\/li>\n<li><a href=\"https:\/\/fi.wikipedia.org\/wiki\/Helsingin_suurpommitukset\" target=\"_blank\" rel=\"noopener\"><strong>Wikipedia<\/strong><\/a>: Helsingin suurpommitukset,<\/li>\n<li><a href=\"http:\/\/Helsingin pommitukset toisessa maailmansodassa\" target=\"_blank\" rel=\"noopener\" data-wplink-url-error=\"true\"><strong>Engl wikipedia<\/strong><\/a> Helsingin suurpommitukset,<\/li>\n<\/ul>\n<blockquote class=\"wp-embedded-content\" data-secret=\"DTXTmcR6F6\"><p><a href=\"https:\/\/www.uutispeili.fi\/index.php\/2025\/06\/06\/suomi-ei-hyokannyt-neuvostoliittoa-venajaa-vastaan-kesalla-1941\/\">Suomi ei hy\u00f6k\u00e4nnyt Neuvostoliittoa (Ven\u00e4j\u00e4\u00e4) vastaan kes\u00e4ll\u00e4 1941<\/a><\/p><\/blockquote>\n<p><iframe class=\"wp-embedded-content\" sandbox=\"allow-scripts\" security=\"restricted\" style=\"position: absolute; clip: rect(1px, 1px, 1px, 1px);\" title=\"&#8221;Suomi ei hy\u00f6k\u00e4nnyt Neuvostoliittoa (Ven\u00e4j\u00e4\u00e4) vastaan kes\u00e4ll\u00e4 1941&#8221; &#8212; \" src=\"https:\/\/www.uutispeili.fi\/index.php\/2025\/06\/06\/suomi-ei-hyokannyt-neuvostoliittoa-venajaa-vastaan-kesalla-1941\/embed\/#?secret=jgrBdQe2Ui#?secret=DTXTmcR6F6\" data-secret=\"DTXTmcR6F6\" width=\"600\" height=\"338\" frameborder=\"0\" marginwidth=\"0\" marginheight=\"0\" scrolling=\"no\"><\/iframe><\/p>\n<blockquote class=\"wp-embedded-content\" data-secret=\"NlQ3VdrfKj\"><p><a href=\"https:\/\/www.uutispeili.fi\/index.php\/2025\/05\/10\/miten-suursota-alkoi-viimeksi-ja-miten-seuraava\/\">Miten suursota alkoi viimeksi? -Ja miten seuraava?<\/a><\/p><\/blockquote>\n<p><iframe class=\"wp-embedded-content\" sandbox=\"allow-scripts\" security=\"restricted\" style=\"position: absolute; clip: rect(1px, 1px, 1px, 1px);\" title=\"&#8221;Miten suursota alkoi viimeksi? -Ja miten seuraava?&#8221; &#8212; \" src=\"https:\/\/www.uutispeili.fi\/index.php\/2025\/05\/10\/miten-suursota-alkoi-viimeksi-ja-miten-seuraava\/embed\/#?secret=nVZlZPt2BC#?secret=NlQ3VdrfKj\" data-secret=\"NlQ3VdrfKj\" width=\"600\" height=\"338\" frameborder=\"0\" marginwidth=\"0\" marginheight=\"0\" scrolling=\"no\"><\/iframe><\/p>\n<blockquote class=\"wp-embedded-content\" data-secret=\"1zYSulkgX2\"><p><a href=\"https:\/\/www.uutispeili.fi\/index.php\/2025\/05\/09\/venajan-post-kommunistiset-ystavat-lannessa-eivat-ole-konservatiiveja\/\">Ven\u00e4j\u00e4n post-kommunistiset yst\u00e4v\u00e4t l\u00e4nness\u00e4 eiv\u00e4t ole konservatiiveja<\/a><\/p><\/blockquote>\n<p><iframe class=\"wp-embedded-content\" sandbox=\"allow-scripts\" security=\"restricted\" style=\"position: absolute; clip: rect(1px, 1px, 1px, 1px);\" title=\"&#8221;Ven\u00e4j\u00e4n post-kommunistiset yst\u00e4v\u00e4t l\u00e4nness\u00e4 eiv\u00e4t ole konservatiiveja&#8221; &#8212; \" src=\"https:\/\/www.uutispeili.fi\/index.php\/2025\/05\/09\/venajan-post-kommunistiset-ystavat-lannessa-eivat-ole-konservatiiveja\/embed\/#?secret=HCN1yzLQI8#?secret=1zYSulkgX2\" data-secret=\"1zYSulkgX2\" width=\"600\" height=\"338\" frameborder=\"0\" marginwidth=\"0\" marginheight=\"0\" scrolling=\"no\"><\/iframe><\/p>\n<blockquote class=\"wp-embedded-content\" data-secret=\"t1iwIPH5F2\"><p><a href=\"https:\/\/www.uutispeili.fi\/index.php\/2025\/05\/07\/timo-vihavainen-venaja-joka-menetettiin\/\">Timo Vihavainen arvostelee: Ven\u00e4j\u00e4, joka menetettiin<\/a><\/p><\/blockquote>\n<p><iframe class=\"wp-embedded-content\" sandbox=\"allow-scripts\" security=\"restricted\" style=\"position: absolute; clip: rect(1px, 1px, 1px, 1px);\" title=\"&#8221;Timo Vihavainen arvostelee: Ven\u00e4j\u00e4, joka menetettiin&#8221; &#8212; \" src=\"https:\/\/www.uutispeili.fi\/index.php\/2025\/05\/07\/timo-vihavainen-venaja-joka-menetettiin\/embed\/#?secret=ooTtURKtnH#?secret=t1iwIPH5F2\" data-secret=\"t1iwIPH5F2\" width=\"600\" height=\"338\" frameborder=\"0\" marginwidth=\"0\" marginheight=\"0\" scrolling=\"no\"><\/iframe><\/p>\n<blockquote class=\"wp-embedded-content\" data-secret=\"5e7mQPiNtN\"><p><a href=\"https:\/\/www.uutispeili.fi\/index.php\/2025\/04\/27\/venaja-ei-sieda-historiaansa-vaarat-muistot-tuhotaan\/\">Ven\u00e4j\u00e4 ei sied\u00e4 historiaansa: &#8221;V\u00e4\u00e4r\u00e4t&#8221; muistot tuhotaan<\/a><\/p><\/blockquote>\n<p><iframe class=\"wp-embedded-content\" sandbox=\"allow-scripts\" security=\"restricted\" style=\"position: absolute; clip: rect(1px, 1px, 1px, 1px);\" title=\"&#8221;Ven\u00e4j\u00e4 ei sied\u00e4 historiaansa: &#8221;V\u00e4\u00e4r\u00e4t&#8221; muistot tuhotaan&#8221; &#8212; \" src=\"https:\/\/www.uutispeili.fi\/index.php\/2025\/04\/27\/venaja-ei-sieda-historiaansa-vaarat-muistot-tuhotaan\/embed\/#?secret=XhGEPE81Hf#?secret=5e7mQPiNtN\" data-secret=\"5e7mQPiNtN\" width=\"600\" height=\"338\" frameborder=\"0\" marginwidth=\"0\" marginheight=\"0\" scrolling=\"no\"><\/iframe><\/p>\n<blockquote class=\"wp-embedded-content\" data-secret=\"mfJ0s7MOhX\"><p><a href=\"https:\/\/www.uutispeili.fi\/index.php\/2025\/04\/25\/cia-virkailijan-poika-kuoli-ukrainassa-venajan-armeijan-riveissa\/\">CIA-virkailijan poika kuoli Ukrainassa, -Ven\u00e4j\u00e4n armeijan riveiss\u00e4 (VIDEO)<\/a><\/p><\/blockquote>\n<p><iframe class=\"wp-embedded-content\" sandbox=\"allow-scripts\" security=\"restricted\" style=\"position: absolute; clip: rect(1px, 1px, 1px, 1px);\" title=\"&#8221;CIA-virkailijan poika kuoli Ukrainassa, -Ven\u00e4j\u00e4n armeijan riveiss\u00e4 (VIDEO)&#8221; &#8212; \" src=\"https:\/\/www.uutispeili.fi\/index.php\/2025\/04\/25\/cia-virkailijan-poika-kuoli-ukrainassa-venajan-armeijan-riveissa\/embed\/#?secret=j9foltrOVO#?secret=mfJ0s7MOhX\" data-secret=\"mfJ0s7MOhX\" width=\"600\" height=\"338\" frameborder=\"0\" marginwidth=\"0\" marginheight=\"0\" scrolling=\"no\"><\/iframe><\/p>\n<blockquote class=\"wp-embedded-content\" data-secret=\"3H0XQ3kBtP\"><p><a href=\"https:\/\/www.uutispeili.fi\/index.php\/2025\/02\/14\/jussi-halla-aho-nato-on-ainoa-turvallisuustakeiden-tarjoaja-jonka-venaja-ottaa-vakavasti\/\">Jussi Halla-aho: &#8221;NATO on ainoa turvallisuustakeiden tarjoaja, jonka Ven\u00e4j\u00e4 ottaa vakavasti&#8221;<\/a><\/p><\/blockquote>\n<p><iframe class=\"wp-embedded-content\" sandbox=\"allow-scripts\" security=\"restricted\" style=\"position: absolute; clip: rect(1px, 1px, 1px, 1px);\" title=\"&#8221;Jussi Halla-aho: &#8221;NATO on ainoa turvallisuustakeiden tarjoaja, jonka Ven\u00e4j\u00e4 ottaa vakavasti&#8221;&#8221; &#8212; \" src=\"https:\/\/www.uutispeili.fi\/index.php\/2025\/02\/14\/jussi-halla-aho-nato-on-ainoa-turvallisuustakeiden-tarjoaja-jonka-venaja-ottaa-vakavasti\/embed\/#?secret=Y4emE4Tmhq#?secret=3H0XQ3kBtP\" data-secret=\"3H0XQ3kBtP\" width=\"600\" height=\"338\" frameborder=\"0\" marginwidth=\"0\" marginheight=\"0\" scrolling=\"no\"><\/iframe><\/p>\n","protected":false},"excerpt":{"rendered":"<p>Keskiviikkona euroedustaja Pekka Toveri kysyi, milloin &#8221;Trump alkaa antamaan Patrioteja Putinille?&#8221;. Tappavan aseistuksen jakelusta Yhdysvalloista Ven\u00e4j\u00e4lle onkin ennakkotapauksia, jotka vanhemman polven helsinkil\u00e4iset, ja it\u00e4rajan kylien asukkaat Kuusamossa ja Lapissa tiesiv\u00e4t tuskallisen hyvin. (Kuvakoosteen aineisto mm. Pekka Toveri. P\u00e4ivitetty 16.08..) Euroedustaja Pekka Toverin kirjoitukseen antoi aiheen Yhdysvaltain sotilaallisen tuen jumittuminen Ven\u00e4j\u00e4n kiihdytt\u00e4ess\u00e4 hy\u00f6kk\u00e4yksi\u00e4 Ukrainan asutuskeskuksiin. &#8221;T\u00e4m\u00e4 [&hellip;]<\/p>\n","protected":false},"author":3,"featured_media":7156,"comment_status":"open","ping_status":"open","sticky":false,"template":"","format":"standard","meta":{"footnotes":""},"categories":[21],"tags":[],"_links":{"self":[{"href":"https:\/\/www.uutispeili.fi\/index.php\/wp-json\/wp\/v2\/posts\/7155"}],"collection":[{"href":"https:\/\/www.uutispeili.fi\/index.php\/wp-json\/wp\/v2\/posts"}],"about":[{"href":"https:\/\/www.uutispeili.fi\/index.php\/wp-json\/wp\/v2\/types\/post"}],"author":[{"embeddable":true,"href":"https:\/\/www.uutispeili.fi\/index.php\/wp-json\/wp\/v2\/users\/3"}],"replies":[{"embeddable":true,"href":"https:\/\/www.uutispeili.fi\/index.php\/wp-json\/wp\/v2\/comments?post=7155"}],"version-history":[{"count":4,"href":"https:\/\/www.uutispeili.fi\/index.php\/wp-json\/wp\/v2\/posts\/7155\/revisions"}],"predecessor-version":[{"id":7756,"href":"https:\/\/www.uutispeili.fi\/index.php\/wp-json\/wp\/v2\/posts\/7155\/revisions\/7756"}],"wp:featuredmedia":[{"embeddable":true,"href":"https:\/\/www.uutispeili.fi\/index.php\/wp-json\/wp\/v2\/media\/7156"}],"wp:attachment":[{"href":"https:\/\/www.uutispeili.fi\/index.php\/wp-json\/wp\/v2\/media?parent=7155"}],"wp:term":[{"taxonomy":"category","embeddable":true,"href":"https:\/\/www.uutispeili.fi\/index.php\/wp-json\/wp\/v2\/categories?post=7155"},{"taxonomy":"post_tag","embeddable":true,"href":"https:\/\/www.uutispeili.fi\/index.php\/wp-json\/wp\/v2\/tags?post=7155"}],"curies":[{"name":"wp","href":"https:\/\/api.w.org\/{rel}","templated":true}]}}