{"id":7153,"date":"2025-07-03T09:35:27","date_gmt":"2025-07-03T06:35:27","guid":{"rendered":"https:\/\/www.uutispeili.fi\/?p=7153"},"modified":"2025-07-03T09:35:27","modified_gmt":"2025-07-03T06:35:27","slug":"kansanedustaja-jari-ronkainen-tyrmaa-sdpn-razmyarin-avauksen-leikkaisivat-omavaraisuudesta-ja-puolustuksesta","status":"publish","type":"post","link":"https:\/\/www.uutispeili.fi\/index.php\/2025\/07\/03\/kansanedustaja-jari-ronkainen-tyrmaa-sdpn-razmyarin-avauksen-leikkaisivat-omavaraisuudesta-ja-puolustuksesta\/","title":{"rendered":"Kansanedustaja Jari Ronkainen tyrm\u00e4\u00e4 SDP:n Razmyarin avauksen \u2013 &#8221;Leikkaisivat omavaraisuudesta ja puolustuksesta!&#8221;"},"content":{"rendered":"<p><strong>Perussuomalaisten kansanedustaja ja puolustusvaliokunnan pitk\u00e4aikainen\u00a0 Jari Ronkainen pit\u00e4\u00e4 SDP:n varapuheenjohtajan esitt\u00e4mi\u00e4 leikkauksia eritt\u00e4in huolestuttavina.<\/strong><\/p>\n<p>(Arkistokuva. kuval\u00e4hde; eduskunta.)<\/p>\n<p><strong>SDP<\/strong>:n varapuheenjohtaja <strong>Nasima Razmyar<\/strong> on kertonut <em>IS<\/em>:lle puolueensa olevan valmis leikkaamaan valtion menoja muun muassa yritystuista, maataloustuista ja Kela-korvauksista. Razmyarin mukaan maataloustukia &#8221;<em>tarkistettaisiin<\/em>&#8221; etenkin ymp\u00e4rist\u00f6n\u00e4k\u00f6kulmasta.<\/p>\n<blockquote><p>\u2013T\u00e4llaisessa maailmantilanteessa, jossa ruokaturva ja omavaraisuus ovat nousseet aivan uudelle tasolle, on t\u00e4ysin k\u00e4sitt\u00e4m\u00e4t\u00f6nt\u00e4 edes ehdottaa leikkauksia maatalouteen. Nyt jos koskaan kotimaista tuotantoa pit\u00e4isi vahvistaa \u2013 ei ajaa sit\u00e4 entist\u00e4 ahtaammalle, painottaa <strong>Jari Ronkainen<\/strong>.<\/p><\/blockquote>\n<h2>Turvallisuus ja huoltovarmuus eiv\u00e4t ole sivuseikkoja \u2013 kyse on valtion ydinteht\u00e4vist\u00e4<\/h2>\n<p>Ulostulossaan Razmyar kyseenalaisti my\u00f6s puolustusmenojen tason, puhuen &#8221;<em>avoimesta piikist\u00e4<\/em>&#8221; puolustukselle.<\/p>\n<p>Avaus asettaa kyseenalaiseksi SDP:n sitoutumisen kansalliseen turvallisuuteen aikana, jolloin Euroopan turvallisuustilanne on vakavampi kuin vuosikymmeniin.<\/p>\n<p>\u2013Demarit toitottivat vaalien alla, ett\u00e4 kaiken voi tehd\u00e4 &#8217;<em>reilummin<\/em>&#8217;. Jos t\u00e4m\u00e4 on sit\u00e4 reiluutta \u2013 leikataan omavaraisuudesta ja kyseenalaistetaan maanpuolustus \u2013 niin kyll\u00e4 siin\u00e4 v\u00e4kisinkin her\u00e4\u00e4 kysymys, ett\u00e4 kuuluvatkohan Suomen turvallisuus ja huoltovarmuus lainkaan SDP:n prioriteettilistalle?<\/p>\n<blockquote><p>\u2013T\u00e4ss\u00e4 ei todellakaan ole kyse mist\u00e4\u00e4n &#8217;piikist\u00e4&#8217;. T\u00e4ss\u00e4 on kyse Suomen puolustuskyvyst\u00e4, rajojen turvaamisesta ja siit\u00e4, ett\u00e4 kansalaisilla on turvallinen maa, jossa el\u00e4\u00e4. Puheet avoimesta piikist\u00e4 kertovat siit\u00e4, ettei turvallisuutta oteta vakavasti \u2013 ja se on todella huolestuttavaa, toteaa Ronkainen.<\/p><\/blockquote>\n<h2>Puolustusta ei rakenneta poukkoilulla<\/h2>\n<p>\u2013Suomen puolustusta ei rakenneta vaalipuheilla tai poliittisilla puheenvuoroilla, vaan vakaalla ja pitk\u00e4j\u00e4nteisell\u00e4 sitoutumisella. T\u00e4ss\u00e4 asiassa ei ole varaa keikkua mielipiteest\u00e4 toiseen \u2013 eik\u00e4 my\u00f6sk\u00e4\u00e4n pelata poliittista peli\u00e4 maan turvallisuudella, Ronkainen korostaa. <img loading=\"lazy\" decoding=\"async\" class=\"alignnone size-full wp-image-144\" src=\"https:\/\/www.uutispeili.fi\/wp-content\/uploads\/2023\/11\/di.gold_.gif\" alt=\"\" width=\"11\" height=\"11\" \/><\/p>\n<p>(Uutispeili ei ole muokannut artikkelin sis\u00e4lt\u00f6\u00e4.)<\/p>\n","protected":false},"excerpt":{"rendered":"<p>Perussuomalaisten kansanedustaja ja puolustusvaliokunnan pitk\u00e4aikainen\u00a0 Jari Ronkainen pit\u00e4\u00e4 SDP:n varapuheenjohtajan esitt\u00e4mi\u00e4 leikkauksia eritt\u00e4in huolestuttavina. (Arkistokuva. kuval\u00e4hde; eduskunta.) SDP:n varapuheenjohtaja Nasima Razmyar on kertonut IS:lle puolueensa olevan valmis leikkaamaan valtion menoja muun muassa yritystuista, maataloustuista ja Kela-korvauksista. Razmyarin mukaan maataloustukia &#8221;tarkistettaisiin&#8221; etenkin ymp\u00e4rist\u00f6n\u00e4k\u00f6kulmasta. \u2013T\u00e4llaisessa maailmantilanteessa, jossa ruokaturva ja omavaraisuus ovat nousseet aivan uudelle tasolle, on t\u00e4ysin [&hellip;]<\/p>\n","protected":false},"author":3,"featured_media":4321,"comment_status":"open","ping_status":"open","sticky":false,"template":"","format":"standard","meta":{"footnotes":""},"categories":[49,58,68],"tags":[],"_links":{"self":[{"href":"https:\/\/www.uutispeili.fi\/index.php\/wp-json\/wp\/v2\/posts\/7153"}],"collection":[{"href":"https:\/\/www.uutispeili.fi\/index.php\/wp-json\/wp\/v2\/posts"}],"about":[{"href":"https:\/\/www.uutispeili.fi\/index.php\/wp-json\/wp\/v2\/types\/post"}],"author":[{"embeddable":true,"href":"https:\/\/www.uutispeili.fi\/index.php\/wp-json\/wp\/v2\/users\/3"}],"replies":[{"embeddable":true,"href":"https:\/\/www.uutispeili.fi\/index.php\/wp-json\/wp\/v2\/comments?post=7153"}],"version-history":[{"count":1,"href":"https:\/\/www.uutispeili.fi\/index.php\/wp-json\/wp\/v2\/posts\/7153\/revisions"}],"predecessor-version":[{"id":7154,"href":"https:\/\/www.uutispeili.fi\/index.php\/wp-json\/wp\/v2\/posts\/7153\/revisions\/7154"}],"wp:featuredmedia":[{"embeddable":true,"href":"https:\/\/www.uutispeili.fi\/index.php\/wp-json\/wp\/v2\/media\/4321"}],"wp:attachment":[{"href":"https:\/\/www.uutispeili.fi\/index.php\/wp-json\/wp\/v2\/media?parent=7153"}],"wp:term":[{"taxonomy":"category","embeddable":true,"href":"https:\/\/www.uutispeili.fi\/index.php\/wp-json\/wp\/v2\/categories?post=7153"},{"taxonomy":"post_tag","embeddable":true,"href":"https:\/\/www.uutispeili.fi\/index.php\/wp-json\/wp\/v2\/tags?post=7153"}],"curies":[{"name":"wp","href":"https:\/\/api.w.org\/{rel}","templated":true}]}}