{"id":7131,"date":"2025-06-30T16:43:50","date_gmt":"2025-06-30T16:43:50","guid":{"rendered":"https:\/\/www.uutispeili.fi\/?p=7131"},"modified":"2025-06-30T16:43:51","modified_gmt":"2025-06-30T16:43:51","slug":"syyria-ei-tee-rauhansopimusta-israelin-kanssa-ellei-golania-palauteta-eika-israel-palauta-vaiko-eiko","status":"publish","type":"post","link":"https:\/\/www.uutispeili.fi\/index.php\/2025\/06\/30\/syyria-ei-tee-rauhansopimusta-israelin-kanssa-ellei-golania-palauteta-eika-israel-palauta-vaiko-eiko\/","title":{"rendered":"Syyria ei tee rauhansopimusta Israelin kanssa ellei Golania palauteta, eik\u00e4 Israel palauta -vaiko eik\u00f6"},"content":{"rendered":"<p><strong>Israel ja Syyria ovat halukkaita lopettamaan maiden v\u00e4lill\u00e4 virallisesti vallitsevan sotatilan. -Esteen\u00e4 sopimukselle on Israelin miehitt\u00e4m\u00e4 Golanin alue.<\/strong><\/p>\n<p><strong>Syyria<\/strong>n v\u00e4liaikainen presidentti <strong>Ahmad al-Sharaa<\/strong> (al-Jolani) ilmoitti t\u00e4n\u00e4\u00e4n maanantaina, ettei Syyria suostu rauhansopimukseen <strong>Israel<\/strong>in kanssa ilman Israelin t\u00e4ydellist\u00e4 vet\u00e4ytymist\u00e4 miehitetyilt\u00e4 <strong>Golan<\/strong>in kukkuloilta. Israel on pit\u00e4nyt kiista-aluetta hallussaan v.1967 sodasta alkaen.<\/p>\n<p>Israelin ulkoministeri <strong>Gideon Sa&#8217;ar<\/strong> toisti t\u00e4n\u00e4\u00e4n, ett\u00e4 mahdollisessa rauhansopimuksessa Syyrian kanssa &#8221;<em>Golanin kukkulat pysyv\u00e4t osana Israelin valtiota<\/em>&#8221;. Laki, joka liitt\u00e4\u00e4 Golanin Israelin alueeseen, on s\u00e4\u00e4detty 1981. -Alueen liitt\u00e4mist\u00e4 Israeliin ei ole koskaan kansainv\u00e4lisesti tunnustettu.<\/p>\n<p>&#8221;<em>Israel on kiinnostunut laajentamaan <strong>Abrahamin sopimusten<\/strong> rauhan ja normalisoinnin keh\u00e4\u00e4<\/em>&#8221;, ulkoministeri Saar sanoi, -viitaten <strong>Yhdysvaltojen<\/strong> v\u00e4litt\u00e4miin sopimuksiin syksyll\u00e4 2020 -Trumpin edellisell\u00e4 kaudella- kun Israel allekirjoitti rauhansopimukset <strong>Yhdistyneiden arabiemiirikuntien<\/strong> (UAE), <strong>Bahrainin<\/strong> ja <strong>Marokon<\/strong> kanssa.<\/p>\n<p>Israelin virkamiehet kertoivat <strong>Yedioth Ahronoth<\/strong> -lehdelle, ett\u00e4 al-Sharaa vaatii neuvottelujen ehdottomana ennakkoehtona Israelin nopeaa vet\u00e4ytymist\u00e4 asemistaan Syyrian alueella. Syyrian pitk\u00e4aikaisen diktaattorin, Bashar al-Assadin, kaatumisen j\u00e4lkeisess\u00e4 tilanteessa Israelin puolustusvoimat (IDF) otti kontrolliinsa er\u00e4it\u00e4 Golaniin rajoittuvia alueita etel\u00e4isest\u00e4 Syyriasta. Asukkaat -druusi-v\u00e4hemmist\u00f6- turvautuivat IDF:\u00e4\u00e4n syyrialaisten <em>islamistien<\/em> -mm. <strong>HTS<\/strong>:n- uhatessa.<\/p>\n<p>Israelin neuvottelija, kansallisen turvallisuuden neuvonantaja <strong>Tzachi Hanegbi<\/strong>, vahvisti viime viikolla, ett\u00e4 Israel ja Syyrian hallinto ovat p\u00e4ivitt\u00e4in suorassa yhteydess\u00e4 ja keskustelevat maiden v\u00e4lien normalisoimisesta.<\/p>\n<p>Israelilaisten l\u00e4hteiden mukaan Damaskosen vaatimuksiin sis\u00e4ltyy mm. Israelin ilmaiskujen v\u00e4lit\u00f6n lopettaminen Syyrian alueella, ja paluu <em><strong>Jom Kippur<\/strong>-sodan<\/em> vuonna 1974 p\u00e4\u00e4tt\u00e4neen sopimuksen ehtoihin.<\/p>\n<blockquote><p>&#8221;L\u00e4hi-it\u00e4 on valmis uuteen vuoropuheluun, ihmiset ovat kyll\u00e4styneet samaan vanhaan tarinaan.&#8221;<\/p><\/blockquote>\n<p>&#8221;<em>Se, mit\u00e4 juuri tapahtui Israelin ja Iranin v\u00e4lill\u00e4, on meille kaikille tilaisuus sanoa: &#8217;Aikalis\u00e4. Luodaan uusi tie&#8217;<\/em>&#8221;, sanoi <strong>Tom Barrack<\/strong>, Yhdysvaltain suurl\u00e4hettil\u00e4s <strong>Turkissa<\/strong>, -my\u00f6s erityisl\u00e4hettil\u00e4s Syyriassa. &#8221;<em>L\u00e4hi-it\u00e4 on valmis uuteen vuoropuheluun, ihmiset ovat kyll\u00e4styneet samaan vanhaan tarinaan<\/em>&#8221;, jatkoi diplomaatti <span style=\"font-size: revert; color: initial;\">Turkin valtion uutistoimisto <em>Anadolulle<\/em>.<\/span><\/p>\n<h2>Yhdysvallat on t\u00e4ll\u00e4kin kertaa mukana taustalla<\/h2>\n<p>Lehden saamassa raportissa paljastettiin my\u00f6s, ett\u00e4 Yhdysvallat on t\u00e4ysin tietoinen Israelin ja Syyrian neuvotteluista, ja &#8217;osallistuu niihin julkistamattomien diplomaattisten kanavien kautta&#8217;.<\/p>\n<p>Israelilainen sanomalehti kertoi my\u00f6s, ett\u00e4 Israelin strategisten asioiden ministeri <strong>Ron Dermer<\/strong>in on m\u00e4\u00e4r\u00e4 vierailla <strong>Washington<\/strong>issa keskustellakseen Syyrian tilanteesta ja <em>Abrahamin sopimusten<\/em> laajentamisen n\u00e4kymist\u00e4. <em>&#8211;<\/em>T\u00e4ll\u00e4 nimityksell\u00e4 tunnetut Israelin ja arabimaiden rauhansopimukset olivat syksyll\u00e4 2020 Trumpin p\u00e4\u00e4ttym\u00e4ss\u00e4 olevan ensimm\u00e4isen presidenttikauden viimeseksi j\u00e4\u00e4nyt ulkopoliittinen menestys.<\/p>\n<p>P:S.<\/p>\n<p>Al-Shara&#8217;ata on jo ehditty arvostella &#8221;<em>antautumisesta Israelille<\/em>&#8221; -Golaniin viitaten- joten on mahdollista, ett\u00e4 sopu sittenkin l\u00f6ytyy. <img loading=\"lazy\" decoding=\"async\" class=\"alignnone size-full wp-image-144\" src=\"https:\/\/www.uutispeili.fi\/wp-content\/uploads\/2023\/11\/di.gold_.gif\" alt=\"\" width=\"11\" height=\"11\" \/><\/p>\n<p>Lue lis\u00e4\u00e4:<\/p>\n<p>Luettavaa:<\/p>\n<ul>\n<li><a href=\"https:\/\/npasyria.com\/en\/126873\/\" target=\"_blank\" rel=\"noopener\"><strong>North Press Agency<\/strong><\/a> 30.06. 2025,<\/li>\n<li><a href=\"https:\/\/english.alarabiya.net\/News\/middle-east\/2025\/06\/30\/israel-interested-in-establishing-diplomatic-ties-with-syria-and-lebanon-foreign-minister\" target=\"_blank\" rel=\"noopener\"><strong>al-Arabiya<\/strong><\/a> 30.06. 2025,<\/li>\n<li><a href=\"https:\/\/www.timesofisrael.com\/israel-in-advanced-talks-for-deal-to-end-hostilities-with-syria-says-senior-official\/\" target=\"_blank\" rel=\"noopener\"><strong>The Times of Israel<\/strong><\/a> 30.06. 2025,<\/li>\n<li><a href=\"https:\/\/www.arabnews.com\/node\/2606360\/middle-east\" target=\"_blank\" rel=\"noopener\"><strong>Arab News<\/strong><\/a> 30.06. 2025,<\/li>\n<\/ul>\n","protected":false},"excerpt":{"rendered":"<p>Israel ja Syyria ovat halukkaita lopettamaan maiden v\u00e4lill\u00e4 virallisesti vallitsevan sotatilan. -Esteen\u00e4 sopimukselle on Israelin miehitt\u00e4m\u00e4 Golanin alue. Syyrian v\u00e4liaikainen presidentti Ahmad al-Sharaa (al-Jolani) ilmoitti t\u00e4n\u00e4\u00e4n maanantaina, ettei Syyria suostu rauhansopimukseen Israelin kanssa ilman Israelin t\u00e4ydellist\u00e4 vet\u00e4ytymist\u00e4 miehitetyilt\u00e4 Golanin kukkuloilta. Israel on pit\u00e4nyt kiista-aluetta hallussaan v.1967 sodasta alkaen. Israelin ulkoministeri Gideon Sa&#8217;ar toisti t\u00e4n\u00e4\u00e4n, ett\u00e4 [&hellip;]<\/p>\n","protected":false},"author":3,"featured_media":7132,"comment_status":"open","ping_status":"open","sticky":false,"template":"","format":"standard","meta":{"footnotes":""},"categories":[31,151,71,122,116,127],"tags":[],"_links":{"self":[{"href":"https:\/\/www.uutispeili.fi\/index.php\/wp-json\/wp\/v2\/posts\/7131"}],"collection":[{"href":"https:\/\/www.uutispeili.fi\/index.php\/wp-json\/wp\/v2\/posts"}],"about":[{"href":"https:\/\/www.uutispeili.fi\/index.php\/wp-json\/wp\/v2\/types\/post"}],"author":[{"embeddable":true,"href":"https:\/\/www.uutispeili.fi\/index.php\/wp-json\/wp\/v2\/users\/3"}],"replies":[{"embeddable":true,"href":"https:\/\/www.uutispeili.fi\/index.php\/wp-json\/wp\/v2\/comments?post=7131"}],"version-history":[{"count":1,"href":"https:\/\/www.uutispeili.fi\/index.php\/wp-json\/wp\/v2\/posts\/7131\/revisions"}],"predecessor-version":[{"id":7133,"href":"https:\/\/www.uutispeili.fi\/index.php\/wp-json\/wp\/v2\/posts\/7131\/revisions\/7133"}],"wp:featuredmedia":[{"embeddable":true,"href":"https:\/\/www.uutispeili.fi\/index.php\/wp-json\/wp\/v2\/media\/7132"}],"wp:attachment":[{"href":"https:\/\/www.uutispeili.fi\/index.php\/wp-json\/wp\/v2\/media?parent=7131"}],"wp:term":[{"taxonomy":"category","embeddable":true,"href":"https:\/\/www.uutispeili.fi\/index.php\/wp-json\/wp\/v2\/categories?post=7131"},{"taxonomy":"post_tag","embeddable":true,"href":"https:\/\/www.uutispeili.fi\/index.php\/wp-json\/wp\/v2\/tags?post=7131"}],"curies":[{"name":"wp","href":"https:\/\/api.w.org\/{rel}","templated":true}]}}