{"id":7078,"date":"2025-06-25T09:06:30","date_gmt":"2025-06-25T09:06:30","guid":{"rendered":"https:\/\/www.uutispeili.fi\/?p=7078"},"modified":"2025-06-25T09:06:31","modified_gmt":"2025-06-25T09:06:31","slug":"paaministeri-orpo-kertoi-valiokunnille-lahi-itaa-ja-ukrainaa-kasittelevan-huippukokouksen-odotuksista","status":"publish","type":"post","link":"https:\/\/www.uutispeili.fi\/index.php\/2025\/06\/25\/paaministeri-orpo-kertoi-valiokunnille-lahi-itaa-ja-ukrainaa-kasittelevan-huippukokouksen-odotuksista\/","title":{"rendered":"P\u00e4\u00e4ministeri Orpo kertoi valiokunnille L\u00e4hi-it\u00e4\u00e4 ja Ukrainaa k\u00e4sittelev\u00e4n huippukokouksen odotuksista"},"content":{"rendered":"<p><strong>Eduskunnan suuri valiokunta ja ulkoasiainvaliokunta saivat t\u00e4n\u00e4\u00e4n p\u00e4\u00e4ministeri Petteri Orpon ennakkokatsauksen Eurooppa-neuvoston kokoukseen, joka pidet\u00e4\u00e4n Brysseliss\u00e4 26.6.<\/strong><\/p>\n<p>(Arkistokuva, kuval\u00e4hde: Eduskunta.)<\/p>\n<p>P\u00e4\u00e4ministeri <strong>Petteri Orpon <\/strong>(Kokoomus) painotti huippukokouksen aiheista <strong>Ukrainan<\/strong> ja <strong>L\u00e4hi-id\u00e4n<\/strong> konflikteja, Euroopan puolustusta, kauppapolitiikkaa ja kilpailukyky\u00e4. P\u00e4\u00e4ministeri arvioi, ett\u00e4 EU-johtajien keskustelujen lopullinen painotus riippuu meneill\u00e4\u00e4n olevan <strong>Nato<\/strong>n huippukokouksen tuloksista ja L\u00e4hi-id\u00e4n tilanteen kehittymisest\u00e4.<\/p>\n<blockquote><p>P\u00e4\u00e4ministeri kertoi pit\u00e4v\u00e4ns\u00e4 huippukokouksessa vahvasti esill\u00e4 Ukrainan tilannetta ja tukemista, sill\u00e4 kysymys on erityisen t\u00e4rke\u00e4 paitsi Suomen, my\u00f6s koko Euroopan turvallisuuden kannalta.<\/p><\/blockquote>\n<p>Valiokunnat ja p\u00e4\u00e4ministeri keskustelivat mm. Suomen ja EU-maiden rahallisesta ja materiaalituesta Ukrainalle t\u00e4n\u00e4 ja ensi vuonna sek\u00e4 Ukrainan <strong>EU-j\u00e4senyysneuvottelujen<\/strong> avaamisen mahdollisesta aikataulusta. EU:n laajentumiseen liittyen keskusteltiin my\u00f6s <strong>L\u00e4nsi-Balkanin<\/strong> maiden asemasta sek\u00e4 EU:n ett\u00e4 hakijamaiden keinoista edist\u00e4\u00e4 neuvotteluja.<\/p>\n<p>L\u00e4hi-id\u00e4n osalta valiokunnat ja p\u00e4\u00e4ministeri keskustelivat osapuolten toimista <strong>Iranin<\/strong>, <strong>Israelin<\/strong> ja <strong>Yhdysvaltojen<\/strong> konfliktissa sek\u00e4 kansainv\u00e4lisen oikeuden noudattamisesta. Keskustelussa nousi esille huoli <strong>Gazan<\/strong> humanitaarisen ja panttivankien tilanteen j\u00e4\u00e4misest\u00e4 Iranin tapahtumien varjoon. P\u00e4\u00e4ministerille esitettiin my\u00f6s kysymyksi\u00e4 EU:n keinoista vaikuttaa Israeliin vastatoimin.<\/p>\n<p>Muita aiheita valiokuntien ja p\u00e4\u00e4ministerin keskustelussa olivat EU:n ja Yhdysvaltojen kauppaneuvotteluiden eteneminen sek\u00e4 It\u00e4meren asema geopoliittisessa keskustelussa, mm. Ven\u00e4j\u00e4n varjolaivastoon kohdistettavien pakotteiden n\u00e4k\u00f6kulmasta.<\/p>\n<p>Valiokunnat saivat p\u00e4\u00e4ministerilt\u00e4 selvityksen my\u00f6s Euroopan poliittisen yhteis\u00f6n kokouksesta 16.5. <img loading=\"lazy\" decoding=\"async\" class=\"alignnone size-full wp-image-144\" src=\"https:\/\/www.uutispeili.fi\/wp-content\/uploads\/2023\/11\/di.gold_.gif\" alt=\"\" width=\"11\" height=\"11\" \/><\/p>\n<p>Luettavaa:<\/p>\n<ul>\n<li><a href=\"https:\/\/www.consilium.europa.eu\/fi\/meetings\/european-council\/2025\/06\/26-27\/\" target=\"_blank\" rel=\"noopener noreferrer\">Eurooppa-neuvosto 26.\u201327.6. (consilium.europa.eu)<\/a>,<\/li>\n<\/ul>\n","protected":false},"excerpt":{"rendered":"<p>Eduskunnan suuri valiokunta ja ulkoasiainvaliokunta saivat t\u00e4n\u00e4\u00e4n p\u00e4\u00e4ministeri Petteri Orpon ennakkokatsauksen Eurooppa-neuvoston kokoukseen, joka pidet\u00e4\u00e4n Brysseliss\u00e4 26.6. (Arkistokuva, kuval\u00e4hde: Eduskunta.) P\u00e4\u00e4ministeri Petteri Orpon (Kokoomus) painotti huippukokouksen aiheista Ukrainan ja L\u00e4hi-id\u00e4n konflikteja, Euroopan puolustusta, kauppapolitiikkaa ja kilpailukyky\u00e4. P\u00e4\u00e4ministeri arvioi, ett\u00e4 EU-johtajien keskustelujen lopullinen painotus riippuu meneill\u00e4\u00e4n olevan Naton huippukokouksen tuloksista ja L\u00e4hi-id\u00e4n tilanteen kehittymisest\u00e4. P\u00e4\u00e4ministeri kertoi [&hellip;]<\/p>\n","protected":false},"author":3,"featured_media":3239,"comment_status":"open","ping_status":"open","sticky":false,"template":"","format":"standard","meta":{"footnotes":""},"categories":[49,51,174],"tags":[],"_links":{"self":[{"href":"https:\/\/www.uutispeili.fi\/index.php\/wp-json\/wp\/v2\/posts\/7078"}],"collection":[{"href":"https:\/\/www.uutispeili.fi\/index.php\/wp-json\/wp\/v2\/posts"}],"about":[{"href":"https:\/\/www.uutispeili.fi\/index.php\/wp-json\/wp\/v2\/types\/post"}],"author":[{"embeddable":true,"href":"https:\/\/www.uutispeili.fi\/index.php\/wp-json\/wp\/v2\/users\/3"}],"replies":[{"embeddable":true,"href":"https:\/\/www.uutispeili.fi\/index.php\/wp-json\/wp\/v2\/comments?post=7078"}],"version-history":[{"count":1,"href":"https:\/\/www.uutispeili.fi\/index.php\/wp-json\/wp\/v2\/posts\/7078\/revisions"}],"predecessor-version":[{"id":7079,"href":"https:\/\/www.uutispeili.fi\/index.php\/wp-json\/wp\/v2\/posts\/7078\/revisions\/7079"}],"wp:featuredmedia":[{"embeddable":true,"href":"https:\/\/www.uutispeili.fi\/index.php\/wp-json\/wp\/v2\/media\/3239"}],"wp:attachment":[{"href":"https:\/\/www.uutispeili.fi\/index.php\/wp-json\/wp\/v2\/media?parent=7078"}],"wp:term":[{"taxonomy":"category","embeddable":true,"href":"https:\/\/www.uutispeili.fi\/index.php\/wp-json\/wp\/v2\/categories?post=7078"},{"taxonomy":"post_tag","embeddable":true,"href":"https:\/\/www.uutispeili.fi\/index.php\/wp-json\/wp\/v2\/tags?post=7078"}],"curies":[{"name":"wp","href":"https:\/\/api.w.org\/{rel}","templated":true}]}}