{"id":706,"date":"2023-12-30T17:12:54","date_gmt":"2023-12-30T17:12:54","guid":{"rendered":"https:\/\/www.uutispeili.fi\/?p=706"},"modified":"2023-12-30T17:20:10","modified_gmt":"2023-12-30T17:20:10","slug":"laakkeiden-vuosiomavastuu-nousee-ensi-vuonna","status":"publish","type":"post","link":"https:\/\/www.uutispeili.fi\/index.php\/2023\/12\/30\/laakkeiden-vuosiomavastuu-nousee-ensi-vuonna\/","title":{"rendered":"L\u00e4\u00e4kkeiden vuosiomavastuu nousee ensi vuonna"},"content":{"rendered":"\n<p>Viel\u00e4 huomenna kerke\u00e4\u00e4 hakea l\u00e4\u00e4kkeit\u00e4 edullisemmin, mik\u00e4li vuosiomavastuu on ylittynyt. T\u00e4n\u00e4 vuonna <em>&#8221;l\u00e4\u00e4kekatto&#8221;<\/em> oli 592,16 euroa. Ensi vuodeksi l\u00e4\u00e4kekatto nousee 626,94 euroon. Vuonna 2023 l\u00e4\u00e4kekattoon ei tehty laisinkaan indeksikorotusta ja ensi vuodeksi sit\u00e4 korotetaan vain kansanel\u00e4keindeksin muutoksen verran. <\/p>\n\n\n\n<p>Kun l\u00e4\u00e4keiden omavatuuosuus on kertynyt kalenterivuoden aikana t\u00e4yteen, saa asiakas l\u00e4\u00e4keostoistaan lis\u00e4korvausta ja saa jokaisen kelakorvattavan l\u00e4\u00e4kkeen hintaan 2,50 \u20ac\/toimituskerta. Toimituskerran koko riippuu reseptist\u00e4. Joitain l\u00e4\u00e4kkeit\u00e4 saa ostettua kerralla kolmen kuukauden k\u00e4ytt\u00f6m\u00e4\u00e4r\u00e4n, mutta joitain l\u00e4\u00e4kkeit\u00e4 pystyy ostamaan vain pienempi\u00e4 m\u00e4\u00e4ri\u00e4 kerrallaan. L\u00e4\u00e4k\u00e4ri on saattanut kirjoittaa pitk\u00e4aikaisk\u00e4ytt\u00f6\u00f6n tarkoitetusta l\u00e4\u00e4kkeest\u00e4 reseptin jolla saa vaikkapa kuukauden annoksen kerrallaan ja resepti iteroituu, eli uusiutuu t\u00e4m\u00e4n j\u00e4lkeen automaattisesti. T\u00e4m\u00e4 tulee toki kalliimmaksi sellaiselle potilaalle, jolla l\u00e4\u00e4kekatto on tullut t\u00e4yteen, kuin jos reseptill\u00e4 saisi ostaa tuon kolme kuukautta kerrallaan.<\/p>\n\n\n\n<p>L\u00e4\u00e4kkeiden lis\u00e4korvausta saa reilut 7% l\u00e4\u00e4keostoja tehneist\u00e4, eli yli 282 000 ihmist\u00e4.<\/p>\n\n\n\n<figure class=\"wp-block-image size-large\"><img loading=\"lazy\" decoding=\"async\" width=\"1024\" height=\"776\" src=\"https:\/\/www.uutispeili.fi\/wp-content\/uploads\/2023\/12\/laakkeita-1024x776.jpg\" alt=\"\" class=\"wp-image-709\" srcset=\"https:\/\/www.uutispeili.fi\/wp-content\/uploads\/2023\/12\/laakkeita-1024x776.jpg 1024w, https:\/\/www.uutispeili.fi\/wp-content\/uploads\/2023\/12\/laakkeita-300x227.jpg 300w, https:\/\/www.uutispeili.fi\/wp-content\/uploads\/2023\/12\/laakkeita-768x582.jpg 768w, https:\/\/www.uutispeili.fi\/wp-content\/uploads\/2023\/12\/laakkeita-1536x1164.jpg 1536w, https:\/\/www.uutispeili.fi\/wp-content\/uploads\/2023\/12\/laakkeita.jpg 1600w\" sizes=\"(max-width: 1024px) 100vw, 1024px\" \/><\/figure>\n\n\n\n<p>L\u00e4\u00e4kekaton ajatuksena on, etteiv\u00e4t kenenk\u00e4\u00e4n l\u00e4\u00e4kekustannukset p\u00e4\u00e4sisi nousemaan kohtuuttoman suuriksi. Osa l\u00e4\u00e4kkeist\u00e4 ei kuitenkaan ole lainkaan kelakorvattavia, eiv\u00e4tk\u00e4 my\u00f6sk\u00e4\u00e4n kerryt\u00e4 omavastuuosuutta. <\/p>\n\n\n\n<p><\/p>\n","protected":false},"excerpt":{"rendered":"<p>Viel\u00e4 huomenna kerke\u00e4\u00e4 hakea l\u00e4\u00e4kkeit\u00e4 edullisemmin, mik\u00e4li vuosiomavastuu on ylittynyt. T\u00e4n\u00e4 vuonna &#8221;l\u00e4\u00e4kekatto&#8221; oli 592,16 euroa. Ensi vuodeksi l\u00e4\u00e4kekatto nousee 626,94 euroon. Vuonna 2023 l\u00e4\u00e4kekattoon ei tehty laisinkaan indeksikorotusta ja ensi vuodeksi sit\u00e4 korotetaan vain kansanel\u00e4keindeksin muutoksen verran. Kun l\u00e4\u00e4keiden omavatuuosuus on kertynyt kalenterivuoden aikana t\u00e4yteen, saa asiakas l\u00e4\u00e4keostoistaan lis\u00e4korvausta ja saa jokaisen kelakorvattavan l\u00e4\u00e4kkeen [&hellip;]<\/p>\n","protected":false},"author":1,"featured_media":0,"comment_status":"open","ping_status":"open","sticky":false,"template":"","format":"standard","meta":{"footnotes":""},"categories":[9],"tags":[],"_links":{"self":[{"href":"https:\/\/www.uutispeili.fi\/index.php\/wp-json\/wp\/v2\/posts\/706"}],"collection":[{"href":"https:\/\/www.uutispeili.fi\/index.php\/wp-json\/wp\/v2\/posts"}],"about":[{"href":"https:\/\/www.uutispeili.fi\/index.php\/wp-json\/wp\/v2\/types\/post"}],"author":[{"embeddable":true,"href":"https:\/\/www.uutispeili.fi\/index.php\/wp-json\/wp\/v2\/users\/1"}],"replies":[{"embeddable":true,"href":"https:\/\/www.uutispeili.fi\/index.php\/wp-json\/wp\/v2\/comments?post=706"}],"version-history":[{"count":4,"href":"https:\/\/www.uutispeili.fi\/index.php\/wp-json\/wp\/v2\/posts\/706\/revisions"}],"predecessor-version":[{"id":712,"href":"https:\/\/www.uutispeili.fi\/index.php\/wp-json\/wp\/v2\/posts\/706\/revisions\/712"}],"wp:attachment":[{"href":"https:\/\/www.uutispeili.fi\/index.php\/wp-json\/wp\/v2\/media?parent=706"}],"wp:term":[{"taxonomy":"category","embeddable":true,"href":"https:\/\/www.uutispeili.fi\/index.php\/wp-json\/wp\/v2\/categories?post=706"},{"taxonomy":"post_tag","embeddable":true,"href":"https:\/\/www.uutispeili.fi\/index.php\/wp-json\/wp\/v2\/tags?post=706"}],"curies":[{"name":"wp","href":"https:\/\/api.w.org\/{rel}","templated":true}]}}