{"id":7013,"date":"2025-06-19T14:00:52","date_gmt":"2025-06-19T14:00:52","guid":{"rendered":"https:\/\/www.uutispeili.fi\/?p=7013"},"modified":"2025-06-19T14:00:53","modified_gmt":"2025-06-19T14:00:53","slug":"kansanedustaja-antikainen-vasemmisto-vaikenee-kun-suomalainen-veronmaksaja-maksaa-punamaalin-jaljet","status":"publish","type":"post","link":"https:\/\/www.uutispeili.fi\/index.php\/2025\/06\/19\/kansanedustaja-antikainen-vasemmisto-vaikenee-kun-suomalainen-veronmaksaja-maksaa-punamaalin-jaljet\/","title":{"rendered":"Kansanedustaja Antikainen: Vasemmisto vaikenee, kun suomalainen veronmaksaja maksaa punamaalin j\u00e4ljet"},"content":{"rendered":"<p><strong>Puolustusministeri\u00f6n p\u00e4\u00e4sis\u00e4\u00e4nk\u00e4ynti on suljettu useiksi viikoiksi sen j\u00e4lkeen, kun <em>Palestiina-aktivistit<\/em> t\u00f6hriv\u00e4t rakennuksen punaisella maalilla, -kommentoi &#8221;<em>aktivistien<\/em>&#8221; ilkitekoa kansanedustaja Sanna Antikainen.<\/strong><\/p>\n<p>(Arkistokuva, kuval\u00e4hde: Eduskunta.)<\/p>\n<p>Julkisivun rakennevaurioiden vuoksi entis\u00f6inti maksaa veronmaksajille kymmeni\u00e4 tuhansia euroja ja kest\u00e4\u00e4 v\u00e4hint\u00e4\u00e4n koko hein\u00e4kuun ajan. Kansanedustaja <strong>Sanna Antikainen<\/strong> (P*S*) ei s\u00e4\u00e4stele sanojaan kritisoidessaan tuhoty\u00f6n tekij\u00f6it\u00e4 ja sen tukijoukkoja.<\/p>\n<blockquote><p>&#8211; Vasemmiston kytk\u00f6kset <strong>Palestiina-aktivisteihin<\/strong> tiedet\u00e4\u00e4n. Nyt heid\u00e4n kaveripiirins\u00e4 iski j\u00e4lleen ja j\u00e4lkien siivoaminen kustannetaan veronmaksajien pussista. Miss\u00e4 on vasemmiston irtisanoutuminen. T\u00e4st\u00e4k\u00f6 on tullut uusi normaali.<\/p><\/blockquote>\n<h2>&#8217;<em>Ei en\u00e4\u00e4 mielipiteen ilmaisua vaan sabotaasia<\/em>&#8217;<\/h2>\n<p>Antikainen huomauttaa, ett\u00e4 kyse ei ole en\u00e4\u00e4 mielipiteen ilmaisusta vaan sabotaasista, joka kohdistuu suoraan suomalaisen yhteiskunnan ja turvallisuuden symboleihin.<\/p>\n<blockquote><p>&#8211; Rakennus on kulttuurihistoriallisesti arvokas ja puolustusministeri\u00f6n k\u00e4yt\u00f6ss\u00e4. Sen t\u00f6hriminen ei ole \u201ctaidetta\u201d, \u201ckannanotto\u201d tai \u201csolidaarisuutta\u201d. Se on rikos, ja se on isku suomalaista valtiollista instituutiota vastaan.<\/p><\/blockquote>\n<p>&#8211; Kun huokoinen kalkkimaali imaisee maalit l\u00e4pi rappaukseen, ei auta r\u00e4tti ja vesi. Nyt puhutaan konservaattority\u00f6st\u00e4, museoviraston valvonnasta ja kymmenien tuhansien eurojen vahingoista. Onko t\u00e4m\u00e4 kaikki ihan ok vasemmistolle, kunhan maalit ovat punaisia ja kohteena oikea vihollinen eli Suomen valtio, Antikainen kysyy.<\/p>\n<h2>&#8217;<em>Vasemmistopuolueet eiv\u00e4t saa piiloutua vaikenemisen taakse<\/em>&#8217;<\/h2>\n<p>Antikainen vaatii, ett\u00e4 vasemmistopuolueet eiv\u00e4t en\u00e4\u00e4 piiloudu vaikenemisen taakse, vaan ottavat vastuuta radikalisoituneiden aktivistien toimista erityisesti silloin, kun seuraukset osuvat suoraan suomalaisiin veronmaksajiin.<\/p>\n<blockquote><p>&#8211; Poliisi tekee omaa ty\u00f6t\u00e4\u00e4n, mutta miss\u00e4 ovat poliitikot, jotka asettavat rajat.<\/p><\/blockquote>\n<p>Jos t\u00e4m\u00e4 olisi ollut mik\u00e4 tahansa muu rakennus kuten esimerkiksi moskeija tai kulttuurikeskus, vasemmisto huutaisi naama punaisena. Nyt kuuluu vain vaikenemisen kuoro. Vaikeneminen on t\u00e4ss\u00e4 tapauksessa vahva kannanotto. <img loading=\"lazy\" decoding=\"async\" class=\"alignnone size-full wp-image-144\" src=\"https:\/\/www.uutispeili.fi\/wp-content\/uploads\/2023\/11\/di.gold_.gif\" alt=\"\" width=\"11\" height=\"11\" \/><\/p>\n<p>(Uutispeili ei ole muokannut artikkelin sis\u00e4lt\u00f6\u00e4.)<\/p>\n","protected":false},"excerpt":{"rendered":"<p>Puolustusministeri\u00f6n p\u00e4\u00e4sis\u00e4\u00e4nk\u00e4ynti on suljettu useiksi viikoiksi sen j\u00e4lkeen, kun Palestiina-aktivistit t\u00f6hriv\u00e4t rakennuksen punaisella maalilla, -kommentoi &#8221;aktivistien&#8221; ilkitekoa kansanedustaja Sanna Antikainen. (Arkistokuva, kuval\u00e4hde: Eduskunta.) Julkisivun rakennevaurioiden vuoksi entis\u00f6inti maksaa veronmaksajille kymmeni\u00e4 tuhansia euroja ja kest\u00e4\u00e4 v\u00e4hint\u00e4\u00e4n koko hein\u00e4kuun ajan. Kansanedustaja Sanna Antikainen (P*S*) ei s\u00e4\u00e4stele sanojaan kritisoidessaan tuhoty\u00f6n tekij\u00f6it\u00e4 ja sen tukijoukkoja. &#8211; Vasemmiston kytk\u00f6kset Palestiina-aktivisteihin [&hellip;]<\/p>\n","protected":false},"author":3,"featured_media":6630,"comment_status":"open","ping_status":"open","sticky":false,"template":"","format":"standard","meta":{"footnotes":""},"categories":[49,95,114],"tags":[],"_links":{"self":[{"href":"https:\/\/www.uutispeili.fi\/index.php\/wp-json\/wp\/v2\/posts\/7013"}],"collection":[{"href":"https:\/\/www.uutispeili.fi\/index.php\/wp-json\/wp\/v2\/posts"}],"about":[{"href":"https:\/\/www.uutispeili.fi\/index.php\/wp-json\/wp\/v2\/types\/post"}],"author":[{"embeddable":true,"href":"https:\/\/www.uutispeili.fi\/index.php\/wp-json\/wp\/v2\/users\/3"}],"replies":[{"embeddable":true,"href":"https:\/\/www.uutispeili.fi\/index.php\/wp-json\/wp\/v2\/comments?post=7013"}],"version-history":[{"count":1,"href":"https:\/\/www.uutispeili.fi\/index.php\/wp-json\/wp\/v2\/posts\/7013\/revisions"}],"predecessor-version":[{"id":7014,"href":"https:\/\/www.uutispeili.fi\/index.php\/wp-json\/wp\/v2\/posts\/7013\/revisions\/7014"}],"wp:featuredmedia":[{"embeddable":true,"href":"https:\/\/www.uutispeili.fi\/index.php\/wp-json\/wp\/v2\/media\/6630"}],"wp:attachment":[{"href":"https:\/\/www.uutispeili.fi\/index.php\/wp-json\/wp\/v2\/media?parent=7013"}],"wp:term":[{"taxonomy":"category","embeddable":true,"href":"https:\/\/www.uutispeili.fi\/index.php\/wp-json\/wp\/v2\/categories?post=7013"},{"taxonomy":"post_tag","embeddable":true,"href":"https:\/\/www.uutispeili.fi\/index.php\/wp-json\/wp\/v2\/tags?post=7013"}],"curies":[{"name":"wp","href":"https:\/\/api.w.org\/{rel}","templated":true}]}}