{"id":6990,"date":"2025-06-18T17:47:25","date_gmt":"2025-06-18T17:47:25","guid":{"rendered":"https:\/\/www.uutispeili.fi\/?p=6990"},"modified":"2025-06-18T17:47:26","modified_gmt":"2025-06-18T17:47:26","slug":"eduskunnan-puhemies-brysseliin-nato-parlamenttien-huippukokoukseen","status":"publish","type":"post","link":"https:\/\/www.uutispeili.fi\/index.php\/2025\/06\/18\/eduskunnan-puhemies-brysseliin-nato-parlamenttien-huippukokoukseen\/","title":{"rendered":"Eduskunnan puhemies Brysseliin, NATO-parlamenttien huippukokoukseen"},"content":{"rendered":"<p>Eduskunnan puhemies <strong>Jussi Halla-aho<\/strong> ja <strong>Naton parlamentaarisen yleiskokouksen<\/strong> Suomen valtuuskunnan puheenjohtaja <strong>Tomi Immonen<\/strong> (ps.) osallistuvat <strong>Brysseliss\u00e4<\/strong> Belgiassa torstaina alkavaan Naton parlamentaariseen huippukokoukseen.<\/p>\n<p>Kokoukseen on kutsuttu Nato-maiden parlamenttien puhemiehet ja Naton parlamentaarisen yleiskokouksen kansallisten valtuuskuntien puheenjohtajat. Kokous j\u00e4rjestet\u00e4\u00e4n nyt toisen kerran. <img loading=\"lazy\" decoding=\"async\" class=\"alignnone size-full wp-image-144\" src=\"https:\/\/www.uutispeili.fi\/wp-content\/uploads\/2023\/11\/di.gold_.gif\" alt=\"\" width=\"11\" height=\"11\" \/><\/p>\n<blockquote class=\"wp-embedded-content\" data-secret=\"zmtD4dJcJ2\"><p><a href=\"https:\/\/www.uutispeili.fi\/index.php\/2025\/02\/14\/jussi-halla-aho-nato-on-ainoa-turvallisuustakeiden-tarjoaja-jonka-venaja-ottaa-vakavasti\/\">Jussi Halla-aho: &#8221;NATO on ainoa turvallisuustakeiden tarjoaja, jonka Ven\u00e4j\u00e4 ottaa vakavasti&#8221;<\/a><\/p><\/blockquote>\n<p><iframe class=\"wp-embedded-content\" sandbox=\"allow-scripts\" security=\"restricted\" style=\"position: absolute; clip: rect(1px, 1px, 1px, 1px);\" title=\"&#8221;Jussi Halla-aho: &#8221;NATO on ainoa turvallisuustakeiden tarjoaja, jonka Ven\u00e4j\u00e4 ottaa vakavasti&#8221;&#8221; &#8212; \" src=\"https:\/\/www.uutispeili.fi\/index.php\/2025\/02\/14\/jussi-halla-aho-nato-on-ainoa-turvallisuustakeiden-tarjoaja-jonka-venaja-ottaa-vakavasti\/embed\/#?secret=Mnmk2zteEx#?secret=zmtD4dJcJ2\" data-secret=\"zmtD4dJcJ2\" width=\"600\" height=\"338\" frameborder=\"0\" marginwidth=\"0\" marginheight=\"0\" scrolling=\"no\"><\/iframe><\/p>\n<blockquote class=\"wp-embedded-content\" data-secret=\"uikUQEcLUi\"><p><a href=\"https:\/\/www.uutispeili.fi\/index.php\/2025\/05\/14\/jussi-halla-aho-pitaa-puhua-myos-muiden-kuin-samanmielisten-maiden-kanssa\/\">Jussi Halla-aho: Pit\u00e4\u00e4 puhua my\u00f6s muiden kuin samanmielisten maiden kanssa<\/a><\/p><\/blockquote>\n<p><iframe class=\"wp-embedded-content\" sandbox=\"allow-scripts\" security=\"restricted\" style=\"position: absolute; clip: rect(1px, 1px, 1px, 1px);\" title=\"&#8221;Jussi Halla-aho: Pit\u00e4\u00e4 puhua my\u00f6s muiden kuin samanmielisten maiden kanssa&#8221; &#8212; \" src=\"https:\/\/www.uutispeili.fi\/index.php\/2025\/05\/14\/jussi-halla-aho-pitaa-puhua-myos-muiden-kuin-samanmielisten-maiden-kanssa\/embed\/#?secret=LyRqLmgdEK#?secret=uikUQEcLUi\" data-secret=\"uikUQEcLUi\" width=\"600\" height=\"338\" frameborder=\"0\" marginwidth=\"0\" marginheight=\"0\" scrolling=\"no\"><\/iframe><\/p>\n<blockquote class=\"wp-embedded-content\" data-secret=\"TGDq2yyYRu\"><p><a href=\"https:\/\/www.uutispeili.fi\/index.php\/2025\/05\/09\/eduskunnan-puhemies-jussi-halla-aho-osallistuu-eu-puhemiesten-konferenssiin-budapestissa\/\">Eduskunnan puhemies Jussi Halla-aho osallistuu EU-puhemiesten konferenssiin Budapestissa<\/a><\/p><\/blockquote>\n<p><iframe class=\"wp-embedded-content\" sandbox=\"allow-scripts\" security=\"restricted\" style=\"position: absolute; clip: rect(1px, 1px, 1px, 1px);\" title=\"&#8221;Eduskunnan puhemies Jussi Halla-aho osallistuu EU-puhemiesten konferenssiin Budapestissa&#8221; &#8212; \" src=\"https:\/\/www.uutispeili.fi\/index.php\/2025\/05\/09\/eduskunnan-puhemies-jussi-halla-aho-osallistuu-eu-puhemiesten-konferenssiin-budapestissa\/embed\/#?secret=Yff26rwbgV#?secret=TGDq2yyYRu\" data-secret=\"TGDq2yyYRu\" width=\"600\" height=\"338\" frameborder=\"0\" marginwidth=\"0\" marginheight=\"0\" scrolling=\"no\"><\/iframe><\/p>\n","protected":false},"excerpt":{"rendered":"<p>Eduskunnan puhemies Jussi Halla-aho ja Naton parlamentaarisen yleiskokouksen Suomen valtuuskunnan puheenjohtaja Tomi Immonen (ps.) osallistuvat Brysseliss\u00e4 Belgiassa torstaina alkavaan Naton parlamentaariseen huippukokoukseen. Kokoukseen on kutsuttu Nato-maiden parlamenttien puhemiehet ja Naton parlamentaarisen yleiskokouksen kansallisten valtuuskuntien puheenjohtajat. Kokous j\u00e4rjestet\u00e4\u00e4n nyt toisen kerran. Jussi Halla-aho: &#8221;NATO on ainoa turvallisuustakeiden tarjoaja, jonka Ven\u00e4j\u00e4 ottaa vakavasti&#8221; Jussi Halla-aho: Pit\u00e4\u00e4 puhua [&hellip;]<\/p>\n","protected":false},"author":3,"featured_media":3639,"comment_status":"open","ping_status":"open","sticky":false,"template":"","format":"standard","meta":{"footnotes":""},"categories":[49,73],"tags":[],"_links":{"self":[{"href":"https:\/\/www.uutispeili.fi\/index.php\/wp-json\/wp\/v2\/posts\/6990"}],"collection":[{"href":"https:\/\/www.uutispeili.fi\/index.php\/wp-json\/wp\/v2\/posts"}],"about":[{"href":"https:\/\/www.uutispeili.fi\/index.php\/wp-json\/wp\/v2\/types\/post"}],"author":[{"embeddable":true,"href":"https:\/\/www.uutispeili.fi\/index.php\/wp-json\/wp\/v2\/users\/3"}],"replies":[{"embeddable":true,"href":"https:\/\/www.uutispeili.fi\/index.php\/wp-json\/wp\/v2\/comments?post=6990"}],"version-history":[{"count":2,"href":"https:\/\/www.uutispeili.fi\/index.php\/wp-json\/wp\/v2\/posts\/6990\/revisions"}],"predecessor-version":[{"id":6993,"href":"https:\/\/www.uutispeili.fi\/index.php\/wp-json\/wp\/v2\/posts\/6990\/revisions\/6993"}],"wp:featuredmedia":[{"embeddable":true,"href":"https:\/\/www.uutispeili.fi\/index.php\/wp-json\/wp\/v2\/media\/3639"}],"wp:attachment":[{"href":"https:\/\/www.uutispeili.fi\/index.php\/wp-json\/wp\/v2\/media?parent=6990"}],"wp:term":[{"taxonomy":"category","embeddable":true,"href":"https:\/\/www.uutispeili.fi\/index.php\/wp-json\/wp\/v2\/categories?post=6990"},{"taxonomy":"post_tag","embeddable":true,"href":"https:\/\/www.uutispeili.fi\/index.php\/wp-json\/wp\/v2\/tags?post=6990"}],"curies":[{"name":"wp","href":"https:\/\/api.w.org\/{rel}","templated":true}]}}