{"id":6962,"date":"2025-06-17T14:48:07","date_gmt":"2025-06-17T14:48:07","guid":{"rendered":"https:\/\/www.uutispeili.fi\/?p=6962"},"modified":"2025-06-17T14:48:07","modified_gmt":"2025-06-17T14:48:07","slug":"turha-on-itkea-kaatunutta-maitoa-kultarantakeskusteluissa-tunnistettiin-maailmanmuuttamisen-ennennakematon-vauhti","status":"publish","type":"post","link":"https:\/\/www.uutispeili.fi\/index.php\/2025\/06\/17\/turha-on-itkea-kaatunutta-maitoa-kultarantakeskusteluissa-tunnistettiin-maailmanmuuttamisen-ennennakematon-vauhti\/","title":{"rendered":"&#8221;Turha on itke\u00e4 kaatunutta maitoa&#8221;, -Kultarantakeskusteluissa tunnistettiin maailmanmuuttamisen ennenn\u00e4kem\u00e4t\u00f6n vauhti"},"content":{"rendered":"<p><strong>N\u00e4in totesi kansainv\u00e4lisen politiikan asiantuntija Risto E.J. Penttil\u00e4 meneill\u00e4\u00e4n olevissa Tasavallan presidentin j\u00e4rjest\u00e4miss\u00e4 &#8221;<em>Kultarantakeskusteluissa<\/em>&#8221;.<\/strong><\/p>\n<p><strong>Risto E.J. Penttil\u00e4<\/strong> tarkoitti sit\u00e4, ett\u00e4 <strong>YK<\/strong>:n aiempi rooli keskeisen\u00e4 maailmanpolitiikan suurvaikuttajana ja <strong>WHO<\/strong>:n rooli my\u00f6s keskeisen\u00e4 maailman politiikkaan vaikuttavana j\u00e4rjest\u00f6n\u00e4, on ohi sellaisina kuin kuin olemme ne aiemmin oppineet tuntemaan.<\/p>\n<p>Hieman yll\u00e4tt\u00e4v\u00e4\u00e4 oli, ett\u00e4 keskustelijat ymp\u00e4ri maailmaa, ja koko suomalaiselta politiikan kent\u00e4lt\u00e4, eiv\u00e4t kiist\u00e4neet Penttil\u00e4n analyysia. On totta, ett\u00e4 kaikki eiv\u00e4t todellakaan pit\u00e4neet asian uudesta tilasta, eli siit\u00e4 ett\u00e4 YK:n ja my\u00f6s WHO:n aseman ovat ottaneet <strong>Yhdysvallat,<\/strong> <strong>Kiina<\/strong>, <strong>Ven\u00e4j\u00e4,<\/strong> -ja maailmanpolitiikan yhdeksi keskeiseksi vaikuttajaksi noussut <strong>Israel<\/strong>.<\/p>\n<h2>Katkera vanha nainen<\/h2>\n<blockquote><p>Presidentti <strong>Tarja Halonen<\/strong> (2000-2012) puhui happamasti mm. siit\u00e4, ett\u00e4 &#8221;ellei Palestiinaa nyt tunnusteta niin kohta ei ole mit\u00e4 tunnustaa&#8221;.<\/p><\/blockquote>\n<p>Halosen kritiikki esimerkiksi <strong>Ven\u00e4j\u00e4n<\/strong> suhteen oli laimeaa. Ex-presidenttimmeh\u00e4n kuului niihin eurooppalaisiin johtajiin <strong>Angela Merkel<\/strong>in kanssa -n\u00e4in j\u00e4lkik\u00e4teen katsoen &#8211; meniv\u00e4t <strong>Vladimir Putin<\/strong>in &#8221;<em>lumovoiman<\/em>&#8221; edess\u00e4 halpaan. Halonen tosin my\u00f6nsi, ett\u00e4 jokaisena aikana silloiset p\u00e4\u00e4tt\u00e4j\u00e4t tekev\u00e4t ratkaisuja, mutta h\u00e4n ei kuitenkaan malttanut olla arvostelematta nykyisi\u00e4 p\u00e4\u00e4tt\u00e4ji\u00e4.<\/p>\n<p>Haloselle vaikutti olevan kova paikka, ett\u00e4 aikanaan h\u00e4nen kansainv\u00e4lisestikin huomiota her\u00e4tt\u00e4nyt reissaamisensa ymp\u00e4ri maailmaa <strong>Ottawan miinakieltosopimuksen<\/strong> lobbarina on nyt eduskunnassa suon silm\u00e4\u00e4n poljettavana.<\/p>\n<blockquote><p>Raskasta ideologisesti viel\u00e4kin eritt\u00e4in kirkasotsaiselle Tarja Haloselle on ymm\u00e4rrett\u00e4v\u00e4sti se, ett\u00e4 h\u00e4nen oma puolueensa <strong>SDP<\/strong> on kuuluvasti, p\u00e4\u00e4tt\u00e4v\u00e4isesti ja per\u00e4\u00e4nantamattomasti kaatamassa Halosen &#8221;<em>helmen<\/em>&#8221; eli siis Ottawan sopimuksen.<\/p><\/blockquote>\n<p>SDP on tehnyt \u00e4\u00e4rimm\u00e4isen selv\u00e4ksi my\u00f6s omille kansanedustajilleen, ett\u00e4 Suomen puolustaminen ja turvallisuus on puolueelle t\u00e4rkein asia. T\u00e4st\u00e4 on my\u00f6s seurannut, ett\u00e4 &#8221;<em>luteet lipussa<\/em>&#8221;, niin kuin <strong><em>Rajalain<\/em><\/strong> yhteydess\u00e4 SDP:n ex-kansanedustaja <strong>Lasse Lehtinen<\/strong> vastaan hangoittelijoita kuvasi, eiv\u00e4t nyt saaneet lupaa \u00e4\u00e4nest\u00e4\u00e4 Ottawan sopimuksen purkua vastaan.<\/p>\n<p>Lehtitietojen mukaan n\u00e4it\u00e4 olisi l\u00f6ytynyt seitsem\u00e4n demarien ryhm\u00e4st\u00e4. Mutta sosiaalidemokraattien puheenjohtajan <strong>Antti Lindtman<\/strong>in mitta tuli t\u00e4yteen suhteessa kapinallisiin.<\/p>\n<h2>Luopumisen tuskaa<\/h2>\n<p>Toki SDP-kansanedustaja <strong>Nazima Razmyar<\/strong> antoi haastatteluja, ett\u00e4 h\u00e4n kyll\u00e4 olisi \u00e4\u00e4nest\u00e4nyt Ottawan jatkon puolesta, mutta kun ei saanut lupaa. Razmyar on johdonmukaisesti \u00e4\u00e4nest\u00e4nyt Suomen rajojen turvaamista vastaa, eli ei mit\u00e4\u00e4n uutta auringon alla.<\/p>\n<p>Afganistanilaisl\u00e4ht\u00f6inen Nasima Razmyar ei oletusten mukaan tohtinut l\u00e4hte\u00e4 uuteen kapinaan puolueen ja ryhm\u00e4n johtoa vastaan, koska jos h\u00e4n yritt\u00e4\u00e4 toiselle kaudelle SDP:n puheenjohtajistoon, niin kaksinkertainen -osassa kentt\u00e4v\u00e4ke\u00e4 puhuttu- maanpetturuus olisi varmasti pudottanut Razmyarin rivikansanedustajaksi.<\/p>\n<blockquote><p>Moni onkin aiheellisesti kysynyt, miksi t\u00e4m\u00e4 henkil\u00f6 on demariryhm\u00e4ss\u00e4, kun oikeampi paikka olisi <strong>Vihreiss\u00e4<\/strong> tai <strong>Vasemmistoliitossa<\/strong>.<\/p><\/blockquote>\n<p>Vasemmistoliitto j\u00e4\u00e4 torstaina 19.6.25 k\u00e4yt\u00e4v\u00e4n \u00e4\u00e4nestyksen Ottawan sopimuksesta irtautumisen ainoaksi vastustajaksi, koska yll\u00e4tyksellisesti Vihre\u00e4t p\u00e4\u00e4tti tukea miinasopimuksesta luopumista.<\/p>\n<p>On mielenkiitoista n\u00e4hd\u00e4 ylihuomenna l\u00f6ytyyk\u00f6 demariryhm\u00e4st\u00e4 &#8221;aisan-yli potkijoita&#8221;. Mutta, koska p\u00e4in vastoin kuin Rajalaissa hyv\u00e4ksyminen edellytti 5\/6 enemmist\u00f6\u00e4, Ottawan sopimuksen p\u00f6lyt Suomen eduskunta pyyhkii menneisyyteen yksinkertaisella enemmist\u00f6ll\u00e4.<\/p>\n<p>Toinen &#8221;<em>kitker\u00e4 Lyyli<\/em>&#8221; Tarja Halosen lis\u00e4ksi oli Vasemmistoliiton MEP <strong>Li Andersson<\/strong>, joka joko ei ymm\u00e4rt\u00e4nyt noissa Kultarannan keskusteluissa, ett\u00e4 maailma on uusissa asennoissa, tai sitten h\u00e4n ei kertakaikkiaan halunnut my\u00f6nt\u00e4\u00e4, ett\u00e4 Halosen ajat ovat menneet, eik\u00e4 edes <strong>Sanna Marin<\/strong>in ja &#8221;huulipunahallituksen&#8221; aikaa en\u00e4\u00e4 ole.<\/p>\n<p>Jos Halosen aikaan maailma muuttui nopeimmillaan vuosien syklill\u00e4, Marinin hallituksen nopeimmat rytmit olivat tosiasiallisesti viikkojen mittaisia. Nyt puhutaan p\u00e4ivist\u00e4, ja tuosta ravista ovat todellakin pudonneet niin haloset kuin anderssonitkin, -ja niin monet muut.<\/p>\n<p>Nyt jos koskaan on seurattava aikaansa.<\/p>\n<p>Seppo Huhta<\/p>\n","protected":false},"excerpt":{"rendered":"<p>N\u00e4in totesi kansainv\u00e4lisen politiikan asiantuntija Risto E.J. Penttil\u00e4 meneill\u00e4\u00e4n olevissa Tasavallan presidentin j\u00e4rjest\u00e4miss\u00e4 &#8221;Kultarantakeskusteluissa&#8221;. Risto E.J. Penttil\u00e4 tarkoitti sit\u00e4, ett\u00e4 YK:n aiempi rooli keskeisen\u00e4 maailmanpolitiikan suurvaikuttajana ja WHO:n rooli my\u00f6s keskeisen\u00e4 maailman politiikkaan vaikuttavana j\u00e4rjest\u00f6n\u00e4, on ohi sellaisina kuin kuin olemme ne aiemmin oppineet tuntemaan. Hieman yll\u00e4tt\u00e4v\u00e4\u00e4 oli, ett\u00e4 keskustelijat ymp\u00e4ri maailmaa, ja koko suomalaiselta [&hellip;]<\/p>\n","protected":false},"author":5,"featured_media":6963,"comment_status":"open","ping_status":"open","sticky":false,"template":"","format":"standard","meta":{"footnotes":""},"categories":[6,191],"tags":[],"_links":{"self":[{"href":"https:\/\/www.uutispeili.fi\/index.php\/wp-json\/wp\/v2\/posts\/6962"}],"collection":[{"href":"https:\/\/www.uutispeili.fi\/index.php\/wp-json\/wp\/v2\/posts"}],"about":[{"href":"https:\/\/www.uutispeili.fi\/index.php\/wp-json\/wp\/v2\/types\/post"}],"author":[{"embeddable":true,"href":"https:\/\/www.uutispeili.fi\/index.php\/wp-json\/wp\/v2\/users\/5"}],"replies":[{"embeddable":true,"href":"https:\/\/www.uutispeili.fi\/index.php\/wp-json\/wp\/v2\/comments?post=6962"}],"version-history":[{"count":1,"href":"https:\/\/www.uutispeili.fi\/index.php\/wp-json\/wp\/v2\/posts\/6962\/revisions"}],"predecessor-version":[{"id":6964,"href":"https:\/\/www.uutispeili.fi\/index.php\/wp-json\/wp\/v2\/posts\/6962\/revisions\/6964"}],"wp:featuredmedia":[{"embeddable":true,"href":"https:\/\/www.uutispeili.fi\/index.php\/wp-json\/wp\/v2\/media\/6963"}],"wp:attachment":[{"href":"https:\/\/www.uutispeili.fi\/index.php\/wp-json\/wp\/v2\/media?parent=6962"}],"wp:term":[{"taxonomy":"category","embeddable":true,"href":"https:\/\/www.uutispeili.fi\/index.php\/wp-json\/wp\/v2\/categories?post=6962"},{"taxonomy":"post_tag","embeddable":true,"href":"https:\/\/www.uutispeili.fi\/index.php\/wp-json\/wp\/v2\/tags?post=6962"}],"curies":[{"name":"wp","href":"https:\/\/api.w.org\/{rel}","templated":true}]}}