{"id":6930,"date":"2025-06-15T16:16:15","date_gmt":"2025-06-15T16:16:15","guid":{"rendered":"https:\/\/www.uutispeili.fi\/?p=6930"},"modified":"2025-06-15T16:18:34","modified_gmt":"2025-06-15T16:18:34","slug":"eurooppa-laittaa-eskalaatio-hullut-jarjestykseen","status":"publish","type":"post","link":"https:\/\/www.uutispeili.fi\/index.php\/2025\/06\/15\/eurooppa-laittaa-eskalaatio-hullut-jarjestykseen\/","title":{"rendered":"Eurooppa laittaa eskalaatio-hullut j\u00e4rjestykseen?"},"content":{"rendered":"<p><strong>Vuoden 2015 (edellisen &#8221;<em>Iran nuclear deal<\/em>:n&#8221; (JCPOA:n) allekirjoittajavaltiot, Saksa, Ranska ja Britannia ovat valmiita k\u00e4ym\u00e4\u00e4n v\u00e4litt\u00f6m\u00e4sti neuvotteluja Iranin kanssa Teheranin ydinohjelmasta. -Onko Eurooppa ottamassa johdon?<\/strong><\/p>\n<p>Aloitteesta kertoi t\u00e4n\u00e4\u00e4n <strong>L\u00e4hi-id\u00e4ss\u00e4<\/strong> vierailukierroksella oleva <strong>Saksa<\/strong>n ulkoministeri <strong>Johann Wadephul. <\/strong>Ministeri sanoi yritt\u00e4v\u00e4ns\u00e4 edist\u00e4\u00e4 <strong>Israel<\/strong>in ja <strong>Iran<\/strong>in v\u00e4lisen konfliktin rauhoittamista.<\/p>\n<p><strong>JCPOA-sopimus<\/strong> tehtiin <strong>v.2015<\/strong> Iranin ja maailman johtavien valtioiden kesken <strong>Yhdysvaltain<\/strong> ja Euroopan Iraniin kohdistuvien kauppapakotteiden lopettamiseksi, -Iranin luopuessa vastavuoroisesti ydinpommi-hankkeestaan. Ensinm\u00e4isella kaudellaan <em>Ovaali-toimistossaan<\/em> presidentti <strong>Donald Trump<\/strong> irtisanoi sopimuksen <strong>v.2018<\/strong>, -ja aloitti pakotteet uudelleen.<\/p>\n<blockquote><p>Iranilaiset eiv\u00e4t ymm\u00e4rt\u00e4neet olla t\u00e4st\u00e4 kiitollisia, vaan aloittivat -n. yhden vuoden viiveell\u00e4- uraanin rikastamisen JCPOA:n sallimaa <strong>3.67%<\/strong>:n pitoisuutta (halkeamiskelpoista isotooppia) korkeampaan rikastusasteeseen: ensin <strong>30%<\/strong>:iin, sitten <strong>60%<\/strong>:iin. Ydinr\u00e4j\u00e4hdekelpoista uraani on <strong>90%<\/strong>:ssa.<\/p><\/blockquote>\n<p>JCPOA:n palauttamisesta on yh\u00e4 k\u00e4ynniss\u00e4 neuvotteluprosessi <strong>Wien<\/strong>iss\u00e4, It\u00e4vallassa. Iranin edellinen presidentti <strong>Ibrahim Raisi<\/strong> (syksyyn 2024) jumitti m\u00e4\u00e4r\u00e4yksill\u00e4\u00e4n Wienin-keskustelut, mutta <strong>Teheran<\/strong>issa on sen j\u00e4lkeen valta vaihtunut.<\/p>\n<p>(Jatkuu linkin j\u00e4lkeen.)<\/p>\n<h2>Lokakuussa 2024:<\/h2>\n<blockquote class=\"wp-embedded-content\" data-secret=\"BBGiJpJtQT\"><p><a href=\"https:\/\/www.uutispeili.fi\/index.php\/2024\/10\/26\/israelin-vastaisku-iraniin-oli-rajoitettu-harmagedon-viivastyy\/\">Israelin vastaisku Iraniin oli rajoitettu, -Harmagedon viiv\u00e4styy<\/a><\/p><\/blockquote>\n<p><iframe class=\"wp-embedded-content\" sandbox=\"allow-scripts\" security=\"restricted\" style=\"position: absolute; clip: rect(1px, 1px, 1px, 1px);\" title=\"&#8221;Israelin vastaisku Iraniin oli rajoitettu, -Harmagedon viiv\u00e4styy&#8221; &#8212; \" src=\"https:\/\/www.uutispeili.fi\/index.php\/2024\/10\/26\/israelin-vastaisku-iraniin-oli-rajoitettu-harmagedon-viivastyy\/embed\/#?secret=KlXEi5t8Yu#?secret=BBGiJpJtQT\" data-secret=\"BBGiJpJtQT\" width=\"600\" height=\"338\" frameborder=\"0\" marginwidth=\"0\" marginheight=\"0\" scrolling=\"no\"><\/iframe><\/p>\n<p>Kuten on vaihtunut <strong>Washngton<\/strong>issakin: Lokakuussa 2024 Yhdysvallat toppuutteli Israelia -ja ilmeisesti samaan aikaan Irania- olemaan kiihdytt\u00e4m\u00e4tt\u00e4 &#8221;<em>raketti-maaotteluaan<\/em>&#8221;, joten eskalaatio pys\u00e4htyi ennen kuin mit\u00e4\u00e4n peruuttamatonta ehti tapahtua. Trump jaksoi jatkaa samaa j\u00e4rkeenk\u00e4yp\u00e4\u00e4 linjaa viel\u00e4 tammikuussa -25.<\/p>\n<p>Trumpin siirtoa aloittaa kahdenv\u00e4liset neuvottelut Iranin kanssa voidaan tarkastella h\u00e4nen egonsa kautta, ja suhteuttaa <strong>Nobelin rauhanpalkinnon<\/strong> tavoitteluun: Mit\u00e4s siell\u00e4 ranskalaiset, britit ja sakut py\u00f6rim\u00e4ss\u00e4 jaloissa? &#8217;<em>Big Beautiful Boss&#8217;<\/em> tekee&#8230;!<\/p>\n<p>(Jatkuu linkin j\u00e4lkeen)<\/p>\n<blockquote class=\"wp-embedded-content\" data-secret=\"PrmFx1YXQm\"><p><a href=\"https:\/\/www.uutispeili.fi\/index.php\/2025\/05\/30\/gazan-aselepo-ja-iranin-ydinsopimus-hyvin-lahella\/\">Gazan aselepo ja Iranin ydinsopimus \u201dhyvin l\u00e4hell\u00e4\u201d<\/a><\/p><\/blockquote>\n<p><iframe class=\"wp-embedded-content\" sandbox=\"allow-scripts\" security=\"restricted\" style=\"position: absolute; clip: rect(1px, 1px, 1px, 1px);\" title=\"&#8221;Gazan aselepo ja Iranin ydinsopimus \u201dhyvin l\u00e4hell\u00e4\u201d&#8221; &#8212; \" src=\"https:\/\/www.uutispeili.fi\/index.php\/2025\/05\/30\/gazan-aselepo-ja-iranin-ydinsopimus-hyvin-lahella\/embed\/#?secret=ElFcqlUQ9Q#?secret=PrmFx1YXQm\" data-secret=\"PrmFx1YXQm\" width=\"600\" height=\"338\" frameborder=\"0\" marginwidth=\"0\" marginheight=\"0\" scrolling=\"no\"><\/iframe><\/p>\n<p>Vaikka Trump l\u00e4hti perkaamaan L\u00e4hi-Id\u00e4n sotkua &#8221;<em>pyyteett\u00f6m\u00e4sti<\/em>&#8221; ja pyyt\u00e4m\u00e4tt\u00e4, <strong>Jerusalem<\/strong>issa ei siell\u00e4k\u00e4\u00e4n ymm\u00e4rretty olla kiitollisia:\u00a0 Israel iski perjantaina (13.06.) Iranin ydinlaitoksia ja \u00f6ljy-infraa vastaan, -ja samalla ampui alas Yhdysvaltain-Iranin sunnuntaiksi (t\u00e4ksi p\u00e4iv\u00e4ksi) sovitut neuvottelut.<\/p>\n<blockquote><p>Mihin se kiitollisuus on nyt kokonaan maailmasta h\u00e4vinnyt?<\/p><\/blockquote>\n<h1>Joku tiesi!<\/h1>\n<p><em><strong>Iranin-Israelin kostoiskukierre<\/strong> <\/em>oli mukana jo viime syksyn\u00e4 -ainakin mahdollisuutena- putinistisen nettipropagandistin <strong>Hal Turneri<\/strong>n repertuaarissa, jonka is\u00e4nt\u00e4valtion ylh\u00e4\u00e4lt&#8217;\u00e4 johdettu media kuuliaisesti toisti:<\/p>\n<p>(Jatkuu linkin j\u00e4lkeen.)<\/p>\n<blockquote class=\"wp-embedded-content\" data-secret=\"YrhnLYZNop\"><p><a href=\"https:\/\/www.uutispeili.fi\/index.php\/2024\/10\/16\/venajan-hyodylliselta-idiootilta-outo-avaus-jos-yhdysvallat-aloittaa-sodan-irania-vastaan-kolmas-maailmansota-nayttaa-varmalta\/\">Ven\u00e4j\u00e4n &#8217;hy\u00f6dylliselt\u00e4 idiootilta&#8217; outo avaus: &#8221;Jos Yhdysvallat aloittaa sodan Irania vastaan , kolmas maailmansota n\u00e4ytt\u00e4\u00e4 varmalta&#8221;<\/a><\/p><\/blockquote>\n<p><iframe class=\"wp-embedded-content\" sandbox=\"allow-scripts\" security=\"restricted\" style=\"position: absolute; clip: rect(1px, 1px, 1px, 1px);\" title=\"&#8221;Ven\u00e4j\u00e4n &#8217;hy\u00f6dylliselt\u00e4 idiootilta&#8217; outo avaus: &#8221;Jos Yhdysvallat aloittaa sodan Irania vastaan , kolmas maailmansota n\u00e4ytt\u00e4\u00e4 varmalta&#8221;&#8221; &#8212; \" src=\"https:\/\/www.uutispeili.fi\/index.php\/2024\/10\/16\/venajan-hyodylliselta-idiootilta-outo-avaus-jos-yhdysvallat-aloittaa-sodan-irania-vastaan-kolmas-maailmansota-nayttaa-varmalta\/embed\/#?secret=sMThmUxk8B#?secret=YrhnLYZNop\" data-secret=\"YrhnLYZNop\" width=\"600\" height=\"338\" frameborder=\"0\" marginwidth=\"0\" marginheight=\"0\" scrolling=\"no\"><\/iframe><\/p>\n<p>Mist\u00e4 t\u00e4m\u00e4 ydinsodanhimoinen hehkuttelu? Paljastiko Turner (lokakuussa-24) vahingossa is\u00e4ntiens\u00e4 suunnitelmat? -Jos nyt ei ihan suunnitelmia, niin ainakin (m\u00e4r\u00e4t) unelmat.<\/p>\n<blockquote><p>Vied\u00e4\u00e4nk\u00f6 Trumppia kuin p\u00e4ssi\u00e4 narussa?<\/p><\/blockquote>\n<h2>Iskeek\u00f6 Eurooppa takaisin<\/h2>\n<p>\u201dToivon, ett\u00e4 se (diplomaattinen ratkaisu) on edelleen mahdollista\u201d, Saksan ulkoministeri Wadephul kertoi Saksan yleisradioyhti\u00f6 ARD:lle my\u00f6h\u00e4\u00e4n lauantaina (14.06.).<\/p>\n<blockquote><p>\u201dSaksa on yhdess\u00e4 Ranskan ja Britannian kanssa valmis. Tarjoamme Iranille v\u00e4litt\u00f6mi\u00e4 neuvotteluja ydinohjelmasta, ja toivon, ett\u00e4 (tarjous) hyv\u00e4ksyt\u00e4\u00e4n.\u201d\u00a0 &#8221;<span style=\"font-size: revert; color: initial;\">T\u00e4m\u00e4 on my\u00f6s keskeinen edellytys t\u00e4m\u00e4n konfliktin rauhoittamisen saavuttamiselle, ett\u00e4 Iran ei ole vaaraksi alueelle, Israelin valtiolle tai Euroopalle.\u201d<\/span><\/p><\/blockquote>\n<p>Sunnuntaina Wadephul oli <strong>Oman<\/strong>issa, Yhdysvaltain ja Iranin neuvotteluv\u00e4\u00e4nn\u00f6n is\u00e4nt\u00e4maassa. Ministerin lausunnosta kuultaa painostuksen kohdistaminen kiistaan molempiin osallisiin (Iran, Israel):<\/p>\n<blockquote><p>\u201dYhteisen\u00e4 odotuksena on, ett\u00e4 <strong>ensi viikon aikana<\/strong> molempien osapuolten on ryhdytt\u00e4v\u00e4 vakaviin yrityksiin katkaista v\u00e4kivallan kierre\u201d, Wadephul sanoi.<\/p><\/blockquote>\n<p>Wadephul mainitsi my\u00f6s <strong>Gazan<\/strong> kiistaan, joka sekin jumittaa ratkaisemattomana: Palestiinalaisalueen humanitaarinen tilanne on mahdoton hyv\u00e4ksy\u00e4: Israelin on sallittava avustusj\u00e4rjest\u00f6ille rajoittamattoman p\u00e4\u00e4sy Gazaan.<\/p>\n<p>Iranin ydin-ohjelmaa koskevien keskustelujen palaaminen &#8217;<em>JCPOA-pohjalle<\/em>&#8217; -sit\u00e4h\u00e4n Wadephulin lausunto tarkoittaa- toisi vanhan avauksen p\u00f6yd\u00e4lle uutena. V.2015 sopimus syntyi sill\u00e4 porukalla ja niill\u00e4 parametreilla. -Niin mik\u00e4 ettei?<\/p>\n<h2>\u00bb<em>Das also war des Pudels Kern!<\/em> \u00ab<\/h2>\n<p>Saksan ministerin ehdotuksessa piilee jotakin, -kuten saksalainen sanoisi; &#8221;\u00bb<em>Das also war des Pudels Kern!<\/em> \u00ab (Sitaatti Goethe\/Faust). JCPOA:n sopijavaltiot, -mukana Yhdysvallat- hyv\u00e4ksyiv\u00e4t v.2015 Iranille <em>kaikkeen<\/em> <em>rauhanomaiseen k\u00e4ytt\u00f6\u00f6n riitt\u00e4v\u00e4n<\/em> <strong>3.67%<\/strong>:n rikastusasteen.<\/p>\n<p>Juuri t\u00e4m\u00e4 on Omanin is\u00e4nn\u00f6imien kahdenv\u00e4listen -USA-Iran- keskustelujen t\u00e4m\u00e4n hetken kipupiste: Iran on ilmoittanut &#8211;<strong>Al-Khamenei<\/strong>n (suur-ajatolla, ylin pomo Iranissa) suulla, ett\u00e4 ydinpommia ei tulla koskaan Iranissa rakentamaan. J\u00e4ljell\u00e4 on kiista voimalak\u00e4ytt\u00f6\u00f6n riitt\u00e4v\u00e4n laimean uraanin (3,67%) rikastamisesta.<\/p>\n<p>-Mutta mit\u00e4s nyansseista! -Sukkulat lentelev\u00e4t ja rakennuksia kaatuu.<\/p>\n<p>Pekka Kemppainen<\/p>\n<h2>P.S.<\/h2>\n<p>Elokuussa 2024, juuri ennen Iranin presidentinvaaleija, joissa liberaali Massoud Pezeskian voitti konservatiivien ehdokkaan, Iranilainen talousmies m\u00e4\u00e4ritteli maansa riskit: 1) Ydinpommi-hanke, 2) uskonveljien (=terroristien) tukeminen, ja 3) Trump.<\/p>\n<blockquote class=\"wp-embedded-content\" data-secret=\"T1ZX7HaoXv\"><p><a href=\"https:\/\/www.uutispeili.fi\/index.php\/2024\/08\/27\/iranilaisen-taloustutkijan-nakemys-iranin-taloudesta-trump-vaara-pommi-ja-ystavat\/\">Iranilaisen taloustutkijan n\u00e4kemys Iranin taloudesta: &#8221;Trump-vaara&#8221;, pommi ja &#8217;yst\u00e4v\u00e4t&#8217;<\/a><\/p><\/blockquote>\n<p><iframe class=\"wp-embedded-content\" sandbox=\"allow-scripts\" security=\"restricted\" style=\"position: absolute; clip: rect(1px, 1px, 1px, 1px);\" title=\"&#8221;Iranilaisen taloustutkijan n\u00e4kemys Iranin taloudesta: &#8221;Trump-vaara&#8221;, pommi ja &#8217;yst\u00e4v\u00e4t&#8217;&#8221; &#8212; \" src=\"https:\/\/www.uutispeili.fi\/index.php\/2024\/08\/27\/iranilaisen-taloustutkijan-nakemys-iranin-taloudesta-trump-vaara-pommi-ja-ystavat\/embed\/#?secret=HEEHoXJOkT#?secret=T1ZX7HaoXv\" data-secret=\"T1ZX7HaoXv\" width=\"600\" height=\"338\" frameborder=\"0\" marginwidth=\"0\" marginheight=\"0\" scrolling=\"no\"><\/iframe><\/p>\n<p>Luettavaa:<\/p>\n<ul>\n<li><a href=\"https:\/\/english.alarabiya.net\/News\/world\/2025\/06\/15\/germany-france-uk-offer-iran-talks-over-nuclear-program-berlin\" target=\"_blank\" rel=\"noopener\"><strong>al-Arabiya<\/strong><\/a> 15.06. 2025,<\/li>\n<\/ul>\n<blockquote class=\"wp-embedded-content\" data-secret=\"tiiw2LZRdc\"><p><a href=\"https:\/\/www.uutispeili.fi\/index.php\/2025\/06\/13\/onneksi-edes-valtonen-on-kartalla\/\">Onneksi edes Valtonen on kartalla<\/a><\/p><\/blockquote>\n<p><iframe class=\"wp-embedded-content\" sandbox=\"allow-scripts\" security=\"restricted\" style=\"position: absolute; clip: rect(1px, 1px, 1px, 1px);\" title=\"&#8221;Onneksi edes Valtonen on kartalla&#8221; &#8212; \" src=\"https:\/\/www.uutispeili.fi\/index.php\/2025\/06\/13\/onneksi-edes-valtonen-on-kartalla\/embed\/#?secret=05EDDYVhUs#?secret=tiiw2LZRdc\" data-secret=\"tiiw2LZRdc\" width=\"600\" height=\"338\" frameborder=\"0\" marginwidth=\"0\" marginheight=\"0\" scrolling=\"no\"><\/iframe><\/p>\n<blockquote class=\"wp-embedded-content\" data-secret=\"DS8NNRdQiW\"><p><a href=\"https:\/\/www.uutispeili.fi\/index.php\/2025\/06\/12\/iranin-ja-yhdysvaltain-neuvottelijat-tapaavat-sunnuntaina-omanissa-israel-uhkaa-iskulla\/\">Iranin ja Yhdysvaltain neuvottelijat tapaavat sunnuntaina Omanissa, Israel uhkaa iskulla<\/a><\/p><\/blockquote>\n<p><iframe class=\"wp-embedded-content\" sandbox=\"allow-scripts\" security=\"restricted\" style=\"position: absolute; clip: rect(1px, 1px, 1px, 1px);\" title=\"&#8221;Iranin ja Yhdysvaltain neuvottelijat tapaavat sunnuntaina Omanissa, Israel uhkaa iskulla&#8221; &#8212; \" src=\"https:\/\/www.uutispeili.fi\/index.php\/2025\/06\/12\/iranin-ja-yhdysvaltain-neuvottelijat-tapaavat-sunnuntaina-omanissa-israel-uhkaa-iskulla\/embed\/#?secret=LirBwwFAEN#?secret=DS8NNRdQiW\" data-secret=\"DS8NNRdQiW\" width=\"600\" height=\"338\" frameborder=\"0\" marginwidth=\"0\" marginheight=\"0\" scrolling=\"no\"><\/iframe><\/p>\n<blockquote class=\"wp-embedded-content\" data-secret=\"F7GEfPmTyp\"><p><a href=\"https:\/\/www.uutispeili.fi\/index.php\/2024\/01\/03\/iranilaisen-vallankumous-kenraalin-verkosto-ulottui-suomeen\/\">Iranilaisen vallankumous-kenraalin verkosto ulottui Suomeen<\/a><\/p><\/blockquote>\n<p><iframe class=\"wp-embedded-content\" sandbox=\"allow-scripts\" security=\"restricted\" style=\"position: absolute; clip: rect(1px, 1px, 1px, 1px);\" title=\"&#8221;Iranilaisen vallankumous-kenraalin verkosto ulottui Suomeen&#8221; &#8212; \" src=\"https:\/\/www.uutispeili.fi\/index.php\/2024\/01\/03\/iranilaisen-vallankumous-kenraalin-verkosto-ulottui-suomeen\/embed\/#?secret=x1hVkZ4s9V#?secret=F7GEfPmTyp\" data-secret=\"F7GEfPmTyp\" width=\"600\" height=\"338\" frameborder=\"0\" marginwidth=\"0\" marginheight=\"0\" scrolling=\"no\"><\/iframe><\/p>\n","protected":false},"excerpt":{"rendered":"<p>Vuoden 2015 (edellisen &#8221;Iran nuclear deal:n&#8221; (JCPOA:n) allekirjoittajavaltiot, Saksa, Ranska ja Britannia ovat valmiita k\u00e4ym\u00e4\u00e4n v\u00e4litt\u00f6m\u00e4sti neuvotteluja Iranin kanssa Teheranin ydinohjelmasta. -Onko Eurooppa ottamassa johdon? Aloitteesta kertoi t\u00e4n\u00e4\u00e4n L\u00e4hi-id\u00e4ss\u00e4 vierailukierroksella oleva Saksan ulkoministeri Johann Wadephul. Ministeri sanoi yritt\u00e4v\u00e4ns\u00e4 edist\u00e4\u00e4 Israelin ja Iranin v\u00e4lisen konfliktin rauhoittamista. JCPOA-sopimus tehtiin v.2015 Iranin ja maailman johtavien valtioiden kesken Yhdysvaltain [&hellip;]<\/p>\n","protected":false},"author":3,"featured_media":6933,"comment_status":"open","ping_status":"open","sticky":false,"template":"","format":"standard","meta":{"footnotes":""},"categories":[31,101,112,151,132,134,71,116,148,127],"tags":[],"_links":{"self":[{"href":"https:\/\/www.uutispeili.fi\/index.php\/wp-json\/wp\/v2\/posts\/6930"}],"collection":[{"href":"https:\/\/www.uutispeili.fi\/index.php\/wp-json\/wp\/v2\/posts"}],"about":[{"href":"https:\/\/www.uutispeili.fi\/index.php\/wp-json\/wp\/v2\/types\/post"}],"author":[{"embeddable":true,"href":"https:\/\/www.uutispeili.fi\/index.php\/wp-json\/wp\/v2\/users\/3"}],"replies":[{"embeddable":true,"href":"https:\/\/www.uutispeili.fi\/index.php\/wp-json\/wp\/v2\/comments?post=6930"}],"version-history":[{"count":3,"href":"https:\/\/www.uutispeili.fi\/index.php\/wp-json\/wp\/v2\/posts\/6930\/revisions"}],"predecessor-version":[{"id":6935,"href":"https:\/\/www.uutispeili.fi\/index.php\/wp-json\/wp\/v2\/posts\/6930\/revisions\/6935"}],"wp:featuredmedia":[{"embeddable":true,"href":"https:\/\/www.uutispeili.fi\/index.php\/wp-json\/wp\/v2\/media\/6933"}],"wp:attachment":[{"href":"https:\/\/www.uutispeili.fi\/index.php\/wp-json\/wp\/v2\/media?parent=6930"}],"wp:term":[{"taxonomy":"category","embeddable":true,"href":"https:\/\/www.uutispeili.fi\/index.php\/wp-json\/wp\/v2\/categories?post=6930"},{"taxonomy":"post_tag","embeddable":true,"href":"https:\/\/www.uutispeili.fi\/index.php\/wp-json\/wp\/v2\/tags?post=6930"}],"curies":[{"name":"wp","href":"https:\/\/api.w.org\/{rel}","templated":true}]}}