{"id":6879,"date":"2025-06-12T15:48:28","date_gmt":"2025-06-12T15:48:28","guid":{"rendered":"https:\/\/www.uutispeili.fi\/?p=6879"},"modified":"2025-06-12T15:48:29","modified_gmt":"2025-06-12T15:48:29","slug":"vasemmistoliitto-hallitus-ajaa-lakeja-joiden-tarkoitus-on-lisata-tyottomyytta","status":"publish","type":"post","link":"https:\/\/www.uutispeili.fi\/index.php\/2025\/06\/12\/vasemmistoliitto-hallitus-ajaa-lakeja-joiden-tarkoitus-on-lisata-tyottomyytta\/","title":{"rendered":"Vasemmistoliitto: Hallitus ajaa lakeja, joiden tarkoitus on lis\u00e4t\u00e4 ty\u00f6tt\u00f6myytt\u00e4"},"content":{"rendered":"<p><strong>Onko hallitus koskaan edes tosissaan halunnut laskea ty\u00f6tt\u00f6myytt\u00e4, kysy\u00e4 paukautti edustaja Johannes Yrttiaho?<\/strong><\/p>\n<p>(Kuval\u00e4hde: Eduskunta 12.06. 2025.)<\/p>\n<blockquote><p>P\u00e4\u00e4ministeri <strong>Petteri Orpo<\/strong>: Olemme t\u00e4ysin eri mielt\u00e4 t\u00e4st\u00e4kin asiasta. Me teemme monin tavoin ty\u00f6t\u00e4 jotta ty\u00f6llisyys l\u00e4htisi nousuun.<\/p><\/blockquote>\n<p>Nykyinen ty\u00f6ministeri <strong>Matias Marttinen<\/strong> totesi edelt\u00e4j\u00e4ns\u00e4 <strong>Arto Satosen<\/strong> olevan asian ytimess\u00e4, kun h\u00e4n puolusti hallitusta. Marttisen lausahdus aiheutti salissa todella kovan naurunremakan opposition penkkiriveilt\u00e4, osin katkeran ja osin syv\u00e4lt\u00e4 syd\u00e4mest\u00e4 tulevan ison pyrsk\u00e4hdyksen.<\/p>\n<p><strong>Demareita<\/strong> kiinnosti, ett\u00e4 miten hallitus aikoo vahvistaa ennen muuta nuorten ty\u00f6llistymist\u00e4?<\/p>\n<p>Ty\u00f6ministeri Marttinen vastasi, ett\u00e4 h\u00e4n toivoo, ett\u00e4 yritykset kantaisivat yhteiskuntavastuuta ja todellakin ty\u00f6llist\u00e4isiv\u00e4t nuoria, koska se ensimm\u00e4inen ty\u00f6paikka on niin hirvitt\u00e4v\u00e4n t\u00e4rke\u00e4 kaikille nuorille.<\/p>\n<h2>Pohjois-Amerikasta isoja laivatilauksia<\/h2>\n<p>Juurikin viimeisi\u00e4 hetki\u00e4 elinkeinoministerin\u00e4 luxus-Audin takapenkki\u00e4 kuluttava ja paikkansa <strong>Sakari<\/strong> <strong>Puistolle<\/strong> luovuttava <strong>Wille Rydman<\/strong> kertoi iloisia uutisia telakoilta, joissa on nyt k\u00e4det t\u00e4ynn\u00e4 t\u00f6it\u00e4. Esimerkiksi <strong>Kanadasta<\/strong> on tullut jo j\u00e4\u00e4nmurtajatilauksia, jotka siis ty\u00f6llist\u00e4v\u00e4t vuosiksi. Rydman my\u00f6s lupasi, ett\u00e4 aivan l\u00e4hiaikoina saamme lis\u00e4\u00e4 j\u00e4\u00e4nmurtajatilauksia, ja ne tulevat <strong>Yhdysvalloista<\/strong>.<\/p>\n<h2>NATO-tietoa on toisten mielest\u00e4 saatu, toisten mielest\u00e4 ei<\/h2>\n<p>Kun muut oppositiopuolueet &#8221;itkeskeliv\u00e4t&#8221; sen per\u00e4\u00e4n, ett\u00e4 hallitus ei ole antanut -ainakaan riitt\u00e4v\u00e4sti- tietoa NATOn nousevasta rahoituksesta, niin <strong>Vihre\u00e4t<\/strong> kiitti hallitusta siit\u00e4, ett\u00e4 oppositiopuolueille on tarjottu hyvin tietoa.<\/p>\n<p>Puolustusministeri <strong>Antti H\u00e4kk\u00e4nen<\/strong> muistutti, ett\u00e4 muuten on ollut suhteellisen rauhallista rajoillamme, mutta <strong>Ven\u00e4j\u00e4n<\/strong> aktiviteetit <strong>It\u00e4merell\u00e4<\/strong> ovat olleet koko ajan kasvussa.<\/p>\n<p>Valtiovarainministeri <strong>Riikka Purra<\/strong> kiitteli edustajatovereitaan siit\u00e4, ett\u00e4 kyselytunnilla keskustellaan NATOn kohoavista kustannuksista, jotka ovat miljardeja euroja lis\u00e4\u00e4 nykyisiin puolustusmenoihin verrattuna. T\u00e4st\u00e4 on todellakin syyt\u00e4 yhdess\u00e4 isossa salissa keskustella.<\/p>\n<p>P\u00e4\u00e4ministeri Orpo muistutti, ett\u00e4 on \u00e4\u00e4rimm\u00e4isen t\u00e4rke\u00e4\u00e4, ett\u00e4 Suomalaiset puolueet ovat mahdollisimman yhten\u00e4isesti NATOn tavoitteen &#8211; eli 5 %:a bruttokansantuotteesta puolustukseen &#8211; takana.<\/p>\n<p>Orpo sanoikin hyvin ter\u00e4v\u00e4sti, ett\u00e4 olisi aivan mahdotonta, ett\u00e4 me Ven\u00e4j\u00e4n rajamaana menisimme NATOn kokoukseen sanomaan, ett\u00e4 &#8221;<em>t\u00e4m\u00e4 ei meille k\u00e4y<\/em>&#8221;.<\/p>\n<h2>Maahanmuuttokustannukset selvitet\u00e4\u00e4n<\/h2>\n<p>Valtiovarainministeri Riikka Purra lupasi, ett\u00e4 h\u00e4nen johtamansa valtiovarainministeri\u00f6 tulee selvitt\u00e4m\u00e4\u00e4n maahanmuuton kokonaiskustannukset. Noista kuluista on puhuttu jo 1990-luvulta, mutta yksik\u00e4\u00e4n hallitus ei aiemmin ole niit\u00e4 &#8221;<em>rohjennut<\/em>&#8221; laskea, koska on pel\u00e4nnyt ett\u00e4 ne osoittautuivat v\u00e4hint\u00e4\u00e4n yht\u00e4 suuriksi kuin kansa on arvuutellut.<\/p>\n<p>Nyt budjettikirjassa on l\u00e4hinn\u00e4 vain &#8221;<em>kotouttamiskustannukset<\/em>&#8221;, jotka ovat vain murto-osa maahanmuutosta aiheutuvista kuluista.<\/p>\n<p>Laillistettu tilintarkastaja <strong>Pauli Vahtera<\/strong> Vantaalta selvitti asiaa jo viitisen vuotta sitten, ja p\u00e4\u00e4tyi kolmeen miljardiin euroon. Nyt -tietenkin kun inflaatio tuossa pari vuotta nostatti hintoja niin- kulut eurom\u00e4\u00e4r\u00e4isesti ovat nousseet jo senkin takia, ja ennen muuta <strong>Sanna Marin<\/strong>in hallituksen lev\u00e4per\u00e4isen rahanjaon vuoksi.<\/p>\n<blockquote><p>On perusteltua syyt\u00e4 olettaa, ett\u00e4 kun VVM:n selvitys valmistunee vuoden kuluttua, niin tosiaasialliset maahanmuuton kustannukset ovat 5 000 000 000 ellei jopa enemm\u00e4nkin.<\/p><\/blockquote>\n<p>T\u00e4m\u00e4 tarkoittaa, ett\u00e4 valtion budjetista maahanmuuttoon uppoaa 6-8 %:a, mik\u00e4 taas tarkoittaa sit\u00e4, ett\u00e4 keskiverto palkansaajan p\u00f6rssist\u00e4 l\u00e4htee 200-300 euroa \/kk. Siis t\u00e4m\u00e4n keskituloien perhe menett\u00e4\u00e4 t\u00e4h\u00e4n jokseenkin hy\u00f6dytt\u00f6m\u00e4\u00e4n &#8221;<em>hyvesingnalointiin<\/em>&#8221;.<\/p>\n<p>T\u00e4m\u00e4 taas tarkoittaa vuodessa 5000-7000 euroa. Tuolla summalla kummasti kohentaisi asuntoremonttivaroja, k\u00e4visi lasten kanssa kunnollisella lomalla, tai vaihtaisi auton turvallisempaan yms.<\/p>\n<p>Eduskunnan kev\u00e4tkauden 2025 viimeinen -rennontuntuinen- kyselytunti on ohi. Seuraavan kerran kansanedustajat tenttaavat hallitusta noin kolmen kuukauden kuluttua istuntokauden alkaessa syyskuun alussa.<\/p>\n<p>Seppo Huhta<\/p>\n","protected":false},"excerpt":{"rendered":"<p>Onko hallitus koskaan edes tosissaan halunnut laskea ty\u00f6tt\u00f6myytt\u00e4, kysy\u00e4 paukautti edustaja Johannes Yrttiaho? (Kuval\u00e4hde: Eduskunta 12.06. 2025.) P\u00e4\u00e4ministeri Petteri Orpo: Olemme t\u00e4ysin eri mielt\u00e4 t\u00e4st\u00e4kin asiasta. Me teemme monin tavoin ty\u00f6t\u00e4 jotta ty\u00f6llisyys l\u00e4htisi nousuun. Nykyinen ty\u00f6ministeri Matias Marttinen totesi edelt\u00e4j\u00e4ns\u00e4 Arto Satosen olevan asian ytimess\u00e4, kun h\u00e4n puolusti hallitusta. Marttisen lausahdus aiheutti salissa todella [&hellip;]<\/p>\n","protected":false},"author":5,"featured_media":6880,"comment_status":"open","ping_status":"open","sticky":false,"template":"","format":"standard","meta":{"footnotes":""},"categories":[49],"tags":[],"_links":{"self":[{"href":"https:\/\/www.uutispeili.fi\/index.php\/wp-json\/wp\/v2\/posts\/6879"}],"collection":[{"href":"https:\/\/www.uutispeili.fi\/index.php\/wp-json\/wp\/v2\/posts"}],"about":[{"href":"https:\/\/www.uutispeili.fi\/index.php\/wp-json\/wp\/v2\/types\/post"}],"author":[{"embeddable":true,"href":"https:\/\/www.uutispeili.fi\/index.php\/wp-json\/wp\/v2\/users\/5"}],"replies":[{"embeddable":true,"href":"https:\/\/www.uutispeili.fi\/index.php\/wp-json\/wp\/v2\/comments?post=6879"}],"version-history":[{"count":1,"href":"https:\/\/www.uutispeili.fi\/index.php\/wp-json\/wp\/v2\/posts\/6879\/revisions"}],"predecessor-version":[{"id":6881,"href":"https:\/\/www.uutispeili.fi\/index.php\/wp-json\/wp\/v2\/posts\/6879\/revisions\/6881"}],"wp:featuredmedia":[{"embeddable":true,"href":"https:\/\/www.uutispeili.fi\/index.php\/wp-json\/wp\/v2\/media\/6880"}],"wp:attachment":[{"href":"https:\/\/www.uutispeili.fi\/index.php\/wp-json\/wp\/v2\/media?parent=6879"}],"wp:term":[{"taxonomy":"category","embeddable":true,"href":"https:\/\/www.uutispeili.fi\/index.php\/wp-json\/wp\/v2\/categories?post=6879"},{"taxonomy":"post_tag","embeddable":true,"href":"https:\/\/www.uutispeili.fi\/index.php\/wp-json\/wp\/v2\/tags?post=6879"}],"curies":[{"name":"wp","href":"https:\/\/api.w.org\/{rel}","templated":true}]}}