{"id":6828,"date":"2025-06-10T12:56:40","date_gmt":"2025-06-10T12:56:40","guid":{"rendered":"https:\/\/www.uutispeili.fi\/?p=6828"},"modified":"2025-06-10T12:56:41","modified_gmt":"2025-06-10T12:56:41","slug":"rkp-uhkaa-kaataa-hallituksen-ellei-porosaamelaisten-tahtoa-pilkulleen-noudateta","status":"publish","type":"post","link":"https:\/\/www.uutispeili.fi\/index.php\/2025\/06\/10\/rkp-uhkaa-kaataa-hallituksen-ellei-porosaamelaisten-tahtoa-pilkulleen-noudateta\/","title":{"rendered":"RKP uhkaa kaataa hallituksen, ellei porosaamelaisten tahtoa pilkulleen noudateta"},"content":{"rendered":"<p><strong>RKP ja vihervasemmisto ovat asettumassa rikkaiden poromiesten puolelle.<\/strong><\/p>\n<p>Eduskunta k\u00e4sittelee j\u00e4lleen -jo nelj\u00e4tt\u00e4 kautta per\u00e4kk\u00e4in &#8211; <em><strong>saamelaisk\u00e4r\u00e4j\u00e4lain<\/strong><\/em> uudistusta. Eli kysymys on siit\u00e4 kuka saa \u00e4\u00e4nest\u00e4\u00e4 saamelaisk\u00e4r\u00e4jien vaalissa, -siis kuka on <em>saamelainen<\/em>.<\/p>\n<p>Vastakkain ovat -kansankielell\u00e4 sanottuna- rikkaina pidetyt porosaamelaiset ja k\u00f6yhempin\u00e4 pidetyt mets\u00e4saamelaiset.<\/p>\n<h2>Kieli vai suku<\/h2>\n<blockquote><p>Yksityiskohtaisemmin kysymys on siit\u00e4, ett\u00e4 porosaamelaisia puolustavien -siis porosaamelaisten kannalla olevien- kansanedustajien mielest\u00e4 saamelaisuus m\u00e4\u00e4r\u00e4ytyy kielen perusteella.<\/p><\/blockquote>\n<p>T\u00e4m\u00e4 taas tarkoittaa, ,ett\u00e4 jos \u00e4\u00e4nest\u00e4j\u00e4 itse on, -jompikumpi h\u00e4nen vanhemmistaan tai isovanhemmistaan tai isioisovanhemmistaan- ensimm\u00e4isen\u00e4 kielen\u00e4\u00e4n puhunut saamea, niin h\u00e4n on \u00e4\u00e4nioikeutettu saamelaisk\u00e4r\u00e4j\u00e4vaaleissa. <strong>Vihervasemmisto<\/strong> ja <strong>RKP<\/strong> uskovat, ett\u00e4 porosaamelaiset muodostaisivat n\u00e4in enemmist\u00f6n saamelaisk\u00e4r\u00e4jille.<\/p>\n<p>Toisella kannalla olevat -eli ennen muuta mets\u00e4saamelaisten puolelle asettuneet- kansanedustajat ovat n\u00e4iden kanssa sit\u00e4 mielt\u00e4, ett\u00e4 polveutuminen -eli se kuka on kenenkin j\u00e4lkel\u00e4inen- on keskeinen saamelaisuuden, ja niin muodoin \u00e4\u00e4nioikeuden, peruste.<\/p>\n<p>Ennen muuta RKP:n jopa hallituskysymykseksi nostama kieliperuste tarkoittaisi, ett\u00e4 jos olet nyt keski-ik\u00e4inen, eli noin 50 vuotinen \u00e4\u00e4nioikeutta halajava, niin sinun isoisois\u00e4n on tullut puhua ensimm\u00e4isen\u00e4 kielen\u00e4\u00e4n saamea, eli tuo henkil\u00f6 on syntynyt joskus suurten n\u00e4lk\u00e4vuosien aikaan 1860 luvulla. Siis yli 150 vuotta sitten.<\/p>\n<p>Eli hyvin usein on k\u00e4ynyt niin, ett\u00e4 tuo henkil\u00f6 on kohtalon heittelem\u00e4n\u00e4 voinut ajautua vaikka Helsinkiin, ja siell\u00e4 h\u00e4n ja h\u00e4nen j\u00e4lkel\u00e4isens\u00e4 ovat el\u00e4neet siit\u00e4 pit\u00e4en, mutta kas nyt t\u00e4m\u00e4 viiskymppinen haluaakin yht \u00e4kki\u00e4 alkaa saamelaiseksi, kun kerran h\u00e4nen joku esi-isist\u00e4\u00e4n on taaperona sanonut ensimm\u00e4iseksi sanakseen <em>eadi<\/em> eli \u00e4iti. Sit\u00e4 paitsi t\u00e4m\u00e4n viiskymppisen kaikki sukupolvet h\u00e4nen ja taaperon v\u00e4lill\u00e4 ovat ihan kantasuomalaisia eli meit\u00e4 &#8221;<em>lantalaisia<\/em>&#8221;.<\/p>\n<p>Toiselle puolelle taas sukulaisuus on se olennainen asia, niin kuin <strong>YK<\/strong>:n alaiselle <strong>ILO<\/strong>-j\u00e4rjest\u00f6llekin. Siis ett\u00e4 jossakin on toinen viisikymppien joka on polveutunut isoisois\u00e4st\u00e4\u00e4n, eli h\u00e4n ei kelpaa RKP:lle, vihervasemmistolle, eik\u00e4 porosaamelaiselle, koska h\u00e4net luokitellaan mets\u00e4saamelaiseksi.<\/p>\n<p>Yksi taustatekij\u00e4 <strong>SDP<\/strong>.lle on, ett\u00e4 puolueen nykyinen puoluesihteeri -&#8221;<em>kissantappajana<\/em>&#8221; tunnetuksi tullut inarilainen <strong>Mikkel N\u00e4kk\u00e4l\u00e4j\u00e4rvi<\/strong>&#8211; kuuluu &#8221;<em>yliper\u00e4n<\/em>&#8221; eli pohjoisimman Lapin \u00f6kyrikkaisiin porisaamelaissukuihin. T\u00e4m\u00e4 titenkin selitt\u00e4\u00e4 osin demarien porosaamelaisten suosimisen.<\/p>\n<h2><em>Vain mulla kaikki heti t\u00e4nne!<\/em><\/h2>\n<p>T\u00e4llainen huudahdus porosaamelaisen suusta tulee mieleen helposti. Jos mets\u00e4saamelaiset suurelta osin &#8221;siivottaisiin&#8221; pois saamelaisk\u00e4r\u00e4j\u00e4luettelosta, niin se merkitsi tietenkin sit\u00e4, ett\u00e4 rikkaimpien saamelaisten eli porosaamelaisten ylivalta olisi ehdoton, ja v\u00e4hemmist\u00f6 tungettaisiin oikeudettomina yh\u00e4 syvemm\u00e4lle mets\u00e4\u00e4n.<\/p>\n<blockquote><p>Enemmist\u00f6 haluaa siis kaiken vallan porosaamelaisille, ja demokratiasta suureen \u00e4\u00e4neen huutavat RKP ja vihervasemmisto kannattavat t\u00e4t\u00e4 demokratian vastaista, ja riidan uudelleen saamelaisalueella sytytt\u00e4v\u00e4\u00e4 lakiesityst\u00e4.<\/p><\/blockquote>\n<p>Enemmist\u00f6 eduskunnan <strong>Lapin vaalipiirist\u00e4<\/strong> valituista kansanedustajista ennustaa, ett\u00e4 jos\/kun porosaamelaisten kanta t\u00e4\u00e4ll\u00e4 voittaa, niin vastakkainasettelu j\u00e4lleen nostaa vanhatkin haavat pintaan.<\/p>\n<blockquote><p><strong>Sodankyl\u00e4l\u00e4inen<\/strong> kansanedustaja <strong>Mika Riipi<\/strong> kertoi eduskunnalle, ett\u00e4 &#8221;Voin sanoa varmasti pohjoisessa el\u00e4v\u00e4n\u00e4 sen, ett\u00e4 jos t\u00e4m\u00e4 lakiesitys hyv\u00e4ksyt\u00e4\u00e4n niin ristiriidat kasvavat.&#8221;<\/p><\/blockquote>\n<p>Riipin mukaan t\u00e4m\u00e4 laki tulee my\u00f6s aiheuttamaan lis\u00e4\u00e4 ristiriitoja kuntien v\u00e4lille. Ja uusi laki-l\u00e4pi menness\u00e4\u00e4n- merkitsisi, ett\u00e4 laki antaisi porosaamelaisille t\u00e4yden vallan puhua kaikkien -siis my\u00f6s mets\u00e4saamelaisten- suulla.<\/p>\n<p>Ei tiennyt itke\u00e4k\u00f6 vai nauraako, kun <strong>Vihreiden<\/strong> -t\u00e4m\u00e4 Etiopian lahja Suomelle- edustaja <strong>Bella Forsgren<\/strong> ylisti <strong>Petteri Orpon<\/strong> hallitusta, kun se on tuonut lakiesityksen eduskuntaan, ja kuinka lakiesitys on eritt\u00e4in demokraattinen ja on kaikkien saamelaisten etu. No, keskustelu t\u00e4n\u00e4\u00e4nkin osoitti, ett\u00e4 demokratiaa on vain porosaamelaisilla, ei mets\u00e4saamelaisilla.<\/p>\n<blockquote><p>En muista koskaan ennen kuulleeni moista eduskuntakeskustelua, jossa vasenlaita ja RKP ylip\u00e4\u00e4t\u00e4\u00e4n kukaan olisi asettunut t\u00f6rke\u00e4n syrjinn\u00e4n ja oikeudettomuuden puolelle, ja v\u00e4itt\u00e4nyt sit\u00e4 &#8221;demokraattisuudeksi&#8221;. Siis harvainvaltaa kansanvallaksi.<\/p><\/blockquote>\n<p>Mill\u00e4s todistat, ett\u00e4 sun isoisois\u00e4si puhui saamea ensimm\u00e4isen\u00e4 kielen\u00e4\u00e4n? Et mill\u00e4\u00e4n.<\/p>\n<p>Seppo Huhta<\/p>\n<blockquote class=\"wp-embedded-content\" data-secret=\"SaMbxktRWm\"><p><a href=\"https:\/\/www.uutispeili.fi\/index.php\/2025\/06\/04\/eduskunnan-perustuslakivaliokunnan-mietinto-saamelaiskarajalaista-on-valmistunut\/\">Eduskunnan Perustuslakivaliokunnan mietint\u00f6 saamelaisk\u00e4r\u00e4j\u00e4laista on valmistunut<\/a><\/p><\/blockquote>\n<p><iframe class=\"wp-embedded-content\" sandbox=\"allow-scripts\" security=\"restricted\" style=\"position: absolute; clip: rect(1px, 1px, 1px, 1px);\" title=\"&#8221;Eduskunnan Perustuslakivaliokunnan mietint\u00f6 saamelaisk\u00e4r\u00e4j\u00e4laista on valmistunut&#8221; &#8212; \" src=\"https:\/\/www.uutispeili.fi\/index.php\/2025\/06\/04\/eduskunnan-perustuslakivaliokunnan-mietinto-saamelaiskarajalaista-on-valmistunut\/embed\/#?secret=At7mZAOk6D#?secret=SaMbxktRWm\" data-secret=\"SaMbxktRWm\" width=\"600\" height=\"338\" frameborder=\"0\" marginwidth=\"0\" marginheight=\"0\" scrolling=\"no\"><\/iframe><\/p>\n<blockquote class=\"wp-embedded-content\" data-secret=\"0FfLqYNVRp\"><p><a href=\"https:\/\/www.uutispeili.fi\/index.php\/2025\/03\/05\/tyoelama-ja-tasa-arvovaliokunnan-lausunto-saamelaiskarajalaista-valmistui\/\">Ty\u00f6el\u00e4m\u00e4- ja tasa-arvovaliokunnan lausunto saamelaisk\u00e4r\u00e4j\u00e4laista valmistui<\/a><\/p><\/blockquote>\n<p><iframe class=\"wp-embedded-content\" sandbox=\"allow-scripts\" security=\"restricted\" style=\"position: absolute; clip: rect(1px, 1px, 1px, 1px);\" title=\"&#8221;Ty\u00f6el\u00e4m\u00e4- ja tasa-arvovaliokunnan lausunto saamelaisk\u00e4r\u00e4j\u00e4laista valmistui&#8221; &#8212; \" src=\"https:\/\/www.uutispeili.fi\/index.php\/2025\/03\/05\/tyoelama-ja-tasa-arvovaliokunnan-lausunto-saamelaiskarajalaista-valmistui\/embed\/#?secret=imMXosQLWh#?secret=0FfLqYNVRp\" data-secret=\"0FfLqYNVRp\" width=\"600\" height=\"338\" frameborder=\"0\" marginwidth=\"0\" marginheight=\"0\" scrolling=\"no\"><\/iframe><\/p>\n","protected":false},"excerpt":{"rendered":"<p>RKP ja vihervasemmisto ovat asettumassa rikkaiden poromiesten puolelle. Eduskunta k\u00e4sittelee j\u00e4lleen -jo nelj\u00e4tt\u00e4 kautta per\u00e4kk\u00e4in &#8211; saamelaisk\u00e4r\u00e4j\u00e4lain uudistusta. Eli kysymys on siit\u00e4 kuka saa \u00e4\u00e4nest\u00e4\u00e4 saamelaisk\u00e4r\u00e4jien vaalissa, -siis kuka on saamelainen. Vastakkain ovat -kansankielell\u00e4 sanottuna- rikkaina pidetyt porosaamelaiset ja k\u00f6yhempin\u00e4 pidetyt mets\u00e4saamelaiset. Kieli vai suku Yksityiskohtaisemmin kysymys on siit\u00e4, ett\u00e4 porosaamelaisia puolustavien -siis porosaamelaisten kannalla [&hellip;]<\/p>\n","protected":false},"author":5,"featured_media":5431,"comment_status":"open","ping_status":"open","sticky":false,"template":"","format":"standard","meta":{"footnotes":""},"categories":[49,66,158],"tags":[],"_links":{"self":[{"href":"https:\/\/www.uutispeili.fi\/index.php\/wp-json\/wp\/v2\/posts\/6828"}],"collection":[{"href":"https:\/\/www.uutispeili.fi\/index.php\/wp-json\/wp\/v2\/posts"}],"about":[{"href":"https:\/\/www.uutispeili.fi\/index.php\/wp-json\/wp\/v2\/types\/post"}],"author":[{"embeddable":true,"href":"https:\/\/www.uutispeili.fi\/index.php\/wp-json\/wp\/v2\/users\/5"}],"replies":[{"embeddable":true,"href":"https:\/\/www.uutispeili.fi\/index.php\/wp-json\/wp\/v2\/comments?post=6828"}],"version-history":[{"count":2,"href":"https:\/\/www.uutispeili.fi\/index.php\/wp-json\/wp\/v2\/posts\/6828\/revisions"}],"predecessor-version":[{"id":6831,"href":"https:\/\/www.uutispeili.fi\/index.php\/wp-json\/wp\/v2\/posts\/6828\/revisions\/6831"}],"wp:featuredmedia":[{"embeddable":true,"href":"https:\/\/www.uutispeili.fi\/index.php\/wp-json\/wp\/v2\/media\/5431"}],"wp:attachment":[{"href":"https:\/\/www.uutispeili.fi\/index.php\/wp-json\/wp\/v2\/media?parent=6828"}],"wp:term":[{"taxonomy":"category","embeddable":true,"href":"https:\/\/www.uutispeili.fi\/index.php\/wp-json\/wp\/v2\/categories?post=6828"},{"taxonomy":"post_tag","embeddable":true,"href":"https:\/\/www.uutispeili.fi\/index.php\/wp-json\/wp\/v2\/tags?post=6828"}],"curies":[{"name":"wp","href":"https:\/\/api.w.org\/{rel}","templated":true}]}}