{"id":6782,"date":"2025-06-06T16:01:53","date_gmt":"2025-06-06T16:01:53","guid":{"rendered":"https:\/\/www.uutispeili.fi\/?p=6782"},"modified":"2025-06-06T16:01:53","modified_gmt":"2025-06-06T16:01:53","slug":"eduskunnan-sosiaali-ja-terveysvaliokunta-kannattaa-kokeilua-yli-65-vuotiaat-yksityiselle-julkisen-terveydenhoidon-hinnalla","status":"publish","type":"post","link":"https:\/\/www.uutispeili.fi\/index.php\/2025\/06\/06\/eduskunnan-sosiaali-ja-terveysvaliokunta-kannattaa-kokeilua-yli-65-vuotiaat-yksityiselle-julkisen-terveydenhoidon-hinnalla\/","title":{"rendered":"Eduskunnan sosiaali- ja terveysvaliokunta kannattaa kokeilua: Yli 65-vuotiaat yksityiselle julkisen terveydenhoidon hinnalla"},"content":{"rendered":"<p><strong>Eduskunnan sosiaali- ja terveysvaliokunta sai perjantaina 6.6. valmiiksi mietint\u00f6ns\u00e4 hallituksen esityksest\u00e4, jossa ehdotetaan kokeilua: <em>65 vuotta t\u00e4ytt\u00e4neet<\/em> voisivat k\u00e4yd\u00e4 yksityisess\u00e4 terveydenhuollossa julkisen terveydenhuollon asiakasmaksun hinnalla.<\/strong><\/p>\n<p><strong>Sosiaali- ja terveysvaliokunta<\/strong> kannattaa hallituksen esityksen hyv\u00e4ksymist\u00e4, mutta ehdottaa siihen joitain huomioita ja tarkennuksia.<\/p>\n<p>Valiokunnan mietint\u00f6\u00f6n sis\u00e4ltyy kaksi vastalausetta. Vastalauseen j\u00e4ttiv\u00e4t <strong>sosiaalidemokraattinen<\/strong>, <strong>vihre\u00e4<\/strong> ja <strong>vasemmistoliiton<\/strong> eduskuntaryhm\u00e4 yhdess\u00e4, sek\u00e4 <strong>keskustan<\/strong> eduskuntaryhm\u00e4 omansa.<\/p>\n<h2>65 vuotta t\u00e4ytt\u00e4neet yksityisl\u00e4\u00e4k\u00e4rille julkisen terveydenhuollon asiakasmaksulla<\/h2>\n<blockquote><p><strong>Hallitus<\/strong> esitt\u00e4\u00e4, ett\u00e4 <strong>sairausvakuutuslakia<\/strong> ja <strong>lakia toimeentulotuesta<\/strong> muutettaisiin niin, ett\u00e4 65 vuotta t\u00e4ytt\u00e4neet p\u00e4\u00e4sisiv\u00e4t kolmesti vuodessa yksityiselle yleisl\u00e4\u00e4k\u00e4rille julkisen perusterveydenhuollon asiakasmaksun hinnalla.<\/p><\/blockquote>\n<p>Lis\u00e4ksi lakia muutettaisiin niin, ett\u00e4 <strong>Kela<\/strong> korvaisi osan yleisimm\u00e4t n\u00e4ill\u00e4 l\u00e4\u00e4k\u00e4rik\u00e4ynneill\u00e4 m\u00e4\u00e4r\u00e4tyist\u00e4 tutkimuksista ja hoidoista. Niille vahvistettaisiin enimm\u00e4ishinnat, joista Kela korvaisi 50 prosenttia. Korvauksia maksettaisiin enint\u00e4\u00e4n kolmen m\u00e4\u00e4r\u00e4yksen perusteella vuodessa. N\u00e4iden l\u00e4\u00e4k\u00e4rinpalkkioiden sek\u00e4 tutkimus- ja hoitomaksujen omavastuuosuudet otettaisiin huomioon my\u00f6s toimeentulotukea my\u00f6nnett\u00e4ess\u00e4.<\/p>\n<p>Kyseess\u00e4 on kokeilu, joka alkaisi 1.9.2025 ja p\u00e4\u00e4ttyisi 31.12.2027.<\/p>\n<p>Kokeilun tavoitteena on kehitt\u00e4\u00e4 yksityisen sairaanhoidon Kela-korvattavuutta osana terveydenhuollon palveluj\u00e4rjestelm\u00e4\u00e4, vahvistaa asiakkaiden valinnanvapautta ja perusterveydenhuollon palveluiden saatavuutta sek\u00e4 kevent\u00e4\u00e4 julkiseen terveydenhuoltoon kohdistuvaa kuormitusta.<\/p>\n<p>Sosiaali- ja terveysvaliokunta pit\u00e4\u00e4 hallituksen esityksen tavoitteita perusteltuina ja kannattaa lakiehdotusten hyv\u00e4ksymist\u00e4. Valiokunnan mukaan kokeilu tarjoaa mahdollisuuden kokeilla uudenlaista yksityisen terveydenhuollon korvausmallia ja sen vaikutuksia hoidon saatavuuteen, kustannuksiin ja asiakkaan valinnanvapauteen.<\/p>\n<p>Valiokunta esitt\u00e4\u00e4 kuitenkin joitain huomioita sek\u00e4 kokeilua t\u00e4sment\u00e4vi\u00e4 muutosehdotuksia s\u00e4\u00e4nn\u00f6ksiin. Valiokunta kiinnitt\u00e4\u00e4 huomiota mm. siihen, ett\u00e4 esityksen vaikutusten toteutuminen on ep\u00e4varmaa ja kokeilun piiriin kuuluvat korvaukset voivat kohdistua henkil\u00f6ille, jotka jo valmiiksi k\u00e4ytt\u00e4v\u00e4t yksityist\u00e4 terveydenhuoltoa. Valiokunta pit\u00e4\u00e4kin t\u00e4rke\u00e4n\u00e4, ett\u00e4 kokeilun vaikutuksia seurataan ja arvioidaan ja ett\u00e4 kokeilun rinnalla kehitet\u00e4\u00e4n edelleen koko maan laajuisesti toteutettavaa omal\u00e4\u00e4k\u00e4rimallia.<\/p>\n<p>Asiaa k\u00e4sittelee seuraavaksi eduskunnan t\u00e4ysistunto, joka p\u00e4\u00e4tt\u00e4\u00e4 sosiaali- ja terveysvaliokunnan mietinn\u00f6n pohjalta, hyv\u00e4ksyyk\u00f6 se lakimuutokset.<\/p>\n<p>Luettavaa:<\/p>\n<ul>\n<li><a href=\"https:\/\/www.eduskunta.fi\/FI\/vaski\/Mietinto\/Sivut\/StVM_10+2025.aspx\" target=\"_blank\" rel=\"noopener\">Sosiaali- ja terveysvaliokunnan mietint\u00f6 10\/2025<\/a>.<\/li>\n<\/ul>\n","protected":false},"excerpt":{"rendered":"<p>Eduskunnan sosiaali- ja terveysvaliokunta sai perjantaina 6.6. valmiiksi mietint\u00f6ns\u00e4 hallituksen esityksest\u00e4, jossa ehdotetaan kokeilua: 65 vuotta t\u00e4ytt\u00e4neet voisivat k\u00e4yd\u00e4 yksityisess\u00e4 terveydenhuollossa julkisen terveydenhuollon asiakasmaksun hinnalla. Sosiaali- ja terveysvaliokunta kannattaa hallituksen esityksen hyv\u00e4ksymist\u00e4, mutta ehdottaa siihen joitain huomioita ja tarkennuksia. Valiokunnan mietint\u00f6\u00f6n sis\u00e4ltyy kaksi vastalausetta. Vastalauseen j\u00e4ttiv\u00e4t sosiaalidemokraattinen, vihre\u00e4 ja vasemmistoliiton eduskuntaryhm\u00e4 yhdess\u00e4, sek\u00e4 keskustan eduskuntaryhm\u00e4 [&hellip;]<\/p>\n","protected":false},"author":3,"featured_media":4506,"comment_status":"open","ping_status":"open","sticky":false,"template":"","format":"standard","meta":{"footnotes":""},"categories":[49,9],"tags":[],"_links":{"self":[{"href":"https:\/\/www.uutispeili.fi\/index.php\/wp-json\/wp\/v2\/posts\/6782"}],"collection":[{"href":"https:\/\/www.uutispeili.fi\/index.php\/wp-json\/wp\/v2\/posts"}],"about":[{"href":"https:\/\/www.uutispeili.fi\/index.php\/wp-json\/wp\/v2\/types\/post"}],"author":[{"embeddable":true,"href":"https:\/\/www.uutispeili.fi\/index.php\/wp-json\/wp\/v2\/users\/3"}],"replies":[{"embeddable":true,"href":"https:\/\/www.uutispeili.fi\/index.php\/wp-json\/wp\/v2\/comments?post=6782"}],"version-history":[{"count":1,"href":"https:\/\/www.uutispeili.fi\/index.php\/wp-json\/wp\/v2\/posts\/6782\/revisions"}],"predecessor-version":[{"id":6783,"href":"https:\/\/www.uutispeili.fi\/index.php\/wp-json\/wp\/v2\/posts\/6782\/revisions\/6783"}],"wp:featuredmedia":[{"embeddable":true,"href":"https:\/\/www.uutispeili.fi\/index.php\/wp-json\/wp\/v2\/media\/4506"}],"wp:attachment":[{"href":"https:\/\/www.uutispeili.fi\/index.php\/wp-json\/wp\/v2\/media?parent=6782"}],"wp:term":[{"taxonomy":"category","embeddable":true,"href":"https:\/\/www.uutispeili.fi\/index.php\/wp-json\/wp\/v2\/categories?post=6782"},{"taxonomy":"post_tag","embeddable":true,"href":"https:\/\/www.uutispeili.fi\/index.php\/wp-json\/wp\/v2\/tags?post=6782"}],"curies":[{"name":"wp","href":"https:\/\/api.w.org\/{rel}","templated":true}]}}