{"id":6763,"date":"2025-06-05T18:48:34","date_gmt":"2025-06-05T18:48:34","guid":{"rendered":"https:\/\/www.uutispeili.fi\/?p=6763"},"modified":"2025-06-05T18:48:35","modified_gmt":"2025-06-05T18:48:35","slug":"aluehallintouudistuksessa-rajataan-valitusoikeutta-ympariston-kannalta-ongelmallisesti-sanoo-vihreiden-tiina-elo","status":"publish","type":"post","link":"https:\/\/www.uutispeili.fi\/index.php\/2025\/06\/05\/aluehallintouudistuksessa-rajataan-valitusoikeutta-ympariston-kannalta-ongelmallisesti-sanoo-vihreiden-tiina-elo\/","title":{"rendered":"Aluehallintouudistuksessa rajataan valitusoikeutta ymp\u00e4rist\u00f6n kannalta ongelmallisesti, sanoo Vihreiden Tiina Elo"},"content":{"rendered":"<p><strong>Eduskunnan hallintovaliokunnan vihreiden edustaja Tiina Elo esitti t\u00e4n\u00e4\u00e4n yhdess\u00e4 vasemmistoliiton Anna Kontulan kanssa muutoksia aluehallintouudistusta koskevaan lakiesitykseen ymp\u00e4rist\u00f6perusoikeuksien toteutumisen varmistamiseksi.<\/strong><\/p>\n<p><strong>Eduskunnan <\/strong>hallintovaliokunta hyv\u00e4ksyi torstaina <strong>aluehallintolakia<\/strong> koskevan mietinn\u00f6n. Vihreiden <strong>Tiina<\/strong> <strong>Elo<\/strong> ja <strong>Vasemmistoliiton<\/strong> <strong>Anna Kontula<\/strong> j\u00e4ttiv\u00e4t mietint\u00f6\u00f6n vastalauseen, joka sis\u00e4lt\u00e4\u00e4 muutosehdotuksia valitusoikeuden turvaamiseksi sek\u00e4 lausuman riitt\u00e4vien voimavarojen turvaamiseksi.<\/p>\n<blockquote><p>\u2013 Aluehallintouudistus toteutetaan tilanteessa, jossa valtion hallintoon kohdistuu merkitt\u00e4vi\u00e4 s\u00e4\u00e4st\u00f6toimia. Vaarana on, ett\u00e4 voimavarat eiv\u00e4t riit\u00e4 tehokkaaseen valvontaan, yleisen edun turvaamiseen ja palveluiden saatavuuden varmistamiseen, Elo huomauttaa.<\/p><\/blockquote>\n<p>Aluehallintouudistuksessa <strong>Elinkeino-, liikenne- ja ymp\u00e4rist\u00f6keskusten<\/strong> (ELY-keskusten) ymp\u00e4rist\u00f6 ja luonnonvarat -vastuualueelle kuuluvat teht\u00e4v\u00e4t siirret\u00e4\u00e4n uuteen perustettavaan valtakunnalliseen <strong>Lupa-<\/strong> <strong>ja valvontavirastoon<\/strong> (LVV). Tarkoitus on vahvistaa yhdenmukaista lupa- ja valvontak\u00e4yt\u00e4nt\u00f6\u00e4 ja mahdollistaa hallituksen valmistelema yhden luukun malli ymp\u00e4rist\u00f6asioissa.<\/p>\n<h3>Luvituksen sujuvoittamisessa on varmistettava<\/h3>\n<p>\u2013 Esitys ja sen tavoitteet ovat sin\u00e4ns\u00e4 kannatettavia. Luvituksen sujuvoittamisessa on kuitenkin varmistettava, ett\u00e4 se ei johda ymp\u00e4rist\u00f6nsuojelun tason heikentymiseen. Nyt n\u00e4in uhkaa k\u00e4yd\u00e4, kun hallitus on rajaamassa viranomaisen oikeutta valittaa p\u00e4\u00e4t\u00f6ksist\u00e4, Elo kertoo.<\/p>\n<p>\u2013 Nykyisin yleisen edun valvonta ja siihen kuuluva valitusoikeus on ELY-keskuksilla, ja ne ovat k\u00e4ytt\u00e4neet valitusoikeutta hyvin harkiten ja perustellusti. Ymp\u00e4rist\u00f6n edun turvaamiseksi ymp\u00e4rist\u00f6asioissa valitusoikeutta ei tulisi kaventaa nykyisest\u00e4. Siksi riippumaton yleisen edun valvonnan yksikk\u00f6 on ja sille kuuluva rajaamaton valitusoikeus on ymp\u00e4rist\u00f6nsuojelun hyv\u00e4n tason varmistamisen kannalta t\u00e4ss\u00e4 uudistuksessa v\u00e4ltt\u00e4m\u00e4t\u00f6n, Elo perustelee. <img loading=\"lazy\" decoding=\"async\" class=\"alignnone size-full wp-image-144\" src=\"https:\/\/www.uutispeili.fi\/wp-content\/uploads\/2023\/11\/di.gold_.gif\" alt=\"\" width=\"11\" height=\"11\" \/><\/p>\n<p>(Uutispeili ei ole muokannut artikkelin sis\u00e4lt\u00f6\u00e4.)<\/p>\n","protected":false},"excerpt":{"rendered":"<p>Eduskunnan hallintovaliokunnan vihreiden edustaja Tiina Elo esitti t\u00e4n\u00e4\u00e4n yhdess\u00e4 vasemmistoliiton Anna Kontulan kanssa muutoksia aluehallintouudistusta koskevaan lakiesitykseen ymp\u00e4rist\u00f6perusoikeuksien toteutumisen varmistamiseksi. Eduskunnan hallintovaliokunta hyv\u00e4ksyi torstaina aluehallintolakia koskevan mietinn\u00f6n. Vihreiden Tiina Elo ja Vasemmistoliiton Anna Kontula j\u00e4ttiv\u00e4t mietint\u00f6\u00f6n vastalauseen, joka sis\u00e4lt\u00e4\u00e4 muutosehdotuksia valitusoikeuden turvaamiseksi sek\u00e4 lausuman riitt\u00e4vien voimavarojen turvaamiseksi. \u2013 Aluehallintouudistus toteutetaan tilanteessa, jossa valtion hallintoon kohdistuu [&hellip;]<\/p>\n","protected":false},"author":3,"featured_media":1929,"comment_status":"open","ping_status":"open","sticky":false,"template":"","format":"standard","meta":{"footnotes":""},"categories":[49],"tags":[],"_links":{"self":[{"href":"https:\/\/www.uutispeili.fi\/index.php\/wp-json\/wp\/v2\/posts\/6763"}],"collection":[{"href":"https:\/\/www.uutispeili.fi\/index.php\/wp-json\/wp\/v2\/posts"}],"about":[{"href":"https:\/\/www.uutispeili.fi\/index.php\/wp-json\/wp\/v2\/types\/post"}],"author":[{"embeddable":true,"href":"https:\/\/www.uutispeili.fi\/index.php\/wp-json\/wp\/v2\/users\/3"}],"replies":[{"embeddable":true,"href":"https:\/\/www.uutispeili.fi\/index.php\/wp-json\/wp\/v2\/comments?post=6763"}],"version-history":[{"count":1,"href":"https:\/\/www.uutispeili.fi\/index.php\/wp-json\/wp\/v2\/posts\/6763\/revisions"}],"predecessor-version":[{"id":6764,"href":"https:\/\/www.uutispeili.fi\/index.php\/wp-json\/wp\/v2\/posts\/6763\/revisions\/6764"}],"wp:featuredmedia":[{"embeddable":true,"href":"https:\/\/www.uutispeili.fi\/index.php\/wp-json\/wp\/v2\/media\/1929"}],"wp:attachment":[{"href":"https:\/\/www.uutispeili.fi\/index.php\/wp-json\/wp\/v2\/media?parent=6763"}],"wp:term":[{"taxonomy":"category","embeddable":true,"href":"https:\/\/www.uutispeili.fi\/index.php\/wp-json\/wp\/v2\/categories?post=6763"},{"taxonomy":"post_tag","embeddable":true,"href":"https:\/\/www.uutispeili.fi\/index.php\/wp-json\/wp\/v2\/tags?post=6763"}],"curies":[{"name":"wp","href":"https:\/\/api.w.org\/{rel}","templated":true}]}}