{"id":6754,"date":"2025-06-05T14:42:28","date_gmt":"2025-06-05T14:42:28","guid":{"rendered":"https:\/\/www.uutispeili.fi\/?p=6754"},"modified":"2025-06-05T14:42:28","modified_gmt":"2025-06-05T14:42:28","slug":"sairaiden-hoitoonpaasy-on-hidastunut-puoleen-vuoden-takaisesta","status":"publish","type":"post","link":"https:\/\/www.uutispeili.fi\/index.php\/2025\/06\/05\/sairaiden-hoitoonpaasy-on-hidastunut-puoleen-vuoden-takaisesta\/","title":{"rendered":"Sairaiden hoitoonp\u00e4\u00e4sy on hidastunut puoleen vuoden-takaisesta"},"content":{"rendered":"<p><strong>T\u00e4m\u00e4kin k\u00e4vi ilmi eduskunnan kyselytunnilla t\u00e4n\u00e4\u00e4n, kun sosiaalidemokraatit v\u00e4ittiv\u00e4t, ett\u00e4 hallituksen hoitotakuuvaroista leikattiin hallituksen toimesta 126 miljoonaa euroa.<\/strong><\/p>\n<p>(Arkistokuva, kuval\u00e4hde: Eduskunta.)<\/p>\n<p>Sosiaaliministeri <strong>Kaisa Juuso<\/strong> vastasi, ett\u00e4 oli pakko, koska edellinen <em>hoitotakuuaika<\/em> -eli kaksi viikkoa- merkitsisi sit\u00e4, ett\u00e4 jouduttiin tilanteeseen jossa <strong>hyvinvointialueet<\/strong> joutuivat ostamaan eritt\u00e4in kalliita vuokral\u00e4\u00e4k\u00e4ripalveluita, ja t\u00e4m\u00e4 oli omiaan viem\u00e4\u00e4n viel\u00e4 enemm\u00e4n varoja kuin aikaisemmin.<\/p>\n<p><strong>SDP<\/strong> vaati kahden viikon hoitotakuun palauttamista.<\/p>\n<p>P\u00e4\u00e4ministeri <strong>Petteri Orpo<\/strong> vastasi, ett\u00e4 n\u00e4in ei tulla tekem\u00e4\u00e4n, koska jouduttaisiin uudelleen &#8221;<em>vuokral\u00e4\u00e4k\u00e4rikierteeseen<\/em>&#8221;. Orpo lupaili, ett\u00e4 kunhan saadaan &#8221;<em>omal\u00e4\u00e4k\u00e4rimalli<\/em>&#8221; toimimaan, niin sitten asiat paranevat, mutta nyt tilanne on viel\u00e4 v\u00e4h\u00e4n aikaa se, ett\u00e4 henkil\u00f6kunnasta on pulaa ja omal\u00e4\u00e4k\u00e4rimalli on viel\u00e4 vaiheessa.<\/p>\n<h2>Olivatko alue- ja kuntavaalit sittenkin \u00e4\u00e4nestys hallituksen politiikasta<\/h2>\n<p>N\u00e4in asiaa tulkitsi <strong>Keskustan<\/strong> kansanedustaja <strong>Hanna-Leena Mattila<\/strong>. H\u00e4n sanoi, ett\u00e4 ne puolueet menesryiv\u00e4t, jotka vastustivat hallituksen <em>terveyspalvelujen heikent\u00e4v\u00e4\u00e4 politiikkaa<\/em>. Ja tottahan Mattila puhui, eli vaalien voittajia olivat ennen muuta SDP ja Keskusta, ja selk\u00e4\u00e4ns\u00e4 sai PS.<\/p>\n<p>T\u00e4h\u00e4n hallituksen tappioon hallitus on reagoinut mm. niin, ett\u00e4 yli 65 vuotiaat p\u00e4\u00e4sev\u00e4t poikkeusmenettelyyn, jolla n\u00e4m\u00e4 ihmiset saavat terveyskeskusmaksun hintaisen -eli noin 28 euroa- maksavan k\u00e4ynnin yksityisell\u00e4. T\u00e4ll\u00e4 kokeilulla perusturvaministeri <strong>Sanni Grahn-Laasonen<\/strong> kertoi hallituksen luottavan siihen, ett\u00e4 n\u00e4in saadaan hoitoon p\u00e4\u00e4sy\u00e4 nopeutettua. Kokeilu p\u00e4\u00e4ttyy -31.12.2027.<\/p>\n<p>Omituista oli, ett\u00e4 kun keskustelussa Kokoomuksen <strong>Mia Laiho<\/strong> -eduskunnan sosiaali- ja terveysvaliokunnnan varapuheenjohtaja- arvosteli oppositiota siit\u00e4, ett\u00e4 n\u00e4m\u00e4 viel\u00e4 eilen keskiviikkona tuomitsivat hallituksen velkaantumisen ja rahojen kylv\u00e4misen ymp\u00e4riins\u00e4, niin samat edustajat ovat ovat t\u00e4\u00e4ll\u00e4 ei niin kauan sitten vaatineet huomattavasti lis\u00e4\u00e4 rahaa k\u00e4ytett\u00e4v\u00e4ksi <em>maassa laittomasti oleskelevien<\/em> terveydenhoitoon. N\u00e4m\u00e4 paperittomat saavat jo nyt apua akuutteihin vaivoihin, ja v\u00e4h\u00e4n lievenpiinkin.<\/p>\n<blockquote><p>No, Herra varjele mik\u00e4 meteli nousikaan <strong>Vihreiden<\/strong> ja <strong>Vasemmistoliiton<\/strong> edustajien penkkiriveilt\u00e4, ja huusivat siin\u00e4 demaritkin. Mit\u00e4 huusivat, niin siit\u00e4 ei oikein saanut selv\u00e4\u00e4, mutta Laihon sanomisia vastustivat.<\/p><\/blockquote>\n<p>On aika outoa, ett\u00e4 suomalaisten puolesta ei moista yht&#8217;\u00e4kkist\u00e4 huutokonserttia ole kuultu, mutta ulkomaalaisten rikollisten -siis maassa laittomasti olevien puolesta- \u00e4\u00e4nt\u00e4 kyll\u00e4 l\u00e4hti.<\/p>\n<h2>Euroopan neuvosto on t\u00e4n\u00e4\u00e4n p\u00e4\u00e4tt\u00e4nyt tarpeellisuudesta<\/h2>\n<p>Suomen eduskunnan Vihre\u00e4t niin kuin muunkin Euroopan tietenkin vastustivat sit\u00e4. Meill\u00e4 on yli 300 -jopa 400 sutta- jotka ovat k\u00e4yneet yh\u00e4 &#8221;<em>tuttavallisemmiksi<\/em>&#8221;, eli tulevat yh\u00e4 useammin asutuksen piiriin ja tappavat esimerkiksi lampaita. Susien lis\u00e4ksi yh\u00e4 lis\u00e4\u00e4ntyv\u00e4t <em>koirasudet<\/em> ovat uusi uhka, koska ne pelk\u00e4\u00e4v\u00e4t ihmisi\u00e4 viel\u00e4 v\u00e4hemm\u00e4n kuin sudet. Vihreiden edustajan <strong>Jenni Pitko<\/strong>n mielest\u00e4 hallituksen ja Keskustan sek\u00e4 sosialidemokraattien ajama &#8221;<em>kannanhoidollinen mets\u00e4stys<\/em>&#8221; tuhoaisi sudet Suomesta.<\/p>\n<p>Hillityst\u00e4 hihittelyst\u00e4 p\u00e4\u00e4tellen Pitkon ennustuksiin ei uskoneet muut kuin Vihre\u00e4t.<\/p>\n<p>Tunnelma oli kohtalaisen kirpe\u00e4, -ei ole kes\u00e4 viel\u00e4 eduskuntasalissa.<\/p>\n<p>Kyselytunti &#8221;<em>meni yli<\/em>&#8221;, koska puhemiesvuorossa ollut ensimm\u00e4inen varapuhemies <strong>Paula Risikko<\/strong> oli lempe\u00e4 ja antoi kello 17 j\u00e4lkeen viel\u00e4 kolme puheenvuoroa.<\/p>\n<p>Mutta, kun edustajat olettivat ett\u00e4 <em>TV-l\u00e4hetys<\/em> oli loppu, niin puolet edustajista l\u00e4hti salista, ja liki kaikki opposition edustajat.<\/p>\n<p>Kyselytunti loppui t\u00e4n\u00e4\u00e4n klo. 17.06<\/p>\n<p>Seppo Huhta<\/p>\n","protected":false},"excerpt":{"rendered":"<p>T\u00e4m\u00e4kin k\u00e4vi ilmi eduskunnan kyselytunnilla t\u00e4n\u00e4\u00e4n, kun sosiaalidemokraatit v\u00e4ittiv\u00e4t, ett\u00e4 hallituksen hoitotakuuvaroista leikattiin hallituksen toimesta 126 miljoonaa euroa. (Arkistokuva, kuval\u00e4hde: Eduskunta.) Sosiaaliministeri Kaisa Juuso vastasi, ett\u00e4 oli pakko, koska edellinen hoitotakuuaika -eli kaksi viikkoa- merkitsisi sit\u00e4, ett\u00e4 jouduttiin tilanteeseen jossa hyvinvointialueet joutuivat ostamaan eritt\u00e4in kalliita vuokral\u00e4\u00e4k\u00e4ripalveluita, ja t\u00e4m\u00e4 oli omiaan viem\u00e4\u00e4n viel\u00e4 enemm\u00e4n varoja kuin [&hellip;]<\/p>\n","protected":false},"author":5,"featured_media":3799,"comment_status":"open","ping_status":"open","sticky":false,"template":"","format":"standard","meta":{"footnotes":""},"categories":[49],"tags":[],"_links":{"self":[{"href":"https:\/\/www.uutispeili.fi\/index.php\/wp-json\/wp\/v2\/posts\/6754"}],"collection":[{"href":"https:\/\/www.uutispeili.fi\/index.php\/wp-json\/wp\/v2\/posts"}],"about":[{"href":"https:\/\/www.uutispeili.fi\/index.php\/wp-json\/wp\/v2\/types\/post"}],"author":[{"embeddable":true,"href":"https:\/\/www.uutispeili.fi\/index.php\/wp-json\/wp\/v2\/users\/5"}],"replies":[{"embeddable":true,"href":"https:\/\/www.uutispeili.fi\/index.php\/wp-json\/wp\/v2\/comments?post=6754"}],"version-history":[{"count":1,"href":"https:\/\/www.uutispeili.fi\/index.php\/wp-json\/wp\/v2\/posts\/6754\/revisions"}],"predecessor-version":[{"id":6755,"href":"https:\/\/www.uutispeili.fi\/index.php\/wp-json\/wp\/v2\/posts\/6754\/revisions\/6755"}],"wp:featuredmedia":[{"embeddable":true,"href":"https:\/\/www.uutispeili.fi\/index.php\/wp-json\/wp\/v2\/media\/3799"}],"wp:attachment":[{"href":"https:\/\/www.uutispeili.fi\/index.php\/wp-json\/wp\/v2\/media?parent=6754"}],"wp:term":[{"taxonomy":"category","embeddable":true,"href":"https:\/\/www.uutispeili.fi\/index.php\/wp-json\/wp\/v2\/categories?post=6754"},{"taxonomy":"post_tag","embeddable":true,"href":"https:\/\/www.uutispeili.fi\/index.php\/wp-json\/wp\/v2\/tags?post=6754"}],"curies":[{"name":"wp","href":"https:\/\/api.w.org\/{rel}","templated":true}]}}