{"id":672,"date":"2023-12-27T20:30:15","date_gmt":"2023-12-27T20:30:15","guid":{"rendered":"https:\/\/www.uutispeili.fi\/?p=672"},"modified":"2023-12-27T22:09:35","modified_gmt":"2023-12-27T22:09:35","slug":"miten-sorretut-ja-kiusatut-hankkivat-maailman-myotatunnon-lesson-one-gaza-video","status":"publish","type":"post","link":"https:\/\/www.uutispeili.fi\/index.php\/2023\/12\/27\/miten-sorretut-ja-kiusatut-hankkivat-maailman-myotatunnon-lesson-one-gaza-video\/","title":{"rendered":"Miten sorretut ja kiusatut hankkivat maailman my\u00f6t\u00e4tunnon. Lesson One: Gaza (VIDEO)"},"content":{"rendered":"<p><strong>T\u00e4m\u00e4 menetelm\u00e4 vaikuttaa absurdilta, mutta ilmeisesti se toimii? Terroristij\u00e4rjest\u00f6 Hamasin hy\u00f6k\u00e4tty\u00e4 Israeliin 7. lokakuuta, maailma tyrmistyi siviileihin kohdistuneista raakuuksista, -ja vaikeni. Israelin reagoitua, herkk\u00e4hipi\u00e4isyys julmuuksia kohtaan puhkesi kukkimaan.<\/strong><\/p>\n<p><strong>Israelin<\/strong> vastattua v\u00e4kivaltaan, ja jatkuvaan ohjuspommitukseen <strong>Gazan<\/strong> kaistalta israelilaisiin asutuskeskuksiin, n\u00e4imme siiviilien k\u00e4rsiv\u00e4n, -t\u00e4ll\u00e4 kertaa Gazassa. Maailman omatunto her\u00e4si: <strong>Yhdysvallat<\/strong>, <strong>Euroopan Unioni<\/strong>, <strong>YK<\/strong> ja muutkin kuin arabimaat vetosivat Israeliin Gazan siviiliasukkaiden s\u00e4\u00e4st\u00e4miseksi, -ja aiheesta, -se on sanottava.<\/p>\n<p>T\u00e4n\u00e4\u00e4n jouluaan viett\u00e4v\u00e4n Yhdysvaltojen liberaalein osavaltio, <strong>Kalifornia<\/strong>, sai maistaa ihmisoikeuksien puolustamista. Tulitaukoa tms. vaativat mielenosoittajat tukkivat Los Angelesin lentoasemalle johtavan tien, pitiv\u00e4t \u00e4l\u00e4m\u00f6l\u00f6\u00e4, -ja hankkivat ymm\u00e4rryst\u00e4 gazalaisten h\u00e4d\u00e4lle. Video alempana kertoo, millainen oli meininki.<\/p>\n<blockquote class=\"twitter-tweet\" data-width=\"550\" data-dnt=\"true\">\n<p lang=\"en\" dir=\"ltr\">And now at LAX: Helicopters and a large LAPD response at the entrances of LAX for a pro-Hamas protest.<\/p>\n<p>Road crews are working to get things cleaned up and re-opened. LAPD has arrested some extremists <a href=\"https:\/\/t.co\/VtV1yNhPQO\">pic.twitter.com\/VtV1yNhPQO<\/a><\/p>\n<p>&mdash; Emily Schrader &#8211; \u05d0\u05de\u05d9\u05dc\u05d9 \u05e9\u05e8\u05d9\u05d9\u05d3\u05e8 \u0627\u0645\u06cc\u0644\u06cc \u0634\u0631\u06cc\u062f\u0631 (@emilykschrader) <a href=\"https:\/\/twitter.com\/emilykschrader\/status\/1740083612362690648?ref_src=twsrc%5Etfw\">December 27, 2023<\/a><\/p><\/blockquote>\n<p><script async src=\"https:\/\/platform.twitter.com\/widgets.js\" charset=\"utf-8\"><\/script><\/p>\n<p>Yksityishenkil\u00f6 <a href=\"https:\/\/twitter.com\/VividProwess\/status\/1740052037080056228\" target=\"_blank\" rel=\"noopener\">twiittaa<\/a> kauhuissaan Hamas-terroristien itsens\u00e4 jakamasta videosta, jossa kuolettavasti -terroristien k\u00e4siss\u00e4- haavoittunutta <strong>Shani Louk<\/strong>ia kuljetetaan n\u00e4ytill\u00e4 ja gazalaisten raivon kohteena. Videolla innokkaat gazalaiset tungeksivat <em>sylkem\u00e4\u00e4n<\/em> ja ly\u00f6m\u00e4\u00e4n astaloilla osittain riisuttua avutonta panttivankia. Shani Louk siepattiin <strong>Negev<\/strong>iss\u00e4, l\u00e4hell\u00e4 Gazan kaistan rajaa, pidetyst\u00e4 ulkoilma-musiikkitilaisuudesta, jonka j\u00e4rjest\u00e4jien esitt\u00e4m\u00e4 teema kokoontumisen motiiviksi oli <em>rauhaa ja rakkautta<\/em>..<\/p>\n<blockquote class=\"twitter-tweet\" data-width=\"550\" data-dnt=\"true\">\n<p lang=\"en\" dir=\"ltr\">Never forget what happened on Oct 7th. <\/p>\n<p>Thousands of Palestinian civilians lined the streets of Gaza to spit on the body of German-Israeli woman Shani Louk. <\/p>\n<p>Civilians hit her body with wooden planks, punched and slapped her naked body.<\/p>\n<p> <a href=\"https:\/\/t.co\/HXDwGpiccc\">pic.twitter.com\/HXDwGpiccc<\/a><\/p>\n<p>&mdash; Vivid.\ud83c\uddee\ud83c\uddf1 (@VividProwess) <a href=\"https:\/\/twitter.com\/VividProwess\/status\/1740052037080056228?ref_src=twsrc%5Etfw\">December 27, 2023<\/a><\/p><\/blockquote>\n<p><script async src=\"https:\/\/platform.twitter.com\/widgets.js\" charset=\"utf-8\"><\/script><\/p>\n<blockquote><p><em>\u00c4l\u00e4 koskaan unohda mit\u00e4 tapahtui lokakuun 7. p\u00e4iv\u00e4n\u00e4. Tuhannet palestiinalaiset siviilit tungeksivat Gazan kaduilla sylke\u00e4kseen saksalais-israelilaisen naisen Shani Loukin ruumista. Siviilit l\u00f6iv\u00e4t h\u00e4nen ruumistaan puisilla lankuilla, l\u00f6iv\u00e4t ja l\u00f6iv\u00e4t h\u00e4nen alastonta vartaloaan.<\/em><\/p><\/blockquote>\n<p>Nyt kun tied\u00e4mme, miten maailman my\u00f6t\u00e4tuntoa ker\u00e4t\u00e4\u00e4n, voimme vain toivoa, ettei gazalaisten esimerkki\u00e4 seuraa kovin moni muu. Onhan maailmalla sorrettuja ihan riitt\u00e4v\u00e4sti, -ja joka junaan. <img loading=\"lazy\" decoding=\"async\" class=\"alignnone size-full wp-image-144\" src=\"https:\/\/www.uutispeili.fi\/wp-content\/uploads\/2023\/11\/di.gold_.gif\" alt=\"\" width=\"11\" height=\"11\" \/><\/p>\n<p>Luettavaa:<\/p>\n<ul>\n<li><a href=\"https:\/\/www.latimes.com\/california\/story\/2023-12-27\/gaza-protesters-block-traffic-near-lax\" target=\"_blank\" rel=\"noopener\">Los Angeles Times<\/a> 27.12. 2023,<\/li>\n<\/ul>\n<h3>Pro-Hamas -protestoijat tukkivat LA:n lentokent\u00e4n tieyhteyden 27.12.<\/h3>\n<p><iframe loading=\"lazy\" title=\"Protest blocks main entrance to LAX Airport\" src=\"https:\/\/www.youtube.com\/embed\/Jzy4DGKQXys\" width=\"899\" height=\"480\" frameborder=\"0\" allowfullscreen=\"allowfullscreen\"><\/iframe><\/p>\n<blockquote class=\"wp-embedded-content\" data-secret=\"HM2oB1FS0t\"><p><a href=\"https:\/\/www.uutispeili.fi\/index.php\/2023\/12\/19\/532\/\">&#8217;Viimeiseen gazalaiseen!&#8217; -Vaiko rauhaan?<\/a><\/p><\/blockquote>\n<p><iframe class=\"wp-embedded-content\" sandbox=\"allow-scripts\" security=\"restricted\" style=\"position: absolute; clip: rect(1px, 1px, 1px, 1px);\" title=\"&#8221;&#8217;Viimeiseen gazalaiseen!&#8217; -Vaiko rauhaan?&#8221; &#8212; \" src=\"https:\/\/www.uutispeili.fi\/index.php\/2023\/12\/19\/532\/embed\/#?secret=sumBAffy2p#?secret=HM2oB1FS0t\" data-secret=\"HM2oB1FS0t\" width=\"600\" height=\"338\" frameborder=\"0\" marginwidth=\"0\" marginheight=\"0\" scrolling=\"no\"><\/iframe><\/p>\n<blockquote class=\"wp-embedded-content\" data-secret=\"GLjFrexL0l\"><p><a href=\"https:\/\/www.uutispeili.fi\/index.php\/2023\/12\/17\/gazan-puolustajat-tukkivat-liikennetta-berliinissa\/\">Gazan &#8221;puolustajat&#8221; tukkivat liikennett\u00e4 Berliiniss\u00e4<\/a><\/p><\/blockquote>\n<p><iframe class=\"wp-embedded-content\" sandbox=\"allow-scripts\" security=\"restricted\" style=\"position: absolute; clip: rect(1px, 1px, 1px, 1px);\" title=\"&#8221;Gazan &#8221;puolustajat&#8221; tukkivat liikennett\u00e4 Berliiniss\u00e4&#8221; &#8212; \" src=\"https:\/\/www.uutispeili.fi\/index.php\/2023\/12\/17\/gazan-puolustajat-tukkivat-liikennetta-berliinissa\/embed\/#?secret=8c3omtEhbm#?secret=GLjFrexL0l\" data-secret=\"GLjFrexL0l\" width=\"600\" height=\"338\" frameborder=\"0\" marginwidth=\"0\" marginheight=\"0\" scrolling=\"no\"><\/iframe><\/p>\n<blockquote class=\"wp-embedded-content\" data-secret=\"0U8Tbj8zUs\"><p><a href=\"https:\/\/www.uutispeili.fi\/index.php\/2023\/12\/17\/pysyva-ja-kiireellinen-tulitauko-gazaan-britannia-ja-saksa-reagoivat-siviilitappioihin\/\">&#8221;Pysyv\u00e4 ja kiireellinen tulitauko Gazaan!&#8221; Britannia ja Saksa reagoivat siviilitappioihin<\/a><\/p><\/blockquote>\n<p><iframe class=\"wp-embedded-content\" sandbox=\"allow-scripts\" security=\"restricted\" style=\"position: absolute; clip: rect(1px, 1px, 1px, 1px);\" title=\"&#8221;&#8221;Pysyv\u00e4 ja kiireellinen tulitauko Gazaan!&#8221; Britannia ja Saksa reagoivat siviilitappioihin&#8221; &#8212; \" src=\"https:\/\/www.uutispeili.fi\/index.php\/2023\/12\/17\/pysyva-ja-kiireellinen-tulitauko-gazaan-britannia-ja-saksa-reagoivat-siviilitappioihin\/embed\/#?secret=Tk4TECiW3R#?secret=0U8Tbj8zUs\" data-secret=\"0U8Tbj8zUs\" width=\"600\" height=\"338\" frameborder=\"0\" marginwidth=\"0\" marginheight=\"0\" scrolling=\"no\"><\/iframe><\/p>\n<blockquote class=\"wp-embedded-content\" data-secret=\"fgSVJmojRr\"><p><a href=\"https:\/\/www.uutispeili.fi\/index.php\/2023\/12\/14\/hamas-aikoi-iskea-juutalaisiin-euroopassa\/\">Berliiniss\u00e4 pid\u00e4tettiin Hamas-terroristeja, ja yliopisto sulki luentotilaisuuden juutalais-opiskelijoilta<\/a><\/p><\/blockquote>\n<p><iframe class=\"wp-embedded-content\" sandbox=\"allow-scripts\" security=\"restricted\" style=\"position: absolute; clip: rect(1px, 1px, 1px, 1px);\" title=\"&#8221;Berliiniss\u00e4 pid\u00e4tettiin Hamas-terroristeja, ja yliopisto sulki luentotilaisuuden juutalais-opiskelijoilta&#8221; &#8212; \" src=\"https:\/\/www.uutispeili.fi\/index.php\/2023\/12\/14\/hamas-aikoi-iskea-juutalaisiin-euroopassa\/embed\/#?secret=2gyvwLVR6W#?secret=fgSVJmojRr\" data-secret=\"fgSVJmojRr\" width=\"600\" height=\"338\" frameborder=\"0\" marginwidth=\"0\" marginheight=\"0\" scrolling=\"no\"><\/iframe><\/p>\n<blockquote class=\"wp-embedded-content\" data-secret=\"ChxacqS070\"><p><a href=\"https:\/\/www.uutispeili.fi\/index.php\/2023\/12\/01\/lokakuun-7-paivan-veriloyly-toi-feministiset-jarjestot-ja-jihadistiset-raiskaajat-samaan-sankyyn\/\">&#8221;Lokakuun 7. p\u00e4iv\u00e4n veril\u00f6yly toi feministiset j\u00e4rjest\u00f6t ja jihadistiset raiskaajat samaan s\u00e4nkyyn&#8221;<\/a><\/p><\/blockquote>\n<p><iframe class=\"wp-embedded-content\" sandbox=\"allow-scripts\" security=\"restricted\" style=\"position: absolute; clip: rect(1px, 1px, 1px, 1px);\" title=\"&#8221;&#8221;Lokakuun 7. p\u00e4iv\u00e4n veril\u00f6yly toi feministiset j\u00e4rjest\u00f6t ja jihadistiset raiskaajat samaan s\u00e4nkyyn&#8221;&#8221; &#8212; \" src=\"https:\/\/www.uutispeili.fi\/index.php\/2023\/12\/01\/lokakuun-7-paivan-veriloyly-toi-feministiset-jarjestot-ja-jihadistiset-raiskaajat-samaan-sankyyn\/embed\/#?secret=zjSwDaKMvu#?secret=ChxacqS070\" data-secret=\"ChxacqS070\" width=\"600\" height=\"338\" frameborder=\"0\" marginwidth=\"0\" marginheight=\"0\" scrolling=\"no\"><\/iframe><\/p>\n","protected":false},"excerpt":{"rendered":"<p>T\u00e4m\u00e4 menetelm\u00e4 vaikuttaa absurdilta, mutta ilmeisesti se toimii? Terroristij\u00e4rjest\u00f6 Hamasin hy\u00f6k\u00e4tty\u00e4 Israeliin 7. lokakuuta, maailma tyrmistyi siviileihin kohdistuneista raakuuksista, -ja vaikeni. Israelin reagoitua, herkk\u00e4hipi\u00e4isyys julmuuksia kohtaan puhkesi kukkimaan. Israelin vastattua v\u00e4kivaltaan, ja jatkuvaan ohjuspommitukseen Gazan kaistalta israelilaisiin asutuskeskuksiin, n\u00e4imme siiviilien k\u00e4rsiv\u00e4n, -t\u00e4ll\u00e4 kertaa Gazassa. Maailman omatunto her\u00e4si: Yhdysvallat, Euroopan Unioni, YK ja muutkin kuin arabimaat [&hellip;]<\/p>\n","protected":false},"author":3,"featured_media":673,"comment_status":"open","ping_status":"open","sticky":false,"template":"","format":"standard","meta":{"footnotes":""},"categories":[21,7],"tags":[],"_links":{"self":[{"href":"https:\/\/www.uutispeili.fi\/index.php\/wp-json\/wp\/v2\/posts\/672"}],"collection":[{"href":"https:\/\/www.uutispeili.fi\/index.php\/wp-json\/wp\/v2\/posts"}],"about":[{"href":"https:\/\/www.uutispeili.fi\/index.php\/wp-json\/wp\/v2\/types\/post"}],"author":[{"embeddable":true,"href":"https:\/\/www.uutispeili.fi\/index.php\/wp-json\/wp\/v2\/users\/3"}],"replies":[{"embeddable":true,"href":"https:\/\/www.uutispeili.fi\/index.php\/wp-json\/wp\/v2\/comments?post=672"}],"version-history":[{"count":4,"href":"https:\/\/www.uutispeili.fi\/index.php\/wp-json\/wp\/v2\/posts\/672\/revisions"}],"predecessor-version":[{"id":678,"href":"https:\/\/www.uutispeili.fi\/index.php\/wp-json\/wp\/v2\/posts\/672\/revisions\/678"}],"wp:featuredmedia":[{"embeddable":true,"href":"https:\/\/www.uutispeili.fi\/index.php\/wp-json\/wp\/v2\/media\/673"}],"wp:attachment":[{"href":"https:\/\/www.uutispeili.fi\/index.php\/wp-json\/wp\/v2\/media?parent=672"}],"wp:term":[{"taxonomy":"category","embeddable":true,"href":"https:\/\/www.uutispeili.fi\/index.php\/wp-json\/wp\/v2\/categories?post=672"},{"taxonomy":"post_tag","embeddable":true,"href":"https:\/\/www.uutispeili.fi\/index.php\/wp-json\/wp\/v2\/tags?post=672"}],"curies":[{"name":"wp","href":"https:\/\/api.w.org\/{rel}","templated":true}]}}