{"id":6658,"date":"2025-05-30T21:10:07","date_gmt":"2025-05-30T21:10:07","guid":{"rendered":"https:\/\/www.uutispeili.fi\/?p=6658"},"modified":"2025-05-30T21:10:08","modified_gmt":"2025-05-30T21:10:08","slug":"gazan-aselepo-ja-iranin-ydinsopimus-hyvin-lahella","status":"publish","type":"post","link":"https:\/\/www.uutispeili.fi\/index.php\/2025\/05\/30\/gazan-aselepo-ja-iranin-ydinsopimus-hyvin-lahella\/","title":{"rendered":"Gazan aselepo ja Iranin ydinsopimus \u201dhyvin l\u00e4hell\u00e4\u201d"},"content":{"rendered":"<p><strong>Yhdysvaltain presidentin Donald Trumpin mukaan tulitauko- ja panttivankien vapauttamissopimus Israelin ja Hamasin v\u00e4lill\u00e4 on \u201d<em>hyvin l\u00e4hell\u00e4<\/em>\u201d.<\/strong><\/p>\n<blockquote><p>\u201dIlmoitamme teille siit\u00e4 t\u00e4m\u00e4n p\u00e4iv\u00e4n aikana tai ehk\u00e4 huomenna, ja meill\u00e4 on siihen mahdollisuus\u201d, <strong>Trump<\/strong> sanoi toimittajille t\u00e4n\u00e4\u00e4n Valkoisessa talossa.<\/p><\/blockquote>\n<p>Valkoinen talo vahvisti torstaina, ett\u00e4 <strong>Israel<\/strong> oli &#8221;allekirjoittanut&#8221; Yhdysvaltain L\u00e4hi-Id\u00e4n erikoisl\u00e4hettil\u00e4\u00e4n <strong>Witkoff<\/strong>in my\u00f6s <strong>Hamas<\/strong>ille esitt\u00e4m\u00e4n uuden ehdotuksen <strong>Gaza<\/strong>n tulitaukosopimukseksi. Hamas on vastannut, ettei &#8217;<em>sopimus ei t\u00e4yt\u00e4 sen vaatimuksia<\/em>&#8217;.<\/p>\n<p>Hamas sanoo edelleen &#8221;<em>tarkastelevansa Yhdysvalloilta eilen saamaansa ehdotusta<\/em>&#8221;. Israelin puolustusvoimien osittaisen vet\u00e4ytymisen v\u00e4liaikaisen aselevon aikana Gazasta on erikseen sovittava asia.<\/p>\n<blockquote><p>&#8221;Hamas on pettynyt ehdotukseen, koska se antaa Israelille edelleen mahdollisuuden jatkaa taistelua v\u00e4liaikaisen aselevon p\u00e4\u00e4ttyess\u00e4, -mink\u00e4 p\u00e4\u00e4ministeri <strong>Benjamin Netanjahu<\/strong> on luvannutkin tehd\u00e4.&#8221;<\/p><\/blockquote>\n<p>Arvioiden mukaan Hamas v\u00e4ltt\u00e4\u00e4 leimatumista neuvottelujen umpikujan aiheuttajaksi, ja on siksi ilmoittanut hyv\u00e4ksyv\u00e4ns\u00e4 Witkoffin ehdotuksen, mutta esitt\u00e4\u00e4 varaumia, jotka voivat pitkitt\u00e4\u00e4 neuvotteluja.<\/p>\n<p><strong>Israelin<\/strong> p\u00e4\u00e4ministeri <strong>Benjamin Netanjahu<\/strong> kertoi eilen, puhuessaan panttivankien perheille, tukevansa ehdotusta <em>periaatteessa<\/em>, -viem\u00e4tt\u00e4 Witkoffin paperia hallituksensa hyv\u00e4ksytt\u00e4v\u00e4ksi. Netanyahun hallituksen \u00e4\u00e4rioikeistolaiset j\u00e4senet ovat jo ilmaisseet kielteisen kantansa ehdotukseen.<\/p>\n<p>Kommentti: T\u00e4ss\u00e4 sit\u00e4 taas ollaan!<\/p>\n<p>(Jatkuu linkin j\u00e4lkeen.)<\/p>\n<blockquote class=\"wp-embedded-content\" data-secret=\"u3a8GtLlpZ\"><p><a href=\"https:\/\/www.uutispeili.fi\/index.php\/2025\/05\/28\/hamas-ilmoitti-hyvaksyvansa-yhdysvaltain-tulitaukoehdotuksen\/\">Hamas ilmoitti hyv\u00e4ksyv\u00e4ns\u00e4 Yhdysvaltain tulitaukoehdotuksen<\/a><\/p><\/blockquote>\n<p><iframe class=\"wp-embedded-content\" sandbox=\"allow-scripts\" security=\"restricted\" style=\"position: absolute; clip: rect(1px, 1px, 1px, 1px);\" title=\"&#8221;Hamas ilmoitti hyv\u00e4ksyv\u00e4ns\u00e4 Yhdysvaltain tulitaukoehdotuksen&#8221; &#8212; \" src=\"https:\/\/www.uutispeili.fi\/index.php\/2025\/05\/28\/hamas-ilmoitti-hyvaksyvansa-yhdysvaltain-tulitaukoehdotuksen\/embed\/#?secret=JAfQ6nKScc#?secret=u3a8GtLlpZ\" data-secret=\"u3a8GtLlpZ\" width=\"600\" height=\"338\" frameborder=\"0\" marginwidth=\"0\" marginheight=\"0\" scrolling=\"no\"><\/iframe><\/p>\n<p>Hamasin edustaja, poliittisen toimiston j\u00e4sen <strong>Bassem Naim,<\/strong>\u00a0 kertoi viime viikolla ryhm\u00e4ns\u00e4 hyv\u00e4ksyneen Yhdysvaltojen sopimusehdotuksen, mutta torstaina h\u00e4n veti sanojaan takaisin, puhuen &#8221;<em>ehdotuksen<\/em> <em>tutkimisesta<\/em>&#8221;. <span style=\"font-size: revert; color: initial;\">Bassem Naimin mukaan uusi versio tarkoittaa &#8221;<em>tappamisen ja n\u00e4l\u00e4nh\u00e4d\u00e4n jatkumista&#8230; eik\u00e4 t\u00e4yt\u00e4 mit\u00e4\u00e4n kansamme vaatimuksista, t\u00e4rkeimp\u00e4n\u00e4 niist\u00e4 sodan lopettamista<\/em>&#8221;. (-T\u00e4\u00e4 on taas t\u00e4t\u00e4!)<\/span><\/p>\n<blockquote><p>&#8221;(Hamasin) johto kuitenkin tutkii ehdotukseen annettavaa vastausta t\u00e4ydell\u00e4 kansallisella vastuulla&#8221;, Bassem lis\u00e4si.<\/p><\/blockquote>\n<h2>Trumpin mukaan Yhdysvallat on &#8221;<em>melko l\u00e4hell\u00e4<\/em>&#8221; ydinsopimusta Iranin kanssa<\/h2>\n<p>Presidentti Donald Trump vakuutti jo maanantaina (26.05.), ett\u00e4 ydinsopimuksen aikaansaaminen Iranin kanssa on &#8221;<em>melko l\u00e4hell\u00e4<\/em>&#8221; .<\/p>\n<blockquote><p>\u201dUskon, ett\u00e4 meill\u00e4 on mahdollisuus tehd\u00e4 sopimus Iranin kanssa\u201d, Trump sanoi toimittajille Valkoisessa talossa. <span style=\"font-size: revert; color: initial;\">\u201dHe eiv\u00e4t halua r\u00e4j\u00e4ht\u00e4\u00e4. He tekisiv\u00e4t mieluummin sopimuksen, ja mielest\u00e4ni se voisi tapahtua l\u00e4hitulevaisuudessa\u201d, h\u00e4n jatkaa ja lis\u00e4\u00e4, ettei Iranilla voi olla ydinasetta.<\/span><\/p><\/blockquote>\n<h2>Jos Hamas soutaa ja huopaa, niin torstaina Iran n\u00e4ytti korttinsa<\/h2>\n<p>Presidentti Masoud Pezeshkian sanoi, ettei Iran pyri hankkimaan ydinaseita, koska niill\u00e4 ei ole sijaa islamilaisen tasavallan opissa, joka perustuu islamilaisen vallankumouksen johtajan antamaan uskonnolliseen asetukseen.<\/p>\n<p>Presidentti Masoud Pezeshkianin mukaan ydinaseilla ei ole sijaa Iranin doktriinissa, eik\u00e4 maa ole koskaan pyrkinyt hankkimaan sellaisia \u200b\u200bislamilaisen vallankumouksen johtajan ajatollah Seyyed Ali Khamenein antaman uskonnollisen asetuksen (fatwan) perusteella.<\/p>\n<p>Iranin presidentti <strong>Masoud Pezeshkian<\/strong> antoi mielenkiintoisen lausuntonsa 27.-28. toukokuuta, virallisen Omanin-vierailunsa aikana, <strong>Oman TV<\/strong>:lle antamassaan haastattelussa. Haastattelu julkaistiin presidentin virallisella uutissivustolla torstai-iltana (28.05.).<\/p>\n<p>(Jatkuu linkin j\u00e4lkeen.)<\/p>\n<blockquote class=\"wp-embedded-content\" data-secret=\"dzCMrFs9iD\"><p><a href=\"https:\/\/www.uutispeili.fi\/index.php\/2025\/05\/27\/iranin-presidentti-omanissa-tiistaina\/\">Iranin presidentti Omanissa tiistaina<\/a><\/p><\/blockquote>\n<p><iframe class=\"wp-embedded-content\" sandbox=\"allow-scripts\" security=\"restricted\" style=\"position: absolute; clip: rect(1px, 1px, 1px, 1px);\" title=\"&#8221;Iranin presidentti Omanissa tiistaina&#8221; &#8212; \" src=\"https:\/\/www.uutispeili.fi\/index.php\/2025\/05\/27\/iranin-presidentti-omanissa-tiistaina\/embed\/#?secret=8qFOupsNpO#?secret=dzCMrFs9iD\" data-secret=\"dzCMrFs9iD\" width=\"600\" height=\"338\" frameborder=\"0\" marginwidth=\"0\" marginheight=\"0\" scrolling=\"no\"><\/iframe><\/p>\n<blockquote><p>\u201dJos Yhdysvallat haluaa olla varma siit\u00e4, ettei Iranin islamilainen tasavalta tavoittele ydinaseita, sen tulisi tiet\u00e4\u00e4, ett\u00e4 t\u00e4llainen varmuus perustuu uskonnollisiin vakaumuksiimme. Islamilaisen vallankumouksen johtajan fatwan perusteella Iran ei ole koskaan pyrkinyt eik\u00e4 tule koskaan pyrkim\u00e4\u00e4n ydinaseiden tuottamiseen tai hankkimiseen\u201d, presidentti Pezeshkian sanoi Oman TV:lle.<\/p><\/blockquote>\n<p>Niin mit\u00e4 luimme: &#8221;Iran ei ole koskaan pyrkinyt eik\u00e4 tule koskaan pyrkim\u00e4\u00e4n ydinaseiden tuottamiseen tai hankkimiseen.\u201d -Toki, presidentin ei pit\u00e4isi puhua <strong><em>konservatiivisen<\/em><\/strong> edelt\u00e4j\u00e4ns\u00e4 <strong>Ibrahim Raisi<\/strong>n puolesta, -menee helposti &#8217;<em>haraam<\/em>:n&#8217; puolelle. -Mutta sodassa ja diplomatiassa totuutta joskus venytet\u00e4\u00e4n.<\/p>\n<p>Presidentti korosti, ett\u00e4 Iran on valmis antamaan maailmalle vakuutuksen, ettei se tavoittele ydinaseita, mutta korosti, &#8217;<em>ettei maa koskaan luovu oikeudestaan \u200b\u200brikastaa uraania rauhanomaisiin tarkoituksiin<\/em>&#8217;.<\/p>\n<p>-T\u00e4ss\u00e4 Pezeskian osui suoraan Iranin-Yhdysvaltain neuvottelujen kipupisteeseen.<\/p>\n<p>(Jatkuu linkin j\u00e4lkeen.)<\/p>\n<blockquote class=\"wp-embedded-content\" data-secret=\"gQbrKEjiAD\"><p><a href=\"https:\/\/www.uutispeili.fi\/index.php\/2025\/05\/02\/rubio-koventaa-vaatimuksia-iranille\/\">Rubio koventaa vaatimuksia Iranille<\/a><\/p><\/blockquote>\n<p><iframe class=\"wp-embedded-content\" sandbox=\"allow-scripts\" security=\"restricted\" style=\"position: absolute; clip: rect(1px, 1px, 1px, 1px);\" title=\"&#8221;Rubio koventaa vaatimuksia Iranille&#8221; &#8212; \" src=\"https:\/\/www.uutispeili.fi\/index.php\/2025\/05\/02\/rubio-koventaa-vaatimuksia-iranille\/embed\/#?secret=mHHLHBTXNP#?secret=gQbrKEjiAD\" data-secret=\"gQbrKEjiAD\" width=\"600\" height=\"338\" frameborder=\"0\" marginwidth=\"0\" marginheight=\"0\" scrolling=\"no\"><\/iframe><\/p>\n<h2>&#8221;Siksi emme koskaan aio antaa periksi painostukselle lopettaa rikastaminen.&#8221;<\/h2>\n<blockquote><p>\u201dEmme koskaan lopeta uraanin rikastamista diagnostiikan ja l\u00e4\u00e4ketieteellisen hoidon, maatalouden tai teollisuuden tarpeisiin, koska [rikastaminen] on oikeutemme kansainv\u00e4lisen lain nojalla\u201d, Pezeshkian sanoi ja korosti, ettei kukaan voi kielt\u00e4\u00e4 Iranilta sen oikeutta rikastukseen, koska tiede kuuluu kaikille ihmisille, joilla on oikeus k\u00e4ytt\u00e4\u00e4 teknologiaa ja tieteellisi\u00e4 valmiuksia. (Siteerattu INRA:n mukaan.)<\/p><\/blockquote>\n<p>Jos siis &#8221;<em>Trumpin pikkupoika-kaarti<\/em>&#8221; pidet\u00e4\u00e4n kontrollissa, eik\u00e4 p\u00e4\u00e4stet\u00e4 sooloilemaan. Iranin ydinasehanke -josta nykyinen presidenttins\u00e4 on julkisesti halukas luopumaan- voidaan haudata, -ilman ett\u00e4 ket\u00e4\u00e4n muuta haudataan.<\/p>\n<p>Iranin ydinpommi-hankkeen &#8217;<em>Happy End<\/em>&#8217; avaa (avaisi?) muitakin solmuja: Iraniin kohdistuvien pakotteiden purkaminen toisi Iranille valuuttatiloja, jolla &#8217;<em>Iranin islamilainen tasavalta<\/em>&#8217; (virallinen nimi valtiolle) tyynnytt\u00e4\u00e4 levottomat iranilaiset, tuo <strong>Ven\u00e4j\u00e4n<\/strong> salakuljetus\u00f6ljylle <strong>Intiassa<\/strong> ja <strong>Kiinassa<\/strong> kilpailua, poistaa <strong>Ukrainan<\/strong> taivaalta <em><strong>Saheed<\/strong><\/em>-droonit, &#8217;<em>l\u00e4nnett\u00e4\u00e4<\/em>&#8217; Irania, tuo ristiriitoja &#8217;BRICS&#8217;-ryhmittym\u00e4\u00e4n, -ja edist\u00e4\u00e4 muillakin tavoilla maailmanrauhaa!<\/p>\n<p>Mik\u00e4 voisi olla sen hauskempaa? <img loading=\"lazy\" decoding=\"async\" class=\"alignnone size-full wp-image-144\" src=\"https:\/\/www.uutispeili.fi\/wp-content\/uploads\/2023\/11\/di.gold_.gif\" alt=\"\" width=\"11\" height=\"11\" \/><\/p>\n<p>Luettavaa:<\/p>\n<ul>\n<li><a href=\"https:\/\/www.timesofisrael.com\/liveblog-may-30-2025\/\" target=\"_blank\" rel=\"noopener\"><strong>The Times of Israel<\/strong><\/a> 30.05. 2025,<\/li>\n<li><a href=\"https:\/\/english.alarabiya.net\/News\/middle-east\/2025\/05\/29\/hamas-says-received-studying-witkoff-s-new-gaza-proposal-\" target=\"_blank\" rel=\"noopener\"><strong>Al-Arabiya<\/strong><\/a> 30.05. 2025,<\/li>\n<li><a href=\"https:\/\/en.irna.ir\/news\/85847627\/Nuclear-weapons-have-no-place-in-Iran-s-doctrine-President-Pezeshkian\" target=\"_blank\" rel=\"noopener\"><strong>IRNA<\/strong><\/a> 30.05. 2025,<\/li>\n<\/ul>\n<blockquote class=\"wp-embedded-content\" data-secret=\"d4aMKNv7yv\"><p><a href=\"https:\/\/www.uutispeili.fi\/index.php\/2025\/05\/02\/yhdysvaltojen-ja-iranin-valinen-neljas-neuvottelutapaaminen-on-siirretty-myohemmaksi\/\">Yhdysvaltojen ja Iranin v\u00e4linen nelj\u00e4s neuvottelutapaaminen on siirretty my\u00f6hemm\u00e4ksi<\/a><\/p><\/blockquote>\n<p><iframe class=\"wp-embedded-content\" sandbox=\"allow-scripts\" security=\"restricted\" style=\"position: absolute; clip: rect(1px, 1px, 1px, 1px);\" title=\"&#8221;Yhdysvaltojen ja Iranin v\u00e4linen nelj\u00e4s neuvottelutapaaminen on siirretty my\u00f6hemm\u00e4ksi&#8221; &#8212; \" src=\"https:\/\/www.uutispeili.fi\/index.php\/2025\/05\/02\/yhdysvaltojen-ja-iranin-valinen-neljas-neuvottelutapaaminen-on-siirretty-myohemmaksi\/embed\/#?secret=0F0WoY9Ddp#?secret=d4aMKNv7yv\" data-secret=\"d4aMKNv7yv\" width=\"600\" height=\"338\" frameborder=\"0\" marginwidth=\"0\" marginheight=\"0\" scrolling=\"no\"><\/iframe><\/p>\n<blockquote class=\"wp-embedded-content\" data-secret=\"TEDv88PDEx\"><p><a href=\"https:\/\/www.uutispeili.fi\/index.php\/2025\/05\/29\/israel-on-hyvaksynyt-witkoffin-tulitaukoehdotuksen-aselevon-pituudesta-epaselvyytta-hamasilla-varauksia\/\">Israel on hyv\u00e4ksynyt Witkoffin tulitaukoehdotuksen, -aselevon pituudesta ep\u00e4selvyytt\u00e4, Hamasilla varauksia<\/a><\/p><\/blockquote>\n<p><iframe class=\"wp-embedded-content\" sandbox=\"allow-scripts\" security=\"restricted\" style=\"position: absolute; clip: rect(1px, 1px, 1px, 1px);\" title=\"&#8221;Israel on hyv\u00e4ksynyt Witkoffin tulitaukoehdotuksen, -aselevon pituudesta ep\u00e4selvyytt\u00e4, Hamasilla varauksia&#8221; &#8212; \" src=\"https:\/\/www.uutispeili.fi\/index.php\/2025\/05\/29\/israel-on-hyvaksynyt-witkoffin-tulitaukoehdotuksen-aselevon-pituudesta-epaselvyytta-hamasilla-varauksia\/embed\/#?secret=iggxaZw5Wr#?secret=TEDv88PDEx\" data-secret=\"TEDv88PDEx\" width=\"600\" height=\"338\" frameborder=\"0\" marginwidth=\"0\" marginheight=\"0\" scrolling=\"no\"><\/iframe><\/p>\n<blockquote class=\"wp-embedded-content\" data-secret=\"BuZsJvR9uR\"><p><a href=\"https:\/\/www.uutispeili.fi\/index.php\/2025\/05\/29\/trump-netanyahulle-ei-sotilaallisia-toimia-irania-vastaan-olemme-hyvin-lahella-ratkaisua-iran-usa\/\">Trump Netanyahulle: &#8221;Ei sotilaallisia toimia Irania vastaan!&#8221; &#8221;Olemme hyvin l\u00e4hell\u00e4 ratkaisua&#8221; (Iran-USA)<\/a><\/p><\/blockquote>\n<p><iframe class=\"wp-embedded-content\" sandbox=\"allow-scripts\" security=\"restricted\" style=\"position: absolute; clip: rect(1px, 1px, 1px, 1px);\" title=\"&#8221;Trump Netanyahulle: &#8221;Ei sotilaallisia toimia Irania vastaan!&#8221; &#8221;Olemme hyvin l\u00e4hell\u00e4 ratkaisua&#8221; (Iran-USA)&#8221; &#8212; \" src=\"https:\/\/www.uutispeili.fi\/index.php\/2025\/05\/29\/trump-netanyahulle-ei-sotilaallisia-toimia-irania-vastaan-olemme-hyvin-lahella-ratkaisua-iran-usa\/embed\/#?secret=n2XomHt7lV#?secret=BuZsJvR9uR\" data-secret=\"BuZsJvR9uR\" width=\"600\" height=\"338\" frameborder=\"0\" marginwidth=\"0\" marginheight=\"0\" scrolling=\"no\"><\/iframe><\/p>\n<blockquote class=\"wp-embedded-content\" data-secret=\"Vr4X3QUI5x\"><p><a href=\"https:\/\/www.uutispeili.fi\/index.php\/2025\/05\/28\/israel-kiistaa-aikeen-estaa-iranin-yhdysvaltain-sopimus-iskemalla-iranin-ydinlaitoksiin\/\">Israel kiist\u00e4\u00e4 aikeen est\u00e4\u00e4 Iranin-Yhdysvaltain sopimus iskem\u00e4ll\u00e4 Iranin ydinlaitoksiin<\/a><\/p><\/blockquote>\n<p><iframe class=\"wp-embedded-content\" sandbox=\"allow-scripts\" security=\"restricted\" style=\"position: absolute; clip: rect(1px, 1px, 1px, 1px);\" title=\"&#8221;Israel kiist\u00e4\u00e4 aikeen est\u00e4\u00e4 Iranin-Yhdysvaltain sopimus iskem\u00e4ll\u00e4 Iranin ydinlaitoksiin&#8221; &#8212; \" src=\"https:\/\/www.uutispeili.fi\/index.php\/2025\/05\/28\/israel-kiistaa-aikeen-estaa-iranin-yhdysvaltain-sopimus-iskemalla-iranin-ydinlaitoksiin\/embed\/#?secret=S7RnS3cnFQ#?secret=Vr4X3QUI5x\" data-secret=\"Vr4X3QUI5x\" width=\"600\" height=\"338\" frameborder=\"0\" marginwidth=\"0\" marginheight=\"0\" scrolling=\"no\"><\/iframe><\/p>\n","protected":false},"excerpt":{"rendered":"<p>Yhdysvaltain presidentin Donald Trumpin mukaan tulitauko- ja panttivankien vapauttamissopimus Israelin ja Hamasin v\u00e4lill\u00e4 on \u201dhyvin l\u00e4hell\u00e4\u201d. \u201dIlmoitamme teille siit\u00e4 t\u00e4m\u00e4n p\u00e4iv\u00e4n aikana tai ehk\u00e4 huomenna, ja meill\u00e4 on siihen mahdollisuus\u201d, Trump sanoi toimittajille t\u00e4n\u00e4\u00e4n Valkoisessa talossa. Valkoinen talo vahvisti torstaina, ett\u00e4 Israel oli &#8221;allekirjoittanut&#8221; Yhdysvaltain L\u00e4hi-Id\u00e4n erikoisl\u00e4hettil\u00e4\u00e4n Witkoffin my\u00f6s Hamasille esitt\u00e4m\u00e4n uuden ehdotuksen Gazan tulitaukosopimukseksi. [&hellip;]<\/p>\n","protected":false},"author":3,"featured_media":6661,"comment_status":"open","ping_status":"open","sticky":false,"template":"","format":"standard","meta":{"footnotes":""},"categories":[112,151,161,116,127],"tags":[],"_links":{"self":[{"href":"https:\/\/www.uutispeili.fi\/index.php\/wp-json\/wp\/v2\/posts\/6658"}],"collection":[{"href":"https:\/\/www.uutispeili.fi\/index.php\/wp-json\/wp\/v2\/posts"}],"about":[{"href":"https:\/\/www.uutispeili.fi\/index.php\/wp-json\/wp\/v2\/types\/post"}],"author":[{"embeddable":true,"href":"https:\/\/www.uutispeili.fi\/index.php\/wp-json\/wp\/v2\/users\/3"}],"replies":[{"embeddable":true,"href":"https:\/\/www.uutispeili.fi\/index.php\/wp-json\/wp\/v2\/comments?post=6658"}],"version-history":[{"count":2,"href":"https:\/\/www.uutispeili.fi\/index.php\/wp-json\/wp\/v2\/posts\/6658\/revisions"}],"predecessor-version":[{"id":6662,"href":"https:\/\/www.uutispeili.fi\/index.php\/wp-json\/wp\/v2\/posts\/6658\/revisions\/6662"}],"wp:featuredmedia":[{"embeddable":true,"href":"https:\/\/www.uutispeili.fi\/index.php\/wp-json\/wp\/v2\/media\/6661"}],"wp:attachment":[{"href":"https:\/\/www.uutispeili.fi\/index.php\/wp-json\/wp\/v2\/media?parent=6658"}],"wp:term":[{"taxonomy":"category","embeddable":true,"href":"https:\/\/www.uutispeili.fi\/index.php\/wp-json\/wp\/v2\/categories?post=6658"},{"taxonomy":"post_tag","embeddable":true,"href":"https:\/\/www.uutispeili.fi\/index.php\/wp-json\/wp\/v2\/tags?post=6658"}],"curies":[{"name":"wp","href":"https:\/\/api.w.org\/{rel}","templated":true}]}}