{"id":6600,"date":"2025-05-27T21:11:02","date_gmt":"2025-05-27T21:11:02","guid":{"rendered":"https:\/\/www.uutispeili.fi\/?p=6600"},"modified":"2025-05-27T21:11:02","modified_gmt":"2025-05-27T21:11:02","slug":"iranin-presidentti-omanissa-tiistaina","status":"publish","type":"post","link":"https:\/\/www.uutispeili.fi\/index.php\/2025\/05\/27\/iranin-presidentti-omanissa-tiistaina\/","title":{"rendered":"Iranin presidentti Omanissa tiistaina"},"content":{"rendered":"<p><strong>Iranin presidentti saapui tiistaina Omanin p\u00e4\u00e4kaupunkiin Muscatiin. Vierailun on tarkoitus kest\u00e4\u00e4 kaksi p\u00e4iv\u00e4\u00e4. Meneill\u00e4\u00e4n olevissa Yhdysvaltain ja Iranin\u00a0 v\u00e4lisiss\u00e4 neuvotteluissa Oman toimii v\u00e4litt\u00e4j\u00e4n\u00e4.<\/strong><\/p>\n<p>(Kuva: Omanin ulkoministeri\u00f6.)<\/p>\n<p><strong>Iran<\/strong>in ulkoministeri\u00f6n tiedottaja <strong>Esmaeil Baqaei<\/strong> vahvisti maanantaina, ett\u00e4 vierailun yhteydess\u00e4 keskustellaan em. ydinneuvotteluista, joissa <strong>Oman<\/strong> toimii v\u00e4litt\u00e4j\u00e4n\u00e4. Iranin presidentti<strong> Masoud Pezeshkian<\/strong> tapaa Omanin valtionp\u00e4\u00e4miehen, <strong>Sultan Haitham bin Tariq<\/strong>:in.<\/p>\n<p><strong>Yhdysvaltain<\/strong> ja Iranin neuvottelijat kohtasivat viimeksi perjantaina (23.05.) <strong>Roomassa<\/strong>. Yhdysvaltain presidentti <strong>Donald Trump<\/strong> kuvaili perjantain neuvottelujen tuloksia &#8221;<em>eritt\u00e4in, eritt\u00e4in hyviks<\/em>i&#8221;.<\/p>\n<blockquote><p>&#8221;Uskon, ett\u00e4 meill\u00e4 voisi olla hyvi\u00e4 uutisia Iranin rintamalla&#8221;, Trump sanoi, lis\u00e4ten ett\u00e4 ilmoitus voisi tulla &#8221;seuraavien kahden p\u00e4iv\u00e4n aikana&#8221;.<\/p><\/blockquote>\n<p>Konkreettista edistyst\u00e4 ei kuitenkaan kerrota saavutetun, ja Yhdysvaltain kanta uraanin rikastamisen lopettamisesta kokonaan Iranissa on iranilaisille mahdoton hyv\u00e4ksytt\u00e4v\u00e4ksi.<\/p>\n<blockquote><p>&#8221;Toivomme voivamme k\u00e4yd\u00e4 vuoropuhelua ja l\u00f6yt\u00e4\u00e4 yhteisen n\u00e4k\u00f6kulman ja \u00e4\u00e4nen rauhan ja vakauden edist\u00e4miseksi alueella&#8221;, Pezeshkian kuvaili odotuksiaan televisioidussa puheessaan ennen l\u00e4ht\u00f6\u00e4.<\/p><\/blockquote>\n<p>Yhdysvallat irtisanoutui v.2018 &#8221;<em>Iranin ydinsopimuksesta<\/em>&#8221; (Iran nuclear deal, JCPOA), joka lopetti v.2015 Yhdysvaltain Iraniin kohdistamat pakotteet, -Iranin suostuessa ydinlaitostensa valvontaan Kansainv\u00e4lisen Ydinenergiaj\u00e4rjest\u00f6n, IAEA:n, toimesta, ja sitoutui rikastaan uraania vain 3,67%:seksi 8mik\u00e4 riitt\u00e4\u00e4 kaikkeen rauhanmaiseen k\u00e4ytt\u00f6\u00f6n).<\/p>\n<p>Vuotta my\u00f6hemmin Iran lis\u00e4si rikastustasoa ensin 30%:iin ja sitten 60%:iin, ja rakensi uusia sentrifugilaitoksia. Iranin hallussa olevan pommi-kelpoisen uraanin -90%:sen- m\u00e4\u00e4r\u00e4st\u00e4 on eri arvioita.<\/p>\n<p>Iranin keskuspankin p\u00e4\u00e4johtaja <strong>Mohammadreza Farzin<\/strong> saapui my\u00f6s maanantaina Omaniin keskustelemaan &#8221;raha- ja pankkiyhteisty\u00f6st\u00e4&#8221;. <img loading=\"lazy\" decoding=\"async\" class=\"alignnone size-full wp-image-144\" src=\"https:\/\/www.uutispeili.fi\/wp-content\/uploads\/2023\/11\/di.gold_.gif\" alt=\"\" width=\"11\" height=\"11\" \/><\/p>\n<p>Luettavaa:<\/p>\n<ul>\n<li><a href=\"https:\/\/english.alarabiya.net\/News\/middle-east\/2025\/05\/27\/iran-president-in-oman-as-us-nuclear-talks-progress-\" target=\"_blank\" rel=\"noopener\"><strong>al-Arabiya<\/strong><\/a> 27.05. 2025,<\/li>\n<li><strong><a href=\"https:\/\/www.fm.gov.om\/iranian-president-to-begin-official-visit-to-oman-tuesday\/\" target=\"_blank\" rel=\"noopener\">Omanin ulkoministeri\u00f6<\/a><\/strong>, tiedote 27.05. 2025,<\/li>\n<\/ul>\n<blockquote class=\"wp-embedded-content\" data-secret=\"YDgT779cdE\"><p><a href=\"https:\/\/www.uutispeili.fi\/index.php\/2025\/05\/26\/iran-ei-uraanin-rikastamisen-keskeyttamista\/\">Iran: Ei uraanin rikastamisen keskeytt\u00e4mist\u00e4<\/a><\/p><\/blockquote>\n<p><iframe class=\"wp-embedded-content\" sandbox=\"allow-scripts\" security=\"restricted\" style=\"position: absolute; clip: rect(1px, 1px, 1px, 1px);\" title=\"&#8221;Iran: Ei uraanin rikastamisen keskeytt\u00e4mist\u00e4&#8221; &#8212; \" src=\"https:\/\/www.uutispeili.fi\/index.php\/2025\/05\/26\/iran-ei-uraanin-rikastamisen-keskeyttamista\/embed\/#?secret=zui5x0NuPR#?secret=YDgT779cdE\" data-secret=\"YDgT779cdE\" width=\"600\" height=\"338\" frameborder=\"0\" marginwidth=\"0\" marginheight=\"0\" scrolling=\"no\"><\/iframe><\/p>\n<blockquote class=\"wp-embedded-content\" data-secret=\"1COuKc2gFL\"><p><a href=\"https:\/\/www.uutispeili.fi\/index.php\/2025\/05\/24\/yhdysvaltain-ja-iranin-viides-neuvottelukierros-paattyi-roomassa-perjantaina-ilman-lapimurtoa\/\">Yhdysvaltain ja Iranin viides neuvottelukierros p\u00e4\u00e4ttyi Roomassa perjantaina, ilman l\u00e4pimurtoa<\/a><\/p><\/blockquote>\n<p><iframe class=\"wp-embedded-content\" sandbox=\"allow-scripts\" security=\"restricted\" style=\"position: absolute; clip: rect(1px, 1px, 1px, 1px);\" title=\"&#8221;Yhdysvaltain ja Iranin viides neuvottelukierros p\u00e4\u00e4ttyi Roomassa perjantaina, ilman l\u00e4pimurtoa&#8221; &#8212; \" src=\"https:\/\/www.uutispeili.fi\/index.php\/2025\/05\/24\/yhdysvaltain-ja-iranin-viides-neuvottelukierros-paattyi-roomassa-perjantaina-ilman-lapimurtoa\/embed\/#?secret=Z15pez47HV#?secret=1COuKc2gFL\" data-secret=\"1COuKc2gFL\" width=\"600\" height=\"338\" frameborder=\"0\" marginwidth=\"0\" marginheight=\"0\" scrolling=\"no\"><\/iframe><\/p>\n<blockquote class=\"wp-embedded-content\" data-secret=\"aEema30LE7\"><p><a href=\"https:\/\/www.uutispeili.fi\/index.php\/2025\/05\/06\/iranin-ulkoministeri-syyttaa-netanyahua-sodan-lietsomisesta-iranin-ja-yhdysvaltain-valille\/\">Iranin ulkoministeri syytt\u00e4\u00e4 Netanyahua &#8217;sodan lietsomisesta Iranin ja Yhdysvaltain v\u00e4lille&#8217;<\/a><\/p><\/blockquote>\n<p><iframe class=\"wp-embedded-content\" sandbox=\"allow-scripts\" security=\"restricted\" style=\"position: absolute; clip: rect(1px, 1px, 1px, 1px);\" title=\"&#8221;Iranin ulkoministeri syytt\u00e4\u00e4 Netanyahua &#8217;sodan lietsomisesta Iranin ja Yhdysvaltain v\u00e4lille&#8217;&#8221; &#8212; \" src=\"https:\/\/www.uutispeili.fi\/index.php\/2025\/05\/06\/iranin-ulkoministeri-syyttaa-netanyahua-sodan-lietsomisesta-iranin-ja-yhdysvaltain-valille\/embed\/#?secret=OjvMI41Yfz#?secret=aEema30LE7\" data-secret=\"aEema30LE7\" width=\"600\" height=\"338\" frameborder=\"0\" marginwidth=\"0\" marginheight=\"0\" scrolling=\"no\"><\/iframe><\/p>\n<blockquote class=\"wp-embedded-content\" data-secret=\"WdQggNoQ5S\"><p><a href=\"https:\/\/www.uutispeili.fi\/index.php\/2025\/05\/02\/rubio-koventaa-vaatimuksia-iranille\/\">Rubio koventaa vaatimuksia Iranille<\/a><\/p><\/blockquote>\n<p><iframe class=\"wp-embedded-content\" sandbox=\"allow-scripts\" security=\"restricted\" style=\"position: absolute; clip: rect(1px, 1px, 1px, 1px);\" title=\"&#8221;Rubio koventaa vaatimuksia Iranille&#8221; &#8212; \" src=\"https:\/\/www.uutispeili.fi\/index.php\/2025\/05\/02\/rubio-koventaa-vaatimuksia-iranille\/embed\/#?secret=OAPy0c9od1#?secret=WdQggNoQ5S\" data-secret=\"WdQggNoQ5S\" width=\"600\" height=\"338\" frameborder=\"0\" marginwidth=\"0\" marginheight=\"0\" scrolling=\"no\"><\/iframe><\/p>\n<blockquote class=\"wp-embedded-content\" data-secret=\"ZW8RNfGDMO\"><p><a href=\"https:\/\/www.uutispeili.fi\/index.php\/2025\/04\/17\/trump-kielsi-netanyahua-iskemasta-iranin-ydinlaitoksiin-toukokuussa\/\">Trump kielsi Netanyahua iskem\u00e4st\u00e4 Iranin ydinlaitoksiin toukokuussa<\/a><\/p><\/blockquote>\n<p><iframe class=\"wp-embedded-content\" sandbox=\"allow-scripts\" security=\"restricted\" style=\"position: absolute; clip: rect(1px, 1px, 1px, 1px);\" title=\"&#8221;Trump kielsi Netanyahua iskem\u00e4st\u00e4 Iranin ydinlaitoksiin toukokuussa&#8221; &#8212; \" src=\"https:\/\/www.uutispeili.fi\/index.php\/2025\/04\/17\/trump-kielsi-netanyahua-iskemasta-iranin-ydinlaitoksiin-toukokuussa\/embed\/#?secret=Aom58OpeZE#?secret=ZW8RNfGDMO\" data-secret=\"ZW8RNfGDMO\" width=\"600\" height=\"338\" frameborder=\"0\" marginwidth=\"0\" marginheight=\"0\" scrolling=\"no\"><\/iframe><\/p>\n<blockquote class=\"wp-embedded-content\" data-secret=\"ADdXtJ8AJD\"><p><a href=\"https:\/\/www.uutispeili.fi\/index.php\/2025\/04\/22\/omanin-sulttaani-moskovassa-keskustelun-aihe-yhdysvaltain-iranin-neuvottelut\/\">Omanin sulttaani Moskovassa, keskustelun aihe Yhdysvaltain-Iranin neuvottelut<\/a><\/p><\/blockquote>\n<p><iframe class=\"wp-embedded-content\" sandbox=\"allow-scripts\" security=\"restricted\" style=\"position: absolute; clip: rect(1px, 1px, 1px, 1px);\" title=\"&#8221;Omanin sulttaani Moskovassa, keskustelun aihe Yhdysvaltain-Iranin neuvottelut&#8221; &#8212; \" src=\"https:\/\/www.uutispeili.fi\/index.php\/2025\/04\/22\/omanin-sulttaani-moskovassa-keskustelun-aihe-yhdysvaltain-iranin-neuvottelut\/embed\/#?secret=GswlTDvTb0#?secret=ADdXtJ8AJD\" data-secret=\"ADdXtJ8AJD\" width=\"600\" height=\"338\" frameborder=\"0\" marginwidth=\"0\" marginheight=\"0\" scrolling=\"no\"><\/iframe><\/p>\n","protected":false},"excerpt":{"rendered":"<p>Iranin presidentti saapui tiistaina Omanin p\u00e4\u00e4kaupunkiin Muscatiin. Vierailun on tarkoitus kest\u00e4\u00e4 kaksi p\u00e4iv\u00e4\u00e4. Meneill\u00e4\u00e4n olevissa Yhdysvaltain ja Iranin\u00a0 v\u00e4lisiss\u00e4 neuvotteluissa Oman toimii v\u00e4litt\u00e4j\u00e4n\u00e4. (Kuva: Omanin ulkoministeri\u00f6.) Iranin ulkoministeri\u00f6n tiedottaja Esmaeil Baqaei vahvisti maanantaina, ett\u00e4 vierailun yhteydess\u00e4 keskustellaan em. ydinneuvotteluista, joissa Oman toimii v\u00e4litt\u00e4j\u00e4n\u00e4. Iranin presidentti Masoud Pezeshkian tapaa Omanin valtionp\u00e4\u00e4miehen, Sultan Haitham bin Tariq:in. Yhdysvaltain [&hellip;]<\/p>\n","protected":false},"author":3,"featured_media":6601,"comment_status":"open","ping_status":"open","sticky":false,"template":"","format":"standard","meta":{"footnotes":""},"categories":[112,148],"tags":[],"_links":{"self":[{"href":"https:\/\/www.uutispeili.fi\/index.php\/wp-json\/wp\/v2\/posts\/6600"}],"collection":[{"href":"https:\/\/www.uutispeili.fi\/index.php\/wp-json\/wp\/v2\/posts"}],"about":[{"href":"https:\/\/www.uutispeili.fi\/index.php\/wp-json\/wp\/v2\/types\/post"}],"author":[{"embeddable":true,"href":"https:\/\/www.uutispeili.fi\/index.php\/wp-json\/wp\/v2\/users\/3"}],"replies":[{"embeddable":true,"href":"https:\/\/www.uutispeili.fi\/index.php\/wp-json\/wp\/v2\/comments?post=6600"}],"version-history":[{"count":1,"href":"https:\/\/www.uutispeili.fi\/index.php\/wp-json\/wp\/v2\/posts\/6600\/revisions"}],"predecessor-version":[{"id":6602,"href":"https:\/\/www.uutispeili.fi\/index.php\/wp-json\/wp\/v2\/posts\/6600\/revisions\/6602"}],"wp:featuredmedia":[{"embeddable":true,"href":"https:\/\/www.uutispeili.fi\/index.php\/wp-json\/wp\/v2\/media\/6601"}],"wp:attachment":[{"href":"https:\/\/www.uutispeili.fi\/index.php\/wp-json\/wp\/v2\/media?parent=6600"}],"wp:term":[{"taxonomy":"category","embeddable":true,"href":"https:\/\/www.uutispeili.fi\/index.php\/wp-json\/wp\/v2\/categories?post=6600"},{"taxonomy":"post_tag","embeddable":true,"href":"https:\/\/www.uutispeili.fi\/index.php\/wp-json\/wp\/v2\/tags?post=6600"}],"curies":[{"name":"wp","href":"https:\/\/api.w.org\/{rel}","templated":true}]}}