{"id":6566,"date":"2025-05-26T09:47:53","date_gmt":"2025-05-26T09:47:53","guid":{"rendered":"https:\/\/www.uutispeili.fi\/?p=6566"},"modified":"2025-05-26T09:47:53","modified_gmt":"2025-05-26T09:47:53","slug":"iran-ei-uraanin-rikastamisen-keskeyttamista","status":"publish","type":"post","link":"https:\/\/www.uutispeili.fi\/index.php\/2025\/05\/26\/iran-ei-uraanin-rikastamisen-keskeyttamista\/","title":{"rendered":"Iran: Ei uraanin rikastamisen keskeytt\u00e4mist\u00e4"},"content":{"rendered":"<p><strong>Pappisjohtoinen Iran ja Yhdysvallat neuvottelivat perjantaina kahdenv\u00e4lisesti Iraniin kohdistuvien pakotteiden poistamisesta, -Iranin ydinpommi-hankkeen lopettamista vastaan. &#8217;Diili\u00e4&#8217; ei n\u00e4yt\u00e4 kehkeytyv\u00e4n.<\/strong><\/p>\n<p>(Kuvassa Iranin ulkoministeri Abhas Araqhi 25.05. 2025, kuval\u00e4hde: IRNA.)<\/p>\n<p><strong>Oman<\/strong>in ulkoministeri <strong>Badr bin Hamad Al<\/strong> <strong>Busaidi<\/strong>n teki sunnuntaina (25.05.) ehdotuksia jouduttaakseen Teheranin ja Washingtonin v\u00e4lisi\u00e4 neuvotteluja, joiden viides kierros k\u00e4ytiin perjantaina (23.05.) Italian p\u00e4\u00e4kaupungissa <strong>Rooma<\/strong>ssa. Yhdysvaltain presidentti <strong>Donald Trump<\/strong>in mukaan Yhdysvaltain neuvottelijoilla oli &#8221;<em>eritt\u00e4in hyv\u00e4t keskustelut<\/em>&#8221; Iranin valtuuskunnan kanssa<\/p>\n<p>Iranin ulkoministeri <strong>Abhas Araqhi<\/strong> kommentoi Omanin ehdotusta Teheranissa toimittajille samana p\u00e4iv\u00e4n\u00e4:<\/p>\n<h2>Ei uraanin rikastuksen v\u00e4liaikaista keskeytt\u00e4mist\u00e4<\/h2>\n<blockquote><p>Iranin islamilainen tasavalta sanoo, ett\u00e4 <strong>kansainv\u00e4lisen ydinsulkusopimuksen<\/strong> (NPT) allekirjoittajana Iranilla on oikeus rikastaa uraania rauhanomaisiin tarkoituksiin. Iranin mukaan mink\u00e4 tahansa sopimuksen on taattava t\u00e4m\u00e4 oikeus ja poistettava Iranin kansakuntaa vastaan \u200b\u200b\u200b\u200bvoimassa olevat pakotteet.<\/p><\/blockquote>\n<p>Iranin ulkoministeri\u00f6n tiedottaja <strong>Esmail Baghaei<\/strong> vahvisti maanantaina, ettei Iran aio harkita uraanin uraanin rikastuksen v\u00e4liaikaista keskeytt\u00e4mist\u00e4, eik\u00e4 kuudennelle neuvottelukierrokselle Yhdysvaltojen kanssa ole viel\u00e4 asetettu p\u00e4iv\u00e4m\u00e4\u00e4r\u00e4\u00e4.<\/p>\n<p>Kysytt\u00e4ess\u00e4 raporteista, joiden mukaan Iran voisi keskeytt\u00e4\u00e4 rikastuksen kolmeksi vuodeksi sopimuksen saavuttamiseksi, tiedottaja Baghaei kertoi lehdist\u00f6tilaisuudessa: &#8221;<em>Iran ei koskaan hyv\u00e4ksy sit\u00e4.<\/em>&#8221;<\/p>\n<blockquote><p>Yhdysvaltain puolelta neuvotteluja johtavan L\u00e4hi-id\u00e4n erityisl\u00e4hettil\u00e4s <strong>Steve Witkoff<\/strong>in aiemman lausunnon mukaan Washington &#8221;<em>ei voisi valtuuttaa (Iranille) edes yhden prosentin<\/em>&#8221; rikastamista.<\/p><\/blockquote>\n<h3>Ei uutta neuvottelup\u00e4iv\u00e4\u00e4<\/h3>\n<p>Baghaei kertoi Iranin odottavan neuvotteluiden\u00a0sovittelijalta Omanilta lis\u00e4tietoja seuraavan neuvottelukierroksen ajoituksesta.\u00a0\u00a0<img loading=\"lazy\" decoding=\"async\" class=\"alignnone size-full wp-image-144\" src=\"https:\/\/www.uutispeili.fi\/wp-content\/uploads\/2023\/11\/di.gold_.gif\" alt=\"\" width=\"11\" height=\"11\" \/><\/p>\n<p>Luerravaa:<\/p>\n<ul>\n<li><a href=\"https:\/\/en.irna.ir\/news\/85843916\/Iran-is-reviewing-Oman-s-proposals-on-nuclear-talks-Foreign\" target=\"_blank\" rel=\"noopener\"><strong>IRNA<\/strong><\/a> 26,05. 2025,<\/li>\n<li><a href=\"https:\/\/english.alarabiya.net\/News\/middle-east\/2025\/05\/26\/iran-will-not-temporarily-suspend-enrichment-to-secure-nuclear-deal-with-us\" target=\"_blank\" rel=\"noopener\"><strong>al-Arabiya<\/strong><\/a> 26.05. 2025,<\/li>\n<li><a href=\"https:\/\/english.alarabiya.net\/News\/united-states\/2025\/05\/26\/us-negotiators-had-good-weekend-talks-with-iran-trump-\" target=\"_blank\" rel=\"noopener\"><strong>al-Arabiya<\/strong><\/a> 25.05. 2025,<\/li>\n<li><a href=\"https:\/\/english.alarabiya.net\/News\/middle-east\/2025\/05\/23\/iranus-nuclear-talks-to-start-at-1100-gmt-in-rome\" target=\"_blank\" rel=\"noopener\"><strong>al-Arabiya<\/strong><\/a> 23.05. 2025,<\/li>\n<\/ul>\n","protected":false},"excerpt":{"rendered":"<p>Pappisjohtoinen Iran ja Yhdysvallat neuvottelivat perjantaina kahdenv\u00e4lisesti Iraniin kohdistuvien pakotteiden poistamisesta, -Iranin ydinpommi-hankkeen lopettamista vastaan. &#8217;Diili\u00e4&#8217; ei n\u00e4yt\u00e4 kehkeytyv\u00e4n. (Kuvassa Iranin ulkoministeri Abhas Araqhi 25.05. 2025, kuval\u00e4hde: IRNA.) Omanin ulkoministeri Badr bin Hamad Al Busaidin teki sunnuntaina (25.05.) ehdotuksia jouduttaakseen Teheranin ja Washingtonin v\u00e4lisi\u00e4 neuvotteluja, joiden viides kierros k\u00e4ytiin perjantaina (23.05.) Italian p\u00e4\u00e4kaupungissa Roomassa. Yhdysvaltain [&hellip;]<\/p>\n","protected":false},"author":3,"featured_media":6567,"comment_status":"open","ping_status":"open","sticky":false,"template":"","format":"standard","meta":{"footnotes":""},"categories":[112,148,127],"tags":[],"_links":{"self":[{"href":"https:\/\/www.uutispeili.fi\/index.php\/wp-json\/wp\/v2\/posts\/6566"}],"collection":[{"href":"https:\/\/www.uutispeili.fi\/index.php\/wp-json\/wp\/v2\/posts"}],"about":[{"href":"https:\/\/www.uutispeili.fi\/index.php\/wp-json\/wp\/v2\/types\/post"}],"author":[{"embeddable":true,"href":"https:\/\/www.uutispeili.fi\/index.php\/wp-json\/wp\/v2\/users\/3"}],"replies":[{"embeddable":true,"href":"https:\/\/www.uutispeili.fi\/index.php\/wp-json\/wp\/v2\/comments?post=6566"}],"version-history":[{"count":1,"href":"https:\/\/www.uutispeili.fi\/index.php\/wp-json\/wp\/v2\/posts\/6566\/revisions"}],"predecessor-version":[{"id":6568,"href":"https:\/\/www.uutispeili.fi\/index.php\/wp-json\/wp\/v2\/posts\/6566\/revisions\/6568"}],"wp:featuredmedia":[{"embeddable":true,"href":"https:\/\/www.uutispeili.fi\/index.php\/wp-json\/wp\/v2\/media\/6567"}],"wp:attachment":[{"href":"https:\/\/www.uutispeili.fi\/index.php\/wp-json\/wp\/v2\/media?parent=6566"}],"wp:term":[{"taxonomy":"category","embeddable":true,"href":"https:\/\/www.uutispeili.fi\/index.php\/wp-json\/wp\/v2\/categories?post=6566"},{"taxonomy":"post_tag","embeddable":true,"href":"https:\/\/www.uutispeili.fi\/index.php\/wp-json\/wp\/v2\/tags?post=6566"}],"curies":[{"name":"wp","href":"https:\/\/api.w.org\/{rel}","templated":true}]}}