{"id":6489,"date":"2025-05-21T15:42:28","date_gmt":"2025-05-21T15:42:28","guid":{"rendered":"https:\/\/www.uutispeili.fi\/?p=6489"},"modified":"2025-05-21T15:42:29","modified_gmt":"2025-05-21T15:42:29","slug":"nato-parlamentaarikot-daytonissa-torstaista","status":"publish","type":"post","link":"https:\/\/www.uutispeili.fi\/index.php\/2025\/05\/21\/nato-parlamentaarikot-daytonissa-torstaista\/","title":{"rendered":"Nato-parlamentaarikot Daytonissa torstaista"},"content":{"rendered":"<p><strong>Euroopan turvallisuustilanne -Ven\u00e4j\u00e4, Ukraina ja Balkan- hallitsee keskusteluja noin kolmesadan puolustusliitto-NATO:n j\u00e4sen- ja kumppanimaiden kansanedustajaa kokoontuessa Yhdysvaltojen Daytoniin 22.\u201326.5.<\/strong><\/p>\n<p><strong>Naton parlamentaarisen yleiskokouksen<\/strong> kev\u00e4tistuntoon <strong>Dayton<\/strong>iin odotetaan yhteens\u00e4 jopa tuhatta osallistujaa, joista noin 300 on j\u00e4sen- ja kumppanimaiden kansanedustajia ja ministereit\u00e4.<\/p>\n<p>T\u00e4ysistuntojen lis\u00e4ksi Daytonissa kokoontuu yleiskokouksen viisi komiteaa, joissa k\u00e4sitell\u00e4\u00e4n j\u00e4rjest\u00f6n raportteja muun muassa Naton <strong>Ven\u00e4j\u00e4<\/strong>-suhteesta, <strong>L\u00e4nsi-Balkan<\/strong>in tilanteesta sek\u00e4 <strong>Ukrainas<\/strong>ta.<\/p>\n<h2>Daytonin rauhansopimuksesta 30-vuotta<\/h2>\n<p>Kokouksen ohjelmassa on my\u00f6s asiantuntijapuheenvuoroja sek\u00e4 mahdollisuus osallistua entisen Jugoslavian alueen hajoamissodat p\u00e4\u00e4tt\u00e4neen Daytonin rauhansopimuksen 30-vuotisjuhlaan.<\/p>\n<p>Kokouksen puhujiin kuuluvat muiden muassa parlamentaarisen yleiskokouksen puheenjohtaja <strong>Marcos<\/strong> <strong>Perestrello<\/strong>, Naton p\u00e4\u00e4sihteeri <strong>Mark Rutte<\/strong>, Kroatian ulkoministeri <strong>Gordan Grli\u0107-Radman<\/strong>, Bosnia-Hertsegovinan ulkoministeri <strong>Elmedin Konakovic<\/strong> sek\u00e4 Ruotsin entinen p\u00e4\u00e4ministeri <strong>Carl Bildt<\/strong>.<\/p>\n<p>Maanantain 26.5. t\u00e4ysistunnossa parlamentaarikot vahvistavat yleiskokouksen uuden p\u00e4\u00e4sihteerin valinnan sek\u00e4 Ukrainaa ja Naton pelotteen ja puolustuksen kehitt\u00e4mist\u00e4 koskevat julkilausumat.<\/p>\n<h2>Suomen valtuuskunta k\u00e4y F-35-tehtaalla<b><br \/>\n<\/b><\/h2>\n<p>Suomen eduskunnasta Daytonin kokoukseen osallistuvat kansanedustajat <strong>Tomi Immonen<\/strong> (Suomen valtuuskunnan puheenjohtaja, ps.), <strong>Mika Kari<\/strong> (sd.), <strong>Jarno Limnell<\/strong> (kok.) ja <strong>Mikko Savola<\/strong> (kesk.).<\/p>\n<p>Menomatkalla Suomen valtuuskunta vierailee <strong>Lockheed Martin<\/strong>in lentokonetehtaalla <strong>Fort Worth<\/strong>issa <strong>Texas<\/strong>issa tutustumassa Suomen tilaamien <strong>F-35<\/strong>-monitoimih\u00e4vitt\u00e4jien kokoonpanoon. Niist\u00e4 ensimm\u00e4inen valmistuu syksyll\u00e4. <img loading=\"lazy\" decoding=\"async\" class=\"alignnone size-full wp-image-144\" src=\"https:\/\/www.uutispeili.fi\/wp-content\/uploads\/2023\/11\/di.gold_.gif\" alt=\"\" width=\"11\" height=\"11\" \/><\/p>\n<p>(Uutispeili ei ole muokannut artikkelin sis\u00e4lt\u00f6\u00e4.)<\/p>\n<p>Seurattavaa:<\/p>\n<ul>\n<li><a href=\"https:\/\/www.natopa-dayton2025.org\/\" target=\"_blank\" rel=\"noopener noreferrer\">Daytonin istunto verkossa<\/a><\/li>\n<\/ul>\n","protected":false},"excerpt":{"rendered":"<p>Euroopan turvallisuustilanne -Ven\u00e4j\u00e4, Ukraina ja Balkan- hallitsee keskusteluja noin kolmesadan puolustusliitto-NATO:n j\u00e4sen- ja kumppanimaiden kansanedustajaa kokoontuessa Yhdysvaltojen Daytoniin 22.\u201326.5. Naton parlamentaarisen yleiskokouksen kev\u00e4tistuntoon Daytoniin odotetaan yhteens\u00e4 jopa tuhatta osallistujaa, joista noin 300 on j\u00e4sen- ja kumppanimaiden kansanedustajia ja ministereit\u00e4. T\u00e4ysistuntojen lis\u00e4ksi Daytonissa kokoontuu yleiskokouksen viisi komiteaa, joissa k\u00e4sitell\u00e4\u00e4n j\u00e4rjest\u00f6n raportteja muun muassa Naton Ven\u00e4j\u00e4-suhteesta, L\u00e4nsi-Balkanin [&hellip;]<\/p>\n","protected":false},"author":3,"featured_media":3639,"comment_status":"open","ping_status":"open","sticky":false,"template":"","format":"standard","meta":{"footnotes":""},"categories":[49,73],"tags":[],"_links":{"self":[{"href":"https:\/\/www.uutispeili.fi\/index.php\/wp-json\/wp\/v2\/posts\/6489"}],"collection":[{"href":"https:\/\/www.uutispeili.fi\/index.php\/wp-json\/wp\/v2\/posts"}],"about":[{"href":"https:\/\/www.uutispeili.fi\/index.php\/wp-json\/wp\/v2\/types\/post"}],"author":[{"embeddable":true,"href":"https:\/\/www.uutispeili.fi\/index.php\/wp-json\/wp\/v2\/users\/3"}],"replies":[{"embeddable":true,"href":"https:\/\/www.uutispeili.fi\/index.php\/wp-json\/wp\/v2\/comments?post=6489"}],"version-history":[{"count":1,"href":"https:\/\/www.uutispeili.fi\/index.php\/wp-json\/wp\/v2\/posts\/6489\/revisions"}],"predecessor-version":[{"id":6490,"href":"https:\/\/www.uutispeili.fi\/index.php\/wp-json\/wp\/v2\/posts\/6489\/revisions\/6490"}],"wp:featuredmedia":[{"embeddable":true,"href":"https:\/\/www.uutispeili.fi\/index.php\/wp-json\/wp\/v2\/media\/3639"}],"wp:attachment":[{"href":"https:\/\/www.uutispeili.fi\/index.php\/wp-json\/wp\/v2\/media?parent=6489"}],"wp:term":[{"taxonomy":"category","embeddable":true,"href":"https:\/\/www.uutispeili.fi\/index.php\/wp-json\/wp\/v2\/categories?post=6489"},{"taxonomy":"post_tag","embeddable":true,"href":"https:\/\/www.uutispeili.fi\/index.php\/wp-json\/wp\/v2\/tags?post=6489"}],"curies":[{"name":"wp","href":"https:\/\/api.w.org\/{rel}","templated":true}]}}