{"id":6381,"date":"2025-05-14T16:28:57","date_gmt":"2025-05-14T16:28:57","guid":{"rendered":"https:\/\/www.uutispeili.fi\/?p=6381"},"modified":"2025-05-14T16:28:58","modified_gmt":"2025-05-14T16:28:58","slug":"keskustan-jouni-ovaska-ja-mikko-savola-datakeskuksista-suomesta-on-tulossa-datan-banaanivaltio","status":"publish","type":"post","link":"https:\/\/www.uutispeili.fi\/index.php\/2025\/05\/14\/keskustan-jouni-ovaska-ja-mikko-savola-datakeskuksista-suomesta-on-tulossa-datan-banaanivaltio\/","title":{"rendered":"Keskustan Jouni Ovaska ja Mikko Savola datakeskuksista: Suomesta on tulossa datan banaanivaltio?"},"content":{"rendered":"<p class=\"v1MsoNormal\"><b>Liikenne- ja viestint\u00e4valiokunnan puheenjohtaja Jouni Ovaska (kesk.) ja puolustusvaliokunnan varapuheenjohtaja Mikko Savola (kesk.)<\/b>\u00a0<strong>vaativat j\u00e4rkiperusteista ja yhten\u00e4ist\u00e4 linjaa koskien Suomeen kohdistuvia datakeskusinvestointeja.<\/strong><\/p>\n<p>(Kuva Uutispeilin kombinaatio, eri l\u00e4hteist\u00e4.)<\/p>\n<p class=\"v1MsoNormal\"><strong>Suomeen<\/strong> on viime vuosina kohdistunut kasvavaa kiinnostusta <strong>datakeskusten<\/strong> sijoittamispaikkana. Kehitys linkittyy vahvasti globaaliin datatalouteen, jossa infrastruktuurin, kuten datakeskusten, rooli on keskeinen.<\/p>\n<p class=\"v1MsoNormal\"><strong>Jouni Ovaska<\/strong> ja <strong>Mikko Savola<\/strong> vieroksuvat vallitsevaa juupas-eip\u00e4s keskustelua niin hallituksen sis\u00e4ll\u00e4 kuin laajemminkin. Ilmi\u00f6\u00f6n sis\u00e4ltyy monia ristikk\u00e4isi\u00e4 n\u00e4k\u00f6kulmia, jotka vaativat harkittua kokonaisarviointia \u2013 ei pelkk\u00e4\u00e4 investointien toivottamista tervetulleeksi tai torjumista yksitt\u00e4isten ep\u00e4ilyjen varassa.<\/p>\n<p class=\"v1MsoNormal\">Ovaska ja Savola korostavat, ett\u00e4 datatalouden kehitt\u00e4misess\u00e4 painopiste ei voi olla pelk\u00e4ss\u00e4 fyysisess\u00e4 infrastruktuurissa, kuten serverihalleissa. Suomen tavoitteena tulee olla datatalouden jalostusarvon kasvattaminen. Hallituksen puoliv\u00e4liriihen kirjaukset ovat olleet t\u00e4ss\u00e4 suhteessa varovaisia.<\/p>\n<h2>&#8217;<em>Pahimmillaan holtiton datakeskusten sijoittaminen johtaa s\u00e4hk\u00f6n hinnan nousuun<\/em>&#8217;<\/h2>\n<ul type=\"disc\">\n<li class=\"v1MsoNormal\">Nyt on kyse my\u00f6s tavallisten suomalaisten arjesta. Pahimmillaan holtiton datakeskusten sijoittaminen johtaa s\u00e4hk\u00f6n saatavuuden heikentymiseen ja hinnan nousuun ja suomalaisten arjen kallistumiseen. T\u00e4m\u00e4n rinnalla kalpenee keskustelu kohtuuttomista bensan hinnoista,\u00a0Jouni Ovaska kommentoi.<\/li>\n<li class=\"v1MsoNormal\">Nyt tarvitaan konkreettisia toimenpiteit\u00e4, jotka edist\u00e4v\u00e4t suomalaisen datatalouden omavaraisuutta ja strategista riippumattomuutta. Mill\u00e4 tavoin sijoittuvat datakeskukset tukevat tutkimus-, kehitt\u00e4mis- ja innovaatiotoimintaan tai miten ne luovat osaamista, ty\u00f6paikkoja ja kasvollista omistajuutta alueellisesti,\u00a0Ovaska kysyy.<\/li>\n<\/ul>\n<h2>Datakeskukset ovat vedenkin suurkuluttajia<\/h2>\n<p class=\"v1MsoNormal\">Datakeskukset ovat tunnetusti suurkuluttajia niin s\u00e4hk\u00f6n kuin vedenkin osalta. Keskustelu energian riitt\u00e4vyydest\u00e4 ei voi j\u00e4\u00e4d\u00e4 sivuraiteelle. Samaan aikaan yhteiskunta s\u00e4hk\u00f6istyy ja energiainvestointeja tarvitaan kriittisiin kohteisiin.<\/p>\n<ul type=\"disc\">\n<li class=\"v1MsoNormal\">On t\u00e4rke\u00e4\u00e4 arvioida, kuinka suurta osaa kapasiteetista voidaan kohdistaa datakeskuksiin ilman vaikutuksia <strong>huoltovarmuuteen<\/strong> tai <strong>energian hintoihin<\/strong>. Tarvitaan pitk\u00e4j\u00e4nteinen energiapoliittinen suunnitelma, joka ottaa huomioon my\u00f6s datainfrastruktuurin kasvun,\u00a0Savola painottaa.<\/li>\n<\/ul>\n<h2>Datakeskukset ovat my\u00f6s osa turvallisuuspolitiikkaa<\/h2>\n<p class=\"v1MsoNormal\">Datakeskukset eiv\u00e4t ole vain teknologia- tai talouskysymys \u2013 ne ovat my\u00f6s osa turvallisuuspolitiikkaa. Globaali datatalous on geopoliittisesti herkk\u00e4 alue. Esimerkiksi TikTokin Suomi-suunnitelmien ymp\u00e4rill\u00e4 k\u00e4yty julkinen keskustelu osoittaa, ett\u00e4 hallituksella ei ole selke\u00e4\u00e4 jaettua linjaa.<\/p>\n<ul type=\"disc\">\n<li class=\"v1MsoNormal\">Turvallisuuspolitiikan puhe yhten\u00e4isest\u00e4 kansasta ei toimi, jos toimijat eiv\u00e4t jaa perustietoja tai taustatietojen tarkistus ei ole j\u00e4rjestelm\u00e4llist\u00e4. Kun datakeskuksia suunnitellaan kriittisille alueille \u2013 l\u00e4helle s\u00e4hk\u00f6verkon solmukohtia tai vesivaroja \u2013 t\u00e4ytyy olla selv\u00e4\u00e4, miten sijoittumiset arvioidaan strategisesti ja turvallisuuspoliittisesti, Savola jatkaa.<\/li>\n<\/ul>\n<h2>Kunnissa todellinen houkutus ottaa vastaan investointeja ilman kattavaa selvityst\u00e4<\/h2>\n<p class=\"v1MsoNormal\">Kansanedustajat korostavat, ett\u00e4 kuntien taloustilanne on monin paikoin vaikea. Houkutus ottaa vastaan investointeja ilman kattavaa selvityst\u00e4 on todellinen. Kuitenkin ilman kansallista investointi- ja turvallisuuspoliittista toimintaohjetta riskit kasvavat.<\/p>\n<ul type=\"disc\">\n<li class=\"v1MsoNormal\">Ei voida rakentaa mallia, jossa osa kunnista toimii ilman kokonaiskuvaa ja tukea, kun taas toiset j\u00e4\u00e4v\u00e4t investoinneista paitsi varovaisuuden vuoksi. Tarvitaan valtakunnallinen koordinaatio, joka arvioi investointien luonteen, alkuper\u00e4n ja pitk\u00e4aikaisvaikutukset,\u00a0<b>Ovaska vaatii.<\/b><\/li>\n<\/ul>\n<blockquote>\n<p class=\"v1MsoNormal\">Onko j\u00e4rkev\u00e4\u00e4 rakentaa useita datakeskuksia Suomeen? <em><strong>Kyll\u00e4<\/strong><\/em> \u2013 jos ne tukevat kotimaisen osaamisen kehitt\u00e4mist\u00e4, energiataloutta ja turvallisuutta. <strong><em>Ei<\/em><\/strong> \u2013 jos ne j\u00e4\u00e4v\u00e4t pelkiksi hallimaisiksi energiankuluttajiksi, joiden omistajuus, tarkoitusper\u00e4t ja jalostusarvo j\u00e4\u00e4v\u00e4t ep\u00e4selviksi.<\/p>\n<\/blockquote>\n<p class=\"v1MsoNormal\">T\u00e4rkeint\u00e4 on varmistaa, ett\u00e4 investoinnit eiv\u00e4t vain tapahdu, vaan ett\u00e4 ne my\u00f6s hy\u00f6dytt\u00e4v\u00e4t Suomea. Avoimuus, strateginen ohjaus ja julkinen keskustelu ovat t\u00e4ss\u00e4 keskeisi\u00e4. Nyt tarvitaan kansallinen linja \u2013 ei vain sarja paikallisia ratkaisuja,<b> Ovaska ja Savola p\u00e4\u00e4tt\u00e4v\u00e4t. <img loading=\"lazy\" decoding=\"async\" class=\"alignnone size-full wp-image-144\" src=\"https:\/\/www.uutispeili.fi\/wp-content\/uploads\/2023\/11\/di.gold_.gif\" alt=\"\" width=\"11\" height=\"11\" \/><\/b><\/p>\n<p>(Uutispeili ei ole muokannut artikkelin sis\u00e4lt\u00f6\u00e4.)<\/p>\n<blockquote class=\"wp-embedded-content\" data-secret=\"rd36VH3O8c\"><p><a href=\"https:\/\/www.uutispeili.fi\/index.php\/2025\/04\/28\/espanjassa-sahkokatko-paaministeri-rauhoitteli-kansaa\/\">Kyberhy\u00f6kk\u00e4ys mainittu Espanjassa s\u00e4hk\u00f6katkon yhteydess\u00e4, -ei virallista vahvistusta<\/a><\/p><\/blockquote>\n<p><iframe class=\"wp-embedded-content\" sandbox=\"allow-scripts\" security=\"restricted\" style=\"position: absolute; clip: rect(1px, 1px, 1px, 1px);\" title=\"&#8221;Kyberhy\u00f6kk\u00e4ys mainittu Espanjassa s\u00e4hk\u00f6katkon yhteydess\u00e4, -ei virallista vahvistusta&#8221; &#8212; \" src=\"https:\/\/www.uutispeili.fi\/index.php\/2025\/04\/28\/espanjassa-sahkokatko-paaministeri-rauhoitteli-kansaa\/embed\/#?secret=mWwu5dbOjk#?secret=rd36VH3O8c\" data-secret=\"rd36VH3O8c\" width=\"600\" height=\"338\" frameborder=\"0\" marginwidth=\"0\" marginheight=\"0\" scrolling=\"no\"><\/iframe><\/p>\n<blockquote class=\"wp-embedded-content\" data-secret=\"igTB1KyhRt\"><p><a href=\"https:\/\/www.uutispeili.fi\/index.php\/2025\/05\/07\/mikko-savola-elaintautien-torjuntaa-pitaa-tehostaa-tullin-toiminnassa\/\">Mikko Savola: El\u00e4intautien torjuntaa pit\u00e4\u00e4 tehostaa Tullin toiminnassa.<\/a><\/p><\/blockquote>\n<p><iframe class=\"wp-embedded-content\" sandbox=\"allow-scripts\" security=\"restricted\" style=\"position: absolute; clip: rect(1px, 1px, 1px, 1px);\" title=\"&#8221;Mikko Savola: El\u00e4intautien torjuntaa pit\u00e4\u00e4 tehostaa Tullin toiminnassa.&#8221; &#8212; \" src=\"https:\/\/www.uutispeili.fi\/index.php\/2025\/05\/07\/mikko-savola-elaintautien-torjuntaa-pitaa-tehostaa-tullin-toiminnassa\/embed\/#?secret=wFMatd9L6h#?secret=igTB1KyhRt\" data-secret=\"igTB1KyhRt\" width=\"600\" height=\"338\" frameborder=\"0\" marginwidth=\"0\" marginheight=\"0\" scrolling=\"no\"><\/iframe><\/p>\n<blockquote class=\"wp-embedded-content\" data-secret=\"1iOmO360bL\"><p><a href=\"https:\/\/www.uutispeili.fi\/index.php\/2025\/04\/12\/keskustan-jouni-ovaska-sanoo-orpo-ja-purra-alkaa-myyko-suomea\/\">Keskustan Jouni Ovaska sanoo: Orpo ja Purra, \u00e4lk\u00e4\u00e4 myyk\u00f6 Suomea!<\/a><\/p><\/blockquote>\n<p><iframe class=\"wp-embedded-content\" sandbox=\"allow-scripts\" security=\"restricted\" style=\"position: absolute; clip: rect(1px, 1px, 1px, 1px);\" title=\"&#8221;Keskustan Jouni Ovaska sanoo: Orpo ja Purra, \u00e4lk\u00e4\u00e4 myyk\u00f6 Suomea!&#8221; &#8212; \" src=\"https:\/\/www.uutispeili.fi\/index.php\/2025\/04\/12\/keskustan-jouni-ovaska-sanoo-orpo-ja-purra-alkaa-myyko-suomea\/embed\/#?secret=PmbReJmvEl#?secret=1iOmO360bL\" data-secret=\"1iOmO360bL\" width=\"600\" height=\"338\" frameborder=\"0\" marginwidth=\"0\" marginheight=\"0\" scrolling=\"no\"><\/iframe><\/p>\n","protected":false},"excerpt":{"rendered":"<p>Liikenne- ja viestint\u00e4valiokunnan puheenjohtaja Jouni Ovaska (kesk.) ja puolustusvaliokunnan varapuheenjohtaja Mikko Savola (kesk.)\u00a0vaativat j\u00e4rkiperusteista ja yhten\u00e4ist\u00e4 linjaa koskien Suomeen kohdistuvia datakeskusinvestointeja. (Kuva Uutispeilin kombinaatio, eri l\u00e4hteist\u00e4.) Suomeen on viime vuosina kohdistunut kasvavaa kiinnostusta datakeskusten sijoittamispaikkana. Kehitys linkittyy vahvasti globaaliin datatalouteen, jossa infrastruktuurin, kuten datakeskusten, rooli on keskeinen. Jouni Ovaska ja Mikko Savola vieroksuvat vallitsevaa juupas-eip\u00e4s [&hellip;]<\/p>\n","protected":false},"author":3,"featured_media":6382,"comment_status":"open","ping_status":"open","sticky":false,"template":"","format":"standard","meta":{"footnotes":""},"categories":[183,49,59],"tags":[],"_links":{"self":[{"href":"https:\/\/www.uutispeili.fi\/index.php\/wp-json\/wp\/v2\/posts\/6381"}],"collection":[{"href":"https:\/\/www.uutispeili.fi\/index.php\/wp-json\/wp\/v2\/posts"}],"about":[{"href":"https:\/\/www.uutispeili.fi\/index.php\/wp-json\/wp\/v2\/types\/post"}],"author":[{"embeddable":true,"href":"https:\/\/www.uutispeili.fi\/index.php\/wp-json\/wp\/v2\/users\/3"}],"replies":[{"embeddable":true,"href":"https:\/\/www.uutispeili.fi\/index.php\/wp-json\/wp\/v2\/comments?post=6381"}],"version-history":[{"count":2,"href":"https:\/\/www.uutispeili.fi\/index.php\/wp-json\/wp\/v2\/posts\/6381\/revisions"}],"predecessor-version":[{"id":6384,"href":"https:\/\/www.uutispeili.fi\/index.php\/wp-json\/wp\/v2\/posts\/6381\/revisions\/6384"}],"wp:featuredmedia":[{"embeddable":true,"href":"https:\/\/www.uutispeili.fi\/index.php\/wp-json\/wp\/v2\/media\/6382"}],"wp:attachment":[{"href":"https:\/\/www.uutispeili.fi\/index.php\/wp-json\/wp\/v2\/media?parent=6381"}],"wp:term":[{"taxonomy":"category","embeddable":true,"href":"https:\/\/www.uutispeili.fi\/index.php\/wp-json\/wp\/v2\/categories?post=6381"},{"taxonomy":"post_tag","embeddable":true,"href":"https:\/\/www.uutispeili.fi\/index.php\/wp-json\/wp\/v2\/tags?post=6381"}],"curies":[{"name":"wp","href":"https:\/\/api.w.org\/{rel}","templated":true}]}}