{"id":6340,"date":"2025-05-12T13:38:47","date_gmt":"2025-05-12T13:38:47","guid":{"rendered":"https:\/\/www.uutispeili.fi\/?p=6340"},"modified":"2025-05-12T13:38:48","modified_gmt":"2025-05-12T13:38:48","slug":"mikko-polvinen-ps-parlamentaaristen-diplomaattien-puolustettava-demokratiaa-ja-sananvapautta-kriisien-keskella","status":"publish","type":"post","link":"https:\/\/www.uutispeili.fi\/index.php\/2025\/05\/12\/mikko-polvinen-ps-parlamentaaristen-diplomaattien-puolustettava-demokratiaa-ja-sananvapautta-kriisien-keskella\/","title":{"rendered":"Mikko Polvinen (ps): Parlamentaaristen diplomaattien puolustettava demokratiaa ja sananvapautta kriisien keskell\u00e4"},"content":{"rendered":"<p><strong>Latvian Riiassa pidettiin Eurooppa-p\u00e4iv\u00e4n\u00e4 9.5. Baltian maiden yleiskokouksen j\u00e4rjest\u00e4m\u00e4 kansainv\u00e4linen konferenssi, jonka teemana oli diplomatian rajat ja diplomatia yli rajojen. Suomesta mukana oli It\u00e4meri-valtuuskunnan varapuheenjohtaja Mikko Polvinen.<\/strong><\/p>\n<p>(Kuval\u00e4hde: Svjatlana Tsihanouskaja \/X.)<\/p>\n<p>Konferenssi toi yhteen lains\u00e4\u00e4d\u00e4nt\u00f6vallan ja toimeenpanovallan asiantuntijoita sek\u00e4 virkamiehi\u00e4\u200bpohtimaan parlamentaarisen diplomatian synergist\u00e4 roolia, hy\u00f6dyllisyytt\u00e4, ja hy\u00f6dynt\u00e4m\u00e4t\u00f6nt\u00e4 potentiaalia suurvaltapoliittisten kriisien, j\u00e4rjestelm\u00e4murroksen ja s\u00e4\u00e4st\u00f6paineiden keskell\u00e4. Tilaisuuteen osallistuivat edustajat <strong>It\u00e4meren parlamentaarikkokonferenssista<\/strong>, <strong>Pohjoismaiden neuvostost<\/strong>a, <strong>Benelux<\/strong>-parlamentista ja <strong>Brittil\u00e4is-irlantilaisesta<\/strong> parlamentaarisesta yleiskokouksesta.<\/p>\n<p>Tapahtuma oli samalla symbolinen kannanotto Euroopan yhten\u00e4isyyden puolesta sek\u00e4 solidaarisuuden osoitus <strong>Ukrainaa<\/strong> ja <strong>Valko-Ven\u00e4j\u00e4\u00e4<\/strong> kohtaan. Konferenssin p\u00e4\u00e4puheen piti Valko-Ven\u00e4j\u00e4n pakolaishallituksen puheenjohtaja <strong>Svjatlana Tsihanouskaja<\/strong>.<\/p>\n<p>Konferenssiin osallistuneen <strong>Mikko Polvisen<\/strong> (ps) mukaan parlamentaarinen diplomatia on t\u00e4rke\u00e4\u00e4, koska kansallisten ja kansainv\u00e4listen asioiden raja on h\u00e4ilyv\u00e4. Senkin takia parlamentaaristen diplomaattien tulisi toimia demokratian silmin\u00e4, korvina ja huulina maailmalla sek\u00e4 demokratian ja sananvapauden vahtikoirina ja puolestapuhujina kriisien keskell\u00e4, Polvinen painotti. <img loading=\"lazy\" decoding=\"async\" class=\"alignnone size-full wp-image-144\" src=\"https:\/\/www.uutispeili.fi\/wp-content\/uploads\/2023\/11\/di.gold_.gif\" alt=\"\" width=\"11\" height=\"11\" \/><\/p>\n<p>(Uutispeili ei ole muokannut artikkelin sis\u00e4lt\u00f6\u00e4.)<\/p>\n<ul>\n<li>https:\/\/x.com\/Tsihanouskaya\/status\/1920920719354958334<\/li>\n<\/ul>\n","protected":false},"excerpt":{"rendered":"<p>Latvian Riiassa pidettiin Eurooppa-p\u00e4iv\u00e4n\u00e4 9.5. Baltian maiden yleiskokouksen j\u00e4rjest\u00e4m\u00e4 kansainv\u00e4linen konferenssi, jonka teemana oli diplomatian rajat ja diplomatia yli rajojen. Suomesta mukana oli It\u00e4meri-valtuuskunnan varapuheenjohtaja Mikko Polvinen. (Kuval\u00e4hde: Svjatlana Tsihanouskaja \/X.) Konferenssi toi yhteen lains\u00e4\u00e4d\u00e4nt\u00f6vallan ja toimeenpanovallan asiantuntijoita sek\u00e4 virkamiehi\u00e4\u200bpohtimaan parlamentaarisen diplomatian synergist\u00e4 roolia, hy\u00f6dyllisyytt\u00e4, ja hy\u00f6dynt\u00e4m\u00e4t\u00f6nt\u00e4 potentiaalia suurvaltapoliittisten kriisien, j\u00e4rjestelm\u00e4murroksen ja s\u00e4\u00e4st\u00f6paineiden keskell\u00e4. Tilaisuuteen [&hellip;]<\/p>\n","protected":false},"author":3,"featured_media":6341,"comment_status":"open","ping_status":"open","sticky":false,"template":"","format":"standard","meta":{"footnotes":""},"categories":[49,51],"tags":[],"_links":{"self":[{"href":"https:\/\/www.uutispeili.fi\/index.php\/wp-json\/wp\/v2\/posts\/6340"}],"collection":[{"href":"https:\/\/www.uutispeili.fi\/index.php\/wp-json\/wp\/v2\/posts"}],"about":[{"href":"https:\/\/www.uutispeili.fi\/index.php\/wp-json\/wp\/v2\/types\/post"}],"author":[{"embeddable":true,"href":"https:\/\/www.uutispeili.fi\/index.php\/wp-json\/wp\/v2\/users\/3"}],"replies":[{"embeddable":true,"href":"https:\/\/www.uutispeili.fi\/index.php\/wp-json\/wp\/v2\/comments?post=6340"}],"version-history":[{"count":1,"href":"https:\/\/www.uutispeili.fi\/index.php\/wp-json\/wp\/v2\/posts\/6340\/revisions"}],"predecessor-version":[{"id":6342,"href":"https:\/\/www.uutispeili.fi\/index.php\/wp-json\/wp\/v2\/posts\/6340\/revisions\/6342"}],"wp:featuredmedia":[{"embeddable":true,"href":"https:\/\/www.uutispeili.fi\/index.php\/wp-json\/wp\/v2\/media\/6341"}],"wp:attachment":[{"href":"https:\/\/www.uutispeili.fi\/index.php\/wp-json\/wp\/v2\/media?parent=6340"}],"wp:term":[{"taxonomy":"category","embeddable":true,"href":"https:\/\/www.uutispeili.fi\/index.php\/wp-json\/wp\/v2\/categories?post=6340"},{"taxonomy":"post_tag","embeddable":true,"href":"https:\/\/www.uutispeili.fi\/index.php\/wp-json\/wp\/v2\/tags?post=6340"}],"curies":[{"name":"wp","href":"https:\/\/api.w.org\/{rel}","templated":true}]}}