{"id":6329,"date":"2025-05-10T18:03:05","date_gmt":"2025-05-10T18:03:05","guid":{"rendered":"https:\/\/www.uutispeili.fi\/?p=6329"},"modified":"2025-05-10T18:05:55","modified_gmt":"2025-05-10T18:05:55","slug":"intia-syyttaa-pakistania-tulitauon-rikkomisesta-joukoille-on-annettu-vapaat-kadet-vastata-video","status":"publish","type":"post","link":"https:\/\/www.uutispeili.fi\/index.php\/2025\/05\/10\/intia-syyttaa-pakistania-tulitauon-rikkomisesta-joukoille-on-annettu-vapaat-kadet-vastata-video\/","title":{"rendered":"Intia syytt\u00e4\u00e4 Pakistania tulitauon rikkomisesta, &#8221;joukoille on annettu vapaat k\u00e4det vastata&#8221; (VIDEO)"},"content":{"rendered":"<p><strong>Intian Hallitus syytt\u00e4\u00e4 Pakistania &#8221;yhteisymm\u00e4rryksen rikkomisesta&#8221; ja sanoo, ett\u00e4 joukoille on annettu vapaat k\u00e4det vastata.<\/strong><\/p>\n<p><strong>Intian<\/strong> ulkoministeri <strong>Vikram Misri<\/strong> sanoi, ett\u00e4 <strong>Intian asevoimille<\/strong> on annettu k\u00e4sky puuttua voimakkaasti kaikkiin tulitaukosopimusten rikkomusten toistumiseen. Misri sanoi asevoimien vastanneen riitt\u00e4v\u00e4sti tulitaukosopimusrikkomuksiin.<\/p>\n<p>Intia ilmoitti lauantai-iltana Pakistanin rikkoneen tulitaukosopimusta, johon molemmat osapuolet sitoutuivat aiemmin p\u00e4iv\u00e4ll\u00e4. My\u00f6h\u00e4\u00e4n illalla pidetyss\u00e4 lehdist\u00f6tilaisuudessa ulkoministeri Vikram Misri sanoi Pakistanin rikkoneen sopimuksen tunteja sen j\u00e4lkeen.\u00a0<img loading=\"lazy\" decoding=\"async\" class=\"alignnone size-full wp-image-144\" src=\"https:\/\/www.uutispeili.fi\/wp-content\/uploads\/2023\/11\/di.gold_.gif\" alt=\"\" width=\"11\" height=\"11\" \/><\/p>\n<p>Videol\u00e4hetys: Intian ulkoministeri\u00f6.<\/p>\n<p><iframe loading=\"lazy\" title=\"India-Pakistan Ceasefire Violation LIVE: Foreign Secretary Vikram Misri Slams Pakistan | Op Sindoor\" src=\"https:\/\/www.youtube.com\/embed\/CYRbFyp_Ei0\" width=\"640\" height=\"360\" frameborder=\"0\" allowfullscreen=\"allowfullscreen\"><\/iframe><\/p>\n","protected":false},"excerpt":{"rendered":"<p>Intian Hallitus syytt\u00e4\u00e4 Pakistania &#8221;yhteisymm\u00e4rryksen rikkomisesta&#8221; ja sanoo, ett\u00e4 joukoille on annettu vapaat k\u00e4det vastata. Intian ulkoministeri Vikram Misri sanoi, ett\u00e4 Intian asevoimille on annettu k\u00e4sky puuttua voimakkaasti kaikkiin tulitaukosopimusten rikkomusten toistumiseen. Misri sanoi asevoimien vastanneen riitt\u00e4v\u00e4sti tulitaukosopimusrikkomuksiin. Intia ilmoitti lauantai-iltana Pakistanin rikkoneen tulitaukosopimusta, johon molemmat osapuolet sitoutuivat aiemmin p\u00e4iv\u00e4ll\u00e4. My\u00f6h\u00e4\u00e4n illalla pidetyss\u00e4 lehdist\u00f6tilaisuudessa ulkoministeri [&hellip;]<\/p>\n","protected":false},"author":3,"featured_media":6330,"comment_status":"open","ping_status":"open","sticky":false,"template":"","format":"standard","meta":{"footnotes":""},"categories":[170,180,71],"tags":[],"_links":{"self":[{"href":"https:\/\/www.uutispeili.fi\/index.php\/wp-json\/wp\/v2\/posts\/6329"}],"collection":[{"href":"https:\/\/www.uutispeili.fi\/index.php\/wp-json\/wp\/v2\/posts"}],"about":[{"href":"https:\/\/www.uutispeili.fi\/index.php\/wp-json\/wp\/v2\/types\/post"}],"author":[{"embeddable":true,"href":"https:\/\/www.uutispeili.fi\/index.php\/wp-json\/wp\/v2\/users\/3"}],"replies":[{"embeddable":true,"href":"https:\/\/www.uutispeili.fi\/index.php\/wp-json\/wp\/v2\/comments?post=6329"}],"version-history":[{"count":3,"href":"https:\/\/www.uutispeili.fi\/index.php\/wp-json\/wp\/v2\/posts\/6329\/revisions"}],"predecessor-version":[{"id":6333,"href":"https:\/\/www.uutispeili.fi\/index.php\/wp-json\/wp\/v2\/posts\/6329\/revisions\/6333"}],"wp:featuredmedia":[{"embeddable":true,"href":"https:\/\/www.uutispeili.fi\/index.php\/wp-json\/wp\/v2\/media\/6330"}],"wp:attachment":[{"href":"https:\/\/www.uutispeili.fi\/index.php\/wp-json\/wp\/v2\/media?parent=6329"}],"wp:term":[{"taxonomy":"category","embeddable":true,"href":"https:\/\/www.uutispeili.fi\/index.php\/wp-json\/wp\/v2\/categories?post=6329"},{"taxonomy":"post_tag","embeddable":true,"href":"https:\/\/www.uutispeili.fi\/index.php\/wp-json\/wp\/v2\/tags?post=6329"}],"curies":[{"name":"wp","href":"https:\/\/api.w.org\/{rel}","templated":true}]}}