{"id":6304,"date":"2025-05-10T13:09:03","date_gmt":"2025-05-10T13:09:03","guid":{"rendered":"https:\/\/www.uutispeili.fi\/?p=6304"},"modified":"2025-05-10T14:17:24","modified_gmt":"2025-05-10T14:17:24","slug":"intian-pakistanin-sota-loppuu-klo-1700","status":"publish","type":"post","link":"https:\/\/www.uutispeili.fi\/index.php\/2025\/05\/10\/intian-pakistanin-sota-loppuu-klo-1700\/","title":{"rendered":"Intian-Pakistanin sota loppuu  klo. 17:00"},"content":{"rendered":"<p id=\"0\" class=\"story_para_0\"><strong>Intian ulkoministeri\u00f6 ilmoitti t\u00e4n\u00e4\u00e4n lauantaina, ett\u00e4 Intia ja Pakistan ovat sopineet tulitauosta ja ett\u00e4 sotilaalliset toimet on keskeytetty kello 17.00 (Intian aikaa) alkaen. <\/strong><\/p>\n<p class=\"story_para_0\">Ulkoministeri <strong>Vikram Misri<\/strong> piti lyhyen lehdist\u00f6tilaisuuden <strong>New Delhi<\/strong>ss\u00e4, jossa h\u00e4n ilmoitti asiasta.<\/p>\n<p id=\"1\" class=\"story_para_1\">\u201dPakistanin maavoimien p\u00e4\u00e4llikk\u00f6 soitti Intian maavoimien p\u00e4\u00e4llikk\u00f6lle kello 15.35 aiemmin t\u00e4n\u00e4\u00e4n iltap\u00e4iv\u00e4ll\u00e4. Osapuolet sopivat, ett\u00e4 kaikki tulitus ja sotilaalliset toimet maalla, ilmassa ja merell\u00e4 lopetetaan kello 17.00 IST alkaen. Molemmat osapuolet ovat antaneet ohjeet t\u00e4m\u00e4n sopimuksen t\u00e4yt\u00e4nt\u00f6\u00f6npanemiseksi. He keskustelevat uudelleen 12. toukokuuta kello 12.00\u201d, Misri sanoi lyhyess\u00e4 tiedotteessa medialle.<\/p>\n<h2>&#8221;<em>Miljardeja pankissa, ohjuksia taivaalla: Kuinka IMF:n pelastuspaketti muutti Pakistanin sotaisuutta<\/em>&#8221;<\/h2>\n<p>Lehden haastatteleman korkea-arvoisen virkamiehen mukaan aina kun Pakistan saa kansainv\u00e4list\u00e4 rahoitusta, erityisesti l\u00e4nsimaiden tukemilta instituutioilta, kuten <strong>Ingalina Georgijevn<\/strong>an johtamalta <strong>IMF<\/strong>:lt\u00e4, se muuttaa saamansa avun <em>geopoliittiseksi<\/em> uhmaksi.<\/p>\n<p><strong>Pakistan<\/strong>in p\u00e4\u00e4ministeri <strong>Shehbaz Sharif<\/strong> v\u00e4itti heti IMF:n apupaketin julkistamisen j\u00e4lkeen, ett\u00e4 &#8221;<em>vihamieliset yritykset IMF:n ohjelman suistamiseksi raiteiltaan ovat ep\u00e4onnistuneet<\/em>&#8221;.<\/p>\n<blockquote><p>&#8217;Tunteja sen j\u00e4lkeen, kun <strong>Kansainv\u00e4linen valuuttarahasto<\/strong> (IMF) hyv\u00e4ksyi 1,1 miljardin dollarin my\u00f6nt\u00e4misen Pakistanille valmiusluottoj\u00e4rjestelyn (SBA) puitteissa, ja pyynn\u00f6n uudesta j\u00e4rjestelyst\u00e4 kriisinsietokyky\u00e4 ja kest\u00e4vyytt\u00e4 tukevan rahoitusv\u00e4lineen (RSF) puitteissa, johon sis\u00e4ltyisi noin 1,4 miljardia Yhdysvaltain dollaria (1 miljardi SDR), ohjukset ja droonit valaisivat taivaan loukaten Intian ilmatilaa aamuy\u00f6ll\u00e4&#8217;, kirjoittaa t\u00e4n\u00e4\u00e4n intialainen News18,<\/p><\/blockquote>\n<h2>&#8221;<em>Muste ei ollut edes kuivunut<\/em>&#8221;<\/h2>\n<p>&#8221;<em>IMF:n hyv\u00e4ksymisp\u00e4\u00e4t\u00f6ksen muste ei ollut edes kuivunut, kun <strong>Islamabad<\/strong> osoitti lihaksiaan ja muutti ryhti\u00e4\u00e4n dramaattisesti<\/em>&#8221;, kirjoittaa lehti varsin tylysti.<\/p>\n<p>\u201dT\u00e4m\u00e4 ajoitus ei ole sattumaa. Se on aina ollut osa kulunutta pelikirjaa. Kun Pakistan saa kansainv\u00e4list\u00e4 rahoitusta, -erityisesti l\u00e4nsimaiden tukemilta instituutioilta- kuten Kansainv\u00e4liselt\u00e4 valuuttarahastolta (IMF), mik\u00e4 tahansa Pakistanin hallinto usein k\u00e4\u00e4nt\u00e4\u00e4 kyseisen taloudellisen helpotuksen geopoliittiseksi uhmaksi. Talouskriisi saattaa tuoda Islamabadin neuvottelup\u00f6yt\u00e4\u00e4n joksikin aikaa, mutta k\u00e4teinen raha elvytt\u00e4\u00e4 nopeasti armeijan itseluottamuksen \u2013 ja sen halun lis\u00e4konfrontaatioon\u201d (Intian kanssa), sanoi er\u00e4\u00e4ss\u00e4 asiaan liittyv\u00e4ss\u00e4 ministeri\u00f6ss\u00e4 palveleva korkea IAS-upseeri.<\/p>\n<h2>&#8217;<em>Todisteita Pakistanin osallisuudesta ja tuesta terroristij\u00e4rjest\u00f6ille oli olemassa<\/em>&#8217;<\/h2>\n<p>\u201d<strong>Yhdysvaltain<\/strong> ja <strong>Ison-Britannian<\/strong> suurl\u00e4hettil\u00e4\u00e4t ja korkeat komissaarit esittiv\u00e4t julkisissa lausunnoissaan ja kansainv\u00e4lisille mediakanaville antamissaan haastatteluissa todisteita Pakistanin osallisuudesta ja tuesta terroristij\u00e4rjest\u00f6ille. He ovat my\u00f6s esitt\u00e4neet r\u00e4ikeit\u00e4 todisteita, kuten valokuvia Pakistanin armeijan virkamiehist\u00e4 univormuissaan seisomassa maailmanlaajuisesti tunnetun terroristin takana\u201d, virkamies lis\u00e4si.<\/p>\n<blockquote><p>Toukokuussa 2025 Kansainv\u00e4linen valuuttarahasto (IMF) maksoi Pakistanille viel\u00e4 2,4 miljardia dollaria \u2013 miljardi dollaria 7 miljardin dollarin laajennetusta rahoitusv\u00e4lineest\u00e4\u00e4n (EFF) ja 1,4 miljardia dollaria sietokyky- ja kest\u00e4vyysv\u00e4lineest\u00e4\u00e4n (RSF).<\/p><\/blockquote>\n<p><strong>Pahalgam<\/strong>issa Intian valvomassa osassa <strong>Kashmir<\/strong>ia tapahtunut siviiliuhreja vaatinut tuhoisa -Pakistanin puolelta organisoitu- terrori-isku ei vaikuttanut rahoitusp\u00e4\u00e4t\u00f6kseen, alleviivaa lehden kirjoittaja.<\/p>\n<p>Lehti muistuttaa Pakistanin saamasta IMF-rahoituksesta -vuodesta 1988 alkaen- ja IMF:n roolin ristiriitaisuudesta:\u00a0 &#8217;<em>IMF ei ole pelkk\u00e4 kirjanpit\u00e4j\u00e4 \u2013 se on vaikutusvaltainen geopoliittinen toimija<\/em>&#8217;. p\u00e4\u00e4tt\u00e4\u00e4 kirjoittaja. <img loading=\"lazy\" decoding=\"async\" class=\"alignnone size-full wp-image-144\" src=\"https:\/\/www.uutispeili.fi\/wp-content\/uploads\/2023\/11\/di.gold_.gif\" alt=\"\" width=\"11\" height=\"11\" \/><\/p>\n<p>Luettavaa:<\/p>\n<ul>\n<li><a href=\"https:\/\/www.news18.com\/india\/india-and-pakistan-reach-ceasefire-agreement-military-action-stopped-from-5-pm-today-mea-9331603.html\" target=\"_blank\" rel=\"noopener\"><strong>News 18<\/strong><\/a>, 10.05. 2025,<\/li>\n<li><a href=\"https:\/\/www.news18.com\/india\/billions-in-the-bank-missiles-in-the-sky-how-imf-bailout-changed-pakistans-war-posturing-ws-kl-9331106.html\" target=\"_blank\" rel=\"noopener\"><strong>News 18<\/strong><\/a>, 10.05. 2025,<\/li>\n<li><a href=\"https:\/\/www.news18.com\/opinion\/opinion-why-is-imf-still-backing-pakistan-world-must-ask-tougher-questions-9331744.html\" target=\"_blank\" rel=\"noopener\"><strong>News 18<\/strong><\/a>, 10.05. 2025,<\/li>\n<\/ul>\n","protected":false},"excerpt":{"rendered":"<p>Intian ulkoministeri\u00f6 ilmoitti t\u00e4n\u00e4\u00e4n lauantaina, ett\u00e4 Intia ja Pakistan ovat sopineet tulitauosta ja ett\u00e4 sotilaalliset toimet on keskeytetty kello 17.00 (Intian aikaa) alkaen. Ulkoministeri Vikram Misri piti lyhyen lehdist\u00f6tilaisuuden New Delhiss\u00e4, jossa h\u00e4n ilmoitti asiasta. \u201dPakistanin maavoimien p\u00e4\u00e4llikk\u00f6 soitti Intian maavoimien p\u00e4\u00e4llikk\u00f6lle kello 15.35 aiemmin t\u00e4n\u00e4\u00e4n iltap\u00e4iv\u00e4ll\u00e4. Osapuolet sopivat, ett\u00e4 kaikki tulitus ja sotilaalliset toimet [&hellip;]<\/p>\n","protected":false},"author":3,"featured_media":6307,"comment_status":"open","ping_status":"open","sticky":false,"template":"","format":"standard","meta":{"footnotes":""},"categories":[170,180,71],"tags":[],"_links":{"self":[{"href":"https:\/\/www.uutispeili.fi\/index.php\/wp-json\/wp\/v2\/posts\/6304"}],"collection":[{"href":"https:\/\/www.uutispeili.fi\/index.php\/wp-json\/wp\/v2\/posts"}],"about":[{"href":"https:\/\/www.uutispeili.fi\/index.php\/wp-json\/wp\/v2\/types\/post"}],"author":[{"embeddable":true,"href":"https:\/\/www.uutispeili.fi\/index.php\/wp-json\/wp\/v2\/users\/3"}],"replies":[{"embeddable":true,"href":"https:\/\/www.uutispeili.fi\/index.php\/wp-json\/wp\/v2\/comments?post=6304"}],"version-history":[{"count":2,"href":"https:\/\/www.uutispeili.fi\/index.php\/wp-json\/wp\/v2\/posts\/6304\/revisions"}],"predecessor-version":[{"id":6308,"href":"https:\/\/www.uutispeili.fi\/index.php\/wp-json\/wp\/v2\/posts\/6304\/revisions\/6308"}],"wp:featuredmedia":[{"embeddable":true,"href":"https:\/\/www.uutispeili.fi\/index.php\/wp-json\/wp\/v2\/media\/6307"}],"wp:attachment":[{"href":"https:\/\/www.uutispeili.fi\/index.php\/wp-json\/wp\/v2\/media?parent=6304"}],"wp:term":[{"taxonomy":"category","embeddable":true,"href":"https:\/\/www.uutispeili.fi\/index.php\/wp-json\/wp\/v2\/categories?post=6304"},{"taxonomy":"post_tag","embeddable":true,"href":"https:\/\/www.uutispeili.fi\/index.php\/wp-json\/wp\/v2\/tags?post=6304"}],"curies":[{"name":"wp","href":"https:\/\/api.w.org\/{rel}","templated":true}]}}