{"id":6296,"date":"2025-05-09T14:59:21","date_gmt":"2025-05-09T14:59:21","guid":{"rendered":"https:\/\/www.uutispeili.fi\/?p=6296"},"modified":"2025-05-09T15:05:24","modified_gmt":"2025-05-09T15:05:24","slug":"maa-ja-metsatalousvaliokunta-kannattaa-suurpetojen-kannanhoidollista-metsastysta-kaksi-vastalausetta","status":"publish","type":"post","link":"https:\/\/www.uutispeili.fi\/index.php\/2025\/05\/09\/maa-ja-metsatalousvaliokunta-kannattaa-suurpetojen-kannanhoidollista-metsastysta-kaksi-vastalausetta\/","title":{"rendered":"Maa- ja mets\u00e4talousvaliokunta kannattaa suurpetojen kannanhoidollista mets\u00e4styst\u00e4, -kaksi vastalausetta"},"content":{"rendered":"<p><strong>Maa- ja mets\u00e4talousvaliokunnan mietint\u00f6 hallituksen esityksest\u00e4 on valmistunut. Esityksen tavoitteena on luoda edellytyksi\u00e4 niin sanotun suurpetojen kannanhoidollisen mets\u00e4styksen mahdollistamiseksi.<\/strong><\/p>\n<p>Eduskunnan <strong>Maa- ja mets\u00e4talousvaliokunta<\/strong> pit\u00e4\u00e4 esityst\u00e4 tarpeellisena ja tarkoituksenmukaisena, ja puoltaa lakiehdotuksen hyv\u00e4ksymist\u00e4 muuttamattomana. Mietint\u00f6 sis\u00e4lt\u00e4\u00e4 kaksi vastalausetta.<\/p>\n<p>Valiokunta on aikaisemmissa lausunnoissaan kattavasti k\u00e4sitellyt suurpetokantojen runsastumisen, ihmisarkuuden v\u00e4henemisen ja kannanhoidollisen mets\u00e4styksen estymisen vaikutuksia.<\/p>\n<p>Huoli suurpetokantojen kasvun ja ihmisarkuuden v\u00e4henemisen aiheuttamista vahingoista sek\u00e4 uhasta ihmisten terveydelle ja turvallisuudelle toistuu elinkeinonharjoittajia, mets\u00e4st\u00e4ji\u00e4 ja viranomaisia edustavien tahojen valiokunnalle osoittamissa lausunnoissa. Kysymys ei ole yksinomaan v\u00e4litt\u00f6mist\u00e4 omaisuusvahingoista, vaan uhasta sis\u00e4iselle turvallisuudelle.<\/p>\n<p>Laki on tarkoitettu tulemaan voimaan mahdollisimman pian, kuitenkin viimeist\u00e4\u00e4n 29.5.2025. <img loading=\"lazy\" decoding=\"async\" class=\"alignnone size-full wp-image-144\" src=\"https:\/\/www.uutispeili.fi\/wp-content\/uploads\/2023\/11\/di.gold_.gif\" alt=\"\" width=\"11\" height=\"11\" \/><\/p>\n<p>(Uutispeili ei ole muokannut artikkelin sis\u00e4lt\u00f6\u00e4.)<\/p>\n<blockquote class=\"wp-embedded-content\" data-secret=\"heYX2KtGf6\"><p><a href=\"https:\/\/www.uutispeili.fi\/index.php\/2025\/05\/09\/suurpedot-kuuluvat-suomen-luontoon\/\">Suurpedot kuuluvat Suomen luontoon<\/a><\/p><\/blockquote>\n<p><iframe class=\"wp-embedded-content\" sandbox=\"allow-scripts\" security=\"restricted\" style=\"position: absolute; clip: rect(1px, 1px, 1px, 1px);\" title=\"&#8221;Suurpedot kuuluvat Suomen luontoon&#8221; &#8212; \" src=\"https:\/\/www.uutispeili.fi\/index.php\/2025\/05\/09\/suurpedot-kuuluvat-suomen-luontoon\/embed\/#?secret=TQUCPjMnVp#?secret=heYX2KtGf6\" data-secret=\"heYX2KtGf6\" width=\"600\" height=\"338\" frameborder=\"0\" marginwidth=\"0\" marginheight=\"0\" scrolling=\"no\"><\/iframe><\/p>\n<blockquote class=\"wp-embedded-content\" data-secret=\"SUpDIZQ7XV\"><p><a href=\"https:\/\/www.uutispeili.fi\/index.php\/2025\/04\/08\/luonnonvarakeskus-ei-vastaa-kansanedustajan-tietopyyntoon-susitietojen-ristiriitaisuuksista\/\">Luonnonvarakeskus ei vastaa kansanedustajan tietopyynt\u00f6\u00f6n susitietojen ristiriitaisuuksista<\/a><\/p><\/blockquote>\n<p><iframe class=\"wp-embedded-content\" sandbox=\"allow-scripts\" security=\"restricted\" style=\"position: absolute; clip: rect(1px, 1px, 1px, 1px);\" title=\"&#8221;Luonnonvarakeskus ei vastaa kansanedustajan tietopyynt\u00f6\u00f6n susitietojen ristiriitaisuuksista&#8221; &#8212; \" src=\"https:\/\/www.uutispeili.fi\/index.php\/2025\/04\/08\/luonnonvarakeskus-ei-vastaa-kansanedustajan-tietopyyntoon-susitietojen-ristiriitaisuuksista\/embed\/#?secret=ETjEROHcF6#?secret=SUpDIZQ7XV\" data-secret=\"SUpDIZQ7XV\" width=\"600\" height=\"338\" frameborder=\"0\" marginwidth=\"0\" marginheight=\"0\" scrolling=\"no\"><\/iframe><\/p>\n<blockquote class=\"wp-embedded-content\" data-secret=\"pMfmkMTzSS\"><p><a href=\"https:\/\/www.uutispeili.fi\/index.php\/2025\/03\/19\/ymparistovaliokunta-puoltaa-kainuussa-sijaitsevan-suomen-ja-neuvostoliiton-ystavyyden-puiston-kustannussaastoja\/\">Ymp\u00e4rist\u00f6valiokunta puoltaa Kainuussa sijaitsevan &#8217;Suomen ja Neuvostoliiton Yst\u00e4vyyden puiston&#8217; kustannuss\u00e4\u00e4st\u00f6j\u00e4<\/a><\/p><\/blockquote>\n<p><iframe class=\"wp-embedded-content\" sandbox=\"allow-scripts\" security=\"restricted\" style=\"position: absolute; clip: rect(1px, 1px, 1px, 1px);\" title=\"&#8221;Ymp\u00e4rist\u00f6valiokunta puoltaa Kainuussa sijaitsevan &#8217;Suomen ja Neuvostoliiton Yst\u00e4vyyden puiston&#8217; kustannuss\u00e4\u00e4st\u00f6j\u00e4&#8221; &#8212; \" src=\"https:\/\/www.uutispeili.fi\/index.php\/2025\/03\/19\/ymparistovaliokunta-puoltaa-kainuussa-sijaitsevan-suomen-ja-neuvostoliiton-ystavyyden-puiston-kustannussaastoja\/embed\/#?secret=FVVN8hp8m8#?secret=pMfmkMTzSS\" data-secret=\"pMfmkMTzSS\" width=\"600\" height=\"338\" frameborder=\"0\" marginwidth=\"0\" marginheight=\"0\" scrolling=\"no\"><\/iframe><\/p>\n<blockquote class=\"wp-embedded-content\" data-secret=\"JScs6syU2X\"><p><a href=\"https:\/\/www.uutispeili.fi\/index.php\/2025\/05\/08\/eduskunnan-ymparistovaliokunta-puoltaa-merimetsojen-ja-valkoposkihanhien-metsastyksen-sallimista\/\">Eduskunnan ymp\u00e4rist\u00f6valiokunta puoltaa merimetsojen ja valkoposkihanhien mets\u00e4styksen sallimista<\/a><\/p><\/blockquote>\n<p><iframe class=\"wp-embedded-content\" sandbox=\"allow-scripts\" security=\"restricted\" style=\"position: absolute; clip: rect(1px, 1px, 1px, 1px);\" title=\"&#8221;Eduskunnan ymp\u00e4rist\u00f6valiokunta puoltaa merimetsojen ja valkoposkihanhien mets\u00e4styksen sallimista&#8221; &#8212; \" src=\"https:\/\/www.uutispeili.fi\/index.php\/2025\/05\/08\/eduskunnan-ymparistovaliokunta-puoltaa-merimetsojen-ja-valkoposkihanhien-metsastyksen-sallimista\/embed\/#?secret=TMkU45dSQP#?secret=JScs6syU2X\" data-secret=\"JScs6syU2X\" width=\"600\" height=\"338\" frameborder=\"0\" marginwidth=\"0\" marginheight=\"0\" scrolling=\"no\"><\/iframe><\/p>\n","protected":false},"excerpt":{"rendered":"<p>Maa- ja mets\u00e4talousvaliokunnan mietint\u00f6 hallituksen esityksest\u00e4 on valmistunut. Esityksen tavoitteena on luoda edellytyksi\u00e4 niin sanotun suurpetojen kannanhoidollisen mets\u00e4styksen mahdollistamiseksi. Eduskunnan Maa- ja mets\u00e4talousvaliokunta pit\u00e4\u00e4 esityst\u00e4 tarpeellisena ja tarkoituksenmukaisena, ja puoltaa lakiehdotuksen hyv\u00e4ksymist\u00e4 muuttamattomana. Mietint\u00f6 sis\u00e4lt\u00e4\u00e4 kaksi vastalausetta. Valiokunta on aikaisemmissa lausunnoissaan kattavasti k\u00e4sitellyt suurpetokantojen runsastumisen, ihmisarkuuden v\u00e4henemisen ja kannanhoidollisen mets\u00e4styksen estymisen vaikutuksia. Huoli suurpetokantojen kasvun [&hellip;]<\/p>\n","protected":false},"author":3,"featured_media":6297,"comment_status":"open","ping_status":"open","sticky":false,"template":"","format":"standard","meta":{"footnotes":""},"categories":[49,63],"tags":[],"_links":{"self":[{"href":"https:\/\/www.uutispeili.fi\/index.php\/wp-json\/wp\/v2\/posts\/6296"}],"collection":[{"href":"https:\/\/www.uutispeili.fi\/index.php\/wp-json\/wp\/v2\/posts"}],"about":[{"href":"https:\/\/www.uutispeili.fi\/index.php\/wp-json\/wp\/v2\/types\/post"}],"author":[{"embeddable":true,"href":"https:\/\/www.uutispeili.fi\/index.php\/wp-json\/wp\/v2\/users\/3"}],"replies":[{"embeddable":true,"href":"https:\/\/www.uutispeili.fi\/index.php\/wp-json\/wp\/v2\/comments?post=6296"}],"version-history":[{"count":2,"href":"https:\/\/www.uutispeili.fi\/index.php\/wp-json\/wp\/v2\/posts\/6296\/revisions"}],"predecessor-version":[{"id":6300,"href":"https:\/\/www.uutispeili.fi\/index.php\/wp-json\/wp\/v2\/posts\/6296\/revisions\/6300"}],"wp:featuredmedia":[{"embeddable":true,"href":"https:\/\/www.uutispeili.fi\/index.php\/wp-json\/wp\/v2\/media\/6297"}],"wp:attachment":[{"href":"https:\/\/www.uutispeili.fi\/index.php\/wp-json\/wp\/v2\/media?parent=6296"}],"wp:term":[{"taxonomy":"category","embeddable":true,"href":"https:\/\/www.uutispeili.fi\/index.php\/wp-json\/wp\/v2\/categories?post=6296"},{"taxonomy":"post_tag","embeddable":true,"href":"https:\/\/www.uutispeili.fi\/index.php\/wp-json\/wp\/v2\/tags?post=6296"}],"curies":[{"name":"wp","href":"https:\/\/api.w.org\/{rel}","templated":true}]}}