{"id":6146,"date":"2025-04-29T20:35:01","date_gmt":"2025-04-29T20:35:01","guid":{"rendered":"https:\/\/www.uutispeili.fi\/?p=6146"},"modified":"2025-04-29T20:35:01","modified_gmt":"2025-04-29T20:35:01","slug":"timo-vornanen-mediatiedote-29-4-2025","status":"publish","type":"post","link":"https:\/\/www.uutispeili.fi\/index.php\/2025\/04\/29\/timo-vornanen-mediatiedote-29-4-2025\/","title":{"rendered":"Timo Vornanen: Mediatiedote 29.4.2025"},"content":{"rendered":"<p>Valtionsyytt\u00e4j\u00e4 <strong>Tapio M\u00e4kinen<\/strong> on t\u00e4n\u00e4\u00e4n saanut syyteharkinnan valmiiksi rikosasiassa, jossa olen yhten\u00e4 osapuolena. Valtionsyytt\u00e4j\u00e4 M\u00e4kinen toteaa syytenimikkeet omassa tiedotteessaan.<\/p>\n<p>Kuten olen jo aikaisemmin todennut, tulen kiist\u00e4m\u00e4\u00e4n kaikki ravintolan sis\u00e4- ja ulkopuolella sattuneisiin tilanteisiin liittyv\u00e4t syytteet, koska olen toiminut tilanteissa h\u00e4t\u00e4varjelus\u00e4\u00e4nn\u00f6sten nojalla itse\u00e4ni suojatakseni.<\/p>\n<p>Tulevan k\u00e4r\u00e4j\u00e4oikeuden k\u00e4sittelyp\u00e4iv\u00e4n p\u00e4\u00e4tt\u00e4\u00e4 Helsingin k\u00e4r\u00e4j\u00e4oikeus, n\u00e4ill\u00e4 n\u00e4kymin se on aikaisintaan ensi syksyn\u00e4.<\/p>\n<p>Syytteen nostaminen perustuu syytt\u00e4j\u00e4n arvioon rikokseen syyllistymisen todenn\u00e4k\u00f6isyydest\u00e4.<br \/>\nTulevassa oikeudenk\u00e4ynniss\u00e4 k\u00e4yd\u00e4\u00e4n l\u00e4pi osapuolten todistelu ja muu asioihin liittyv\u00e4 n\u00e4ytt\u00f6. Tuomioistuin arvioi onko tapahtumissa jotain osapuolten syyllisyyden poistavia, tai sit\u00e4 lievent\u00e4vi\u00e4 asianhaaroja ja riitt\u00e4\u00e4k\u00f6 n\u00e4ytt\u00f6 tuomioon syytt\u00e4j\u00e4n esitt\u00e4m\u00e4st\u00e4 rikoksesta.<\/p>\n<p>Olen esitutkinnan ja syyteharkinnan aikana pit\u00e4nyt kiinni oikeuksistani valmistella puolustustani ja olen my\u00f6s puuttunut havaitsemiini ep\u00e4kohtiin esitutkinnassa.<\/p>\n<p>Huomionarvoista on se, ett\u00e4 nimikeet joissa minua ep\u00e4ill\u00e4\u00e4n pahoinpitelyst\u00e4 ja vastapuolta minun liev\u00e4st\u00e4 pahoinpitelyst\u00e4, eiv\u00e4t olisi tulleet selvitetty\u00e4 ja ollenkaan julki, ellen olisi pyyt\u00e4nyt n\u00e4iden asioiden lis\u00e4tutkintaa.<\/p>\n<p>Varsinaisessa ja alkuper\u00e4isess\u00e4 esitutkinnassa poliisi ei tutkinut n\u00e4it\u00e4 pahoinpitelyasioita ollenkaan.<br \/>\nT\u00e4m\u00e4n kyseisen pahoinpitely-nimikkeen kiist\u00e4n, koska katson toimineeni \u00e4killisess\u00e4 ja yll\u00e4tt\u00e4v\u00e4ss\u00e4 h\u00e4t\u00e4varjelutilanteessa fyysiselt\u00e4 v\u00e4kivallalta itse\u00e4ni suojatakseni.<\/p>\n<p>Tapahtumista on olemassa hyv\u00e4t valvontakameroiden tallenteet, joten uskon asioiden oikeuslaitoksessa selvi\u00e4v\u00e4n oikeudenmukaisella tavalla.<\/p>\n<p>Lopuksi totean, ett\u00e4 laillisen ja luvallisen taskuaseeni s\u00e4ilytt\u00e4minen PikkuParlamentin ty\u00f6huoneessani on ollut t\u00e4ysin Ampuma-aselain mukaista ja laillista. T\u00e4m\u00e4n on poliisikin n\u00e4in todennut olevan.<br \/>\nMinulla ei ole asiasta muuta tiedotettavaa.<\/p>\n<p>Hyv\u00e4\u00e4 Vapun odotusta.<\/p>\n<p>Timo Vornanen<\/p>\n<blockquote class=\"wp-embedded-content\" data-secret=\"0BMLxi4TQk\"><p><a href=\"https:\/\/www.uutispeili.fi\/index.php\/2024\/05\/08\/se-luoti-tiesi-paikkansa\/\">&#8221;Se luoti tiesi paikkansa!&#8221;<\/a><\/p><\/blockquote>\n<p><iframe class=\"wp-embedded-content\" sandbox=\"allow-scripts\" security=\"restricted\" style=\"position: absolute; clip: rect(1px, 1px, 1px, 1px);\" title=\"&#8221;&#8221;Se luoti tiesi paikkansa!&#8221;&#8221; &#8212; \" src=\"https:\/\/www.uutispeili.fi\/index.php\/2024\/05\/08\/se-luoti-tiesi-paikkansa\/embed\/#?secret=IvH7Xh9E7P#?secret=0BMLxi4TQk\" data-secret=\"0BMLxi4TQk\" width=\"600\" height=\"338\" frameborder=\"0\" marginwidth=\"0\" marginheight=\"0\" scrolling=\"no\"><\/iframe><\/p>\n","protected":false},"excerpt":{"rendered":"<p>Valtionsyytt\u00e4j\u00e4 Tapio M\u00e4kinen on t\u00e4n\u00e4\u00e4n saanut syyteharkinnan valmiiksi rikosasiassa, jossa olen yhten\u00e4 osapuolena. Valtionsyytt\u00e4j\u00e4 M\u00e4kinen toteaa syytenimikkeet omassa tiedotteessaan. Kuten olen jo aikaisemmin todennut, tulen kiist\u00e4m\u00e4\u00e4n kaikki ravintolan sis\u00e4- ja ulkopuolella sattuneisiin tilanteisiin liittyv\u00e4t syytteet, koska olen toiminut tilanteissa h\u00e4t\u00e4varjelus\u00e4\u00e4nn\u00f6sten nojalla itse\u00e4ni suojatakseni. Tulevan k\u00e4r\u00e4j\u00e4oikeuden k\u00e4sittelyp\u00e4iv\u00e4n p\u00e4\u00e4tt\u00e4\u00e4 Helsingin k\u00e4r\u00e4j\u00e4oikeus, n\u00e4ill\u00e4 n\u00e4kymin se on aikaisintaan ensi [&hellip;]<\/p>\n","protected":false},"author":3,"featured_media":1984,"comment_status":"open","ping_status":"open","sticky":false,"template":"","format":"standard","meta":{"footnotes":""},"categories":[43],"tags":[],"_links":{"self":[{"href":"https:\/\/www.uutispeili.fi\/index.php\/wp-json\/wp\/v2\/posts\/6146"}],"collection":[{"href":"https:\/\/www.uutispeili.fi\/index.php\/wp-json\/wp\/v2\/posts"}],"about":[{"href":"https:\/\/www.uutispeili.fi\/index.php\/wp-json\/wp\/v2\/types\/post"}],"author":[{"embeddable":true,"href":"https:\/\/www.uutispeili.fi\/index.php\/wp-json\/wp\/v2\/users\/3"}],"replies":[{"embeddable":true,"href":"https:\/\/www.uutispeili.fi\/index.php\/wp-json\/wp\/v2\/comments?post=6146"}],"version-history":[{"count":2,"href":"https:\/\/www.uutispeili.fi\/index.php\/wp-json\/wp\/v2\/posts\/6146\/revisions"}],"predecessor-version":[{"id":6149,"href":"https:\/\/www.uutispeili.fi\/index.php\/wp-json\/wp\/v2\/posts\/6146\/revisions\/6149"}],"wp:featuredmedia":[{"embeddable":true,"href":"https:\/\/www.uutispeili.fi\/index.php\/wp-json\/wp\/v2\/media\/1984"}],"wp:attachment":[{"href":"https:\/\/www.uutispeili.fi\/index.php\/wp-json\/wp\/v2\/media?parent=6146"}],"wp:term":[{"taxonomy":"category","embeddable":true,"href":"https:\/\/www.uutispeili.fi\/index.php\/wp-json\/wp\/v2\/categories?post=6146"},{"taxonomy":"post_tag","embeddable":true,"href":"https:\/\/www.uutispeili.fi\/index.php\/wp-json\/wp\/v2\/tags?post=6146"}],"curies":[{"name":"wp","href":"https:\/\/api.w.org\/{rel}","templated":true}]}}